{"id":24840,"date":"2025-05-12T13:00:00","date_gmt":"2025-05-12T16:00:00","guid":{"rendered":"https:\/\/sgvaimudar.com.br\/?p=24840"},"modified":"2025-05-12T09:49:50","modified_gmt":"2025-05-12T12:49:50","slug":"itaborai-192-anos-esquadrilha-da-fumaca-faz-apresentacao-historica-para-mais-de-20-mil-pessoas","status":"publish","type":"post","link":"https:\/\/sgvaimudar.com.br\/index.php\/2025\/05\/12\/itaborai-192-anos-esquadrilha-da-fumaca-faz-apresentacao-historica-para-mais-de-20-mil-pessoas\/","title":{"rendered":"Itabora\u00ed 192 anos: Esquadrilha da Fuma\u00e7a faz apresenta\u00e7\u00e3o hist\u00f3rica para mais de 20 mil pessoas"},"content":{"rendered":"\n<p><em>O evento marcou um dos pontos altos das comemora\u00e7\u00f5es pelos 192 anos de emancipa\u00e7\u00e3o pol\u00edtico-administrativa do munic\u00edpio<\/em><\/p>\n\n\n\n<p>O c\u00e9u de Itabora\u00ed foi tomado por emo\u00e7\u00e3o, orgulho e aplausos neste fim de semana (s\u00e1bado, 10\/05), durante a apresenta\u00e7\u00e3o da Esquadrilha da Fuma\u00e7a \u2014 o Esquadr\u00e3o de Demonstra\u00e7\u00e3o A\u00e9rea da For\u00e7a A\u00e9rea Brasileira (FAB) \u2014 que encantou mais de 20 mil pessoas na Avenida 22 de Maio, altura do bairro Outeiro das Pedras. <\/p>\n\n\n\n<p>A celebra\u00e7\u00e3o contou com a presen\u00e7a do prefeito Marcelo Delaroli, da primeira-dama P\u00e2mela Delaroli, do vice-prefeito Elber Corr\u00eaa, do deputado estadual Guilherme Delaroli, do presidente da C\u00e2mara, Jo\u00e3o Delaroli, do subprefeito de Itabora\u00ed, H\u00e9dio Mataruna, al\u00e9m de vereadores e secret\u00e1rios municipais.<\/p>\n\n\n\n<figure class=\"wp-block-image size-large\"><img fetchpriority=\"high\" decoding=\"async\" width=\"1024\" height=\"684\" src=\"https:\/\/sgvaimudar.com.br\/wp-content\/uploads\/2025\/05\/Itaborai-192-anos-Esquadrilha-da-Fumaca-faz-apresentacao-historica-para-mais-de-20-mil-pessoas-d-1024x684.jpeg\" alt=\"\" class=\"wp-image-24843\" srcset=\"https:\/\/sgvaimudar.com.br\/wp-content\/uploads\/2025\/05\/Itaborai-192-anos-Esquadrilha-da-Fumaca-faz-apresentacao-historica-para-mais-de-20-mil-pessoas-d-1024x684.jpeg 1024w, https:\/\/sgvaimudar.com.br\/wp-content\/uploads\/2025\/05\/Itaborai-192-anos-Esquadrilha-da-Fumaca-faz-apresentacao-historica-para-mais-de-20-mil-pessoas-d-300x200.jpeg 300w, https:\/\/sgvaimudar.com.br\/wp-content\/uploads\/2025\/05\/Itaborai-192-anos-Esquadrilha-da-Fumaca-faz-apresentacao-historica-para-mais-de-20-mil-pessoas-d-768x513.jpeg 768w, https:\/\/sgvaimudar.com.br\/wp-content\/uploads\/2025\/05\/Itaborai-192-anos-Esquadrilha-da-Fumaca-faz-apresentacao-historica-para-mais-de-20-mil-pessoas-d-1536x1025.jpeg 1536w, https:\/\/sgvaimudar.com.br\/wp-content\/uploads\/2025\/05\/Itaborai-192-anos-Esquadrilha-da-Fumaca-faz-apresentacao-historica-para-mais-de-20-mil-pessoas-d.jpeg 1600w\" sizes=\"(max-width: 1024px) 100vw, 1024px\" \/><\/figure>\n\n\n\n<p>\u201cMe deixa muito feliz ver o povo de Itabora\u00ed saindo de suas casas com suas fam\u00edlias para aproveitar esse evento que foi preparado com tanto carinho para comemorar o anivers\u00e1rio da nossa cidade. E vamos continuar trabalhando para trazer muito mais eventos como esse e muito mais alegria para o nosso povo\u201d, declarou o prefeito Marcelo Delaroli durante o evento.<\/p>\n\n\n\n<p>Com manobras ousadas, t\u00e9cnica apurada e sincronia impec\u00e1vel, os pilotos da FAB levaram o p\u00fablico ao del\u00edrio com suas acrobacias a\u00e9reas a bordo dos modernos A-29 Super Tucano, fabricados pela Embraer. A apresenta\u00e7\u00e3o refor\u00e7ou o lema do grupo \u2014 \u201cFuma\u00e7a, j\u00e1!\u201d \u2014 e emocionou moradores e visitantes, que lotaram a regi\u00e3o para prestigiar o espet\u00e1culo.<\/p>\n\n\n\n<p>\u201cN\u00e3o tem uma forma mais legal de comemorar o anivers\u00e1rio de 192 da cidade de Itabora\u00ed. Essa \u00e9 uma iniciativa in\u00e9dita e fant\u00e1stica da Prefeitura, porque esse \u00e9 um evento gratuito para pessoas de todas as idades. \u00c9 uma forma de reunir diferentes gera\u00e7\u00f5es em prol de ver a FAB em a\u00e7\u00e3o. A mensagem que queremos passar com essas demonstra\u00e7\u00f5es \u00e9 que a avia\u00e7\u00e3o \u00e9 um caminho poss\u00edvel!\u201d, declarou o Oficial da FAB, Capit\u00e3o Bezerra.<\/p>\n\n\n\n<p>Al\u00e9m do show a\u00e9reo, o evento contou com uma programa\u00e7\u00e3o diversificada e servi\u00e7os gratuitos oferecidos \u00e0 popula\u00e7\u00e3o. Equipes da Secretaria Municipal de Sa\u00fade estiveram presentes com postos de vacina\u00e7\u00e3o contra a gripe, aferi\u00e7\u00e3o de press\u00e3o arterial, orienta\u00e7\u00f5es sobre preven\u00e7\u00e3o de infec\u00e7\u00f5es sexualmente transmiss\u00edveis, distribui\u00e7\u00e3o de preservativos e conscientiza\u00e7\u00e3o sobre os servi\u00e7os de sa\u00fade dispon\u00edveis na cidade. A Secretaria Municipal de Fazenda e Tecnologia tamb\u00e9m marcou presen\u00e7a com um posto para esclarecimentos sobre o Imposto de Renda.<\/p>\n\n\n\n<p>As atividades come\u00e7aram \u00e0s 14h com atra\u00e7\u00f5es para toda a fam\u00edlia: apresenta\u00e7\u00e3o de bike do projeto Gera\u00e7\u00e3o Wheeling (GW), aula de funcional kids, fit dance, power hit, al\u00e9m de shows musicais no fim do dia com Bruninho do Cavaco, Kelly Valadares, Dedey e DJ MK.<\/p>\n\n\n\n<p>A estrutura do evento foi garantida por uma grande for\u00e7a-tarefa envolvendo as secretarias municipais de Turismo e Eventos (SEMTUR), Sa\u00fade (SEMSA), Esporte e Lazer (SEMEL), Comunica\u00e7\u00e3o (SEMCOM), Seguran\u00e7a (SEMSEG), Transporte (SEMTRANS), Desenvolvimento Social (SEMDS), al\u00e9m da Guarda Municipal, Defesa Civil, SAMU, Corpo de Bombeiros e o 35\u00ba Batalh\u00e3o da Pol\u00edcia Militar.<\/p>\n\n\n\n<p>\u201cEm nome da popula\u00e7\u00e3o de Itabora\u00ed, s\u00f3 tenho a agradecer. Foi a primeira vez que vi a apresenta\u00e7\u00e3o da Esquadrilha da Fuma\u00e7a, e a emo\u00e7\u00e3o foi imensa \u2014 estou arrepiada at\u00e9 agora. Agrade\u00e7o ao nosso prefeito por proporcionar esse momento t\u00e3o especial. Foi um verdadeiro presente para o povo de Itabora\u00ed, que estava precisando dessa alegria\u201d, contou Raquel dos Santos, guia tur\u00edstica de 47 anos e moradora do bairro Joaquim de Oliveira.<\/p>\n\n\n\n<p>A festa de 192 anos de Itabora\u00ed segue com mais atra\u00e7\u00f5es ao longo do m\u00eas. E neste s\u00e1bado, o que se viu foi mais do que avi\u00f5es no c\u00e9u: foi o brilho de uma cidade que segue vivendo a transforma\u00e7\u00e3o.<\/p>\n\n\n\n<p><strong><em>S\u00e3o Gon\u00e7alo vai mudar: Not\u00edcias de S\u00e3o Gon\u00e7alo e toda regi\u00e3o.<\/em><\/strong><\/p>\n","protected":false},"excerpt":{"rendered":"<p>O evento marcou um dos pontos altos das comemora\u00e7\u00f5es pelos 192 anos de emancipa\u00e7\u00e3o pol\u00edtico-administrativa do munic\u00edpio O c\u00e9u de&hellip;<\/p>\n","protected":false},"author":5,"featured_media":24842,"comment_status":"open","ping_status":"open","sticky":false,"template":"","format":"standard","meta":{"fifu_image_url":"","fifu_image_alt":"","footnotes":""},"categories":[6],"tags":[],"class_list":["post-24840","post","type-post","status-publish","format-standard","has-post-thumbnail","hentry","category-entretenimento"],"_links":{"self":[{"href":"https:\/\/sgvaimudar.com.br\/index.php\/wp-json\/wp\/v2\/posts\/24840","targetHints":{"allow":["GET"]}}],"collection":[{"href":"https:\/\/sgvaimudar.com.br\/index.php\/wp-json\/wp\/v2\/posts"}],"about":[{"href":"https:\/\/sgvaimudar.com.br\/index.php\/wp-json\/wp\/v2\/types\/post"}],"author":[{"embeddable":true,"href":"https:\/\/sgvaimudar.com.br\/index.php\/wp-json\/wp\/v2\/users\/5"}],"replies":[{"embeddable":true,"href":"https:\/\/sgvaimudar.com.br\/index.php\/wp-json\/wp\/v2\/comments?post=24840"}],"version-history":[{"count":2,"href":"https:\/\/sgvaimudar.com.br\/index.php\/wp-json\/wp\/v2\/posts\/24840\/revisions"}],"predecessor-version":[{"id":24844,"href":"https:\/\/sgvaimudar.com.br\/index.php\/wp-json\/wp\/v2\/posts\/24840\/revisions\/24844"}],"wp:featuredmedia":[{"embeddable":true,"href":"https:\/\/sgvaimudar.com.br\/index.php\/wp-json\/wp\/v2\/media\/24842"}],"wp:attachment":[{"href":"https:\/\/sgvaimudar.com.br\/index.php\/wp-json\/wp\/v2\/media?parent=24840"}],"wp:term":[{"taxonomy":"category","embeddable":true,"href":"https:\/\/sgvaimudar.com.br\/index.php\/wp-json\/wp\/v2\/categories?post=24840"},{"taxonomy":"post_tag","embeddable":true,"href":"https:\/\/sgvaimudar.com.br\/index.php\/wp-json\/wp\/v2\/tags?post=24840"}],"curies":[{"name":"wp","href":"https:\/\/api.w.org\/{rel}","templated":true}]}}