{"id":24838,"date":"2025-05-12T09:59:00","date_gmt":"2025-05-12T12:59:00","guid":{"rendered":"https:\/\/sgvaimudar.com.br\/?p=24838"},"modified":"2025-05-12T09:39:28","modified_gmt":"2025-05-12T12:39:28","slug":"pastor-de-60-anos-e-preso-por-estuprar-e-engravidar-adolescente-com-deficiencia","status":"publish","type":"post","link":"https:\/\/sgvaimudar.com.br\/index.php\/2025\/05\/12\/pastor-de-60-anos-e-preso-por-estuprar-e-engravidar-adolescente-com-deficiencia\/","title":{"rendered":"Pastor de 60 anos \u00e9 preso por estuprar e engravidar adolescente com defici\u00eancia"},"content":{"rendered":"\n<p><em>Suspeito abusava da v\u00edtima durante viagens religiosas e fugiu ap\u00f3s ser denunciado<\/em><\/p>\n\n\n\n<p>Um\u00a0pastor evang\u00e9lico de 60 anos\u00a0foi preso neste s\u00e1bado (10) no bairro do Pau\u00a0Mi\u00fado, em Salvador, ap\u00f3s ser acusado de estuprar uma adolescente com\u00a0defici\u00eancia intelectual\u00a0em Santo Ant\u00f4nio de Jesus, no interior da Bahia. <\/p>\n\n\n\n<p>A jovem, que est\u00e1 gr\u00e1vida de quatro meses, era acompanhada pelo homem em viagens mission\u00e1rias ao munic\u00edpio de Valen\u00e7a, onde os abusos ocorreram. As informa\u00e7\u00f5es s\u00e3o do\u00a0<em>Correio 24 horas<\/em>.<\/p>\n\n\n\n<p>A\u00a0Pol\u00edcia Civil informou que o crime foi descoberto pela fam\u00edlia da v\u00edtima ao notar mudan\u00e7as f\u00edsicas e confirmar a gravidez. O caso foi imediatamente denunciado \u00e0 Delegacia do N\u00facleo de Atendimento \u00e0 Mulher (NEAM) de Santo Ant\u00f4nio de Jesus, que emitiu o mandado de pris\u00e3o preventiva por meio da Vara Criminal da cidade.<\/p>\n\n\n\n<p>Ap\u00f3s ser interrogado, o acusado fugiu da cidade, tentando evitar a pris\u00e3o. No entanto, gra\u00e7as a uma a\u00e7\u00e3o conjunta entre a NEAM de Santo Ant\u00f4nio de Jesus e a Delegacia Especial de Atendimento \u00e0 Mulher da\u00a0Casa da Mulher Brasileira\u00a0(Deam\/CMB), o suspeito foi localizado em Salvador, onde teve o mandado cumprido.<\/p>\n\n\n\n<p><strong><em>Fa\u00e7a sua den\u00fancia pelo nosso WhatsApp: (21) <\/em><\/strong><strong><em>99744 5345<\/em><\/strong><strong><em><\/em><\/strong><\/p>\n\n\n\n<p><strong><em>S\u00e3o Gon\u00e7alo vai mudar: Not\u00edcias de S\u00e3o Gon\u00e7alo e toda regi\u00e3o.<\/em><\/strong><\/p>\n\n\n\n<figure class=\"wp-block-image size-large\"><img fetchpriority=\"high\" decoding=\"async\" width=\"1024\" height=\"252\" src=\"https:\/\/sgvaimudar.com.br\/wp-content\/uploads\/2025\/03\/Anuncie-Aqui-Sao-Goncalo-vai-mudar-1024x252.jpg\" alt=\"\" class=\"wp-image-22693\" srcset=\"https:\/\/sgvaimudar.com.br\/wp-content\/uploads\/2025\/03\/Anuncie-Aqui-Sao-Goncalo-vai-mudar-1024x252.jpg 1024w, https:\/\/sgvaimudar.com.br\/wp-content\/uploads\/2025\/03\/Anuncie-Aqui-Sao-Goncalo-vai-mudar-300x74.jpg 300w, https:\/\/sgvaimudar.com.br\/wp-content\/uploads\/2025\/03\/Anuncie-Aqui-Sao-Goncalo-vai-mudar-768x189.jpg 768w, https:\/\/sgvaimudar.com.br\/wp-content\/uploads\/2025\/03\/Anuncie-Aqui-Sao-Goncalo-vai-mudar-1536x378.jpg 1536w, https:\/\/sgvaimudar.com.br\/wp-content\/uploads\/2025\/03\/Anuncie-Aqui-Sao-Goncalo-vai-mudar-2048x504.jpg 2048w\" sizes=\"(max-width: 1024px) 100vw, 1024px\" \/><\/figure>\n","protected":false},"excerpt":{"rendered":"<p>Suspeito abusava da v\u00edtima durante viagens religiosas e fugiu ap\u00f3s ser denunciado Um\u00a0pastor evang\u00e9lico de 60 anos\u00a0foi preso neste s\u00e1bado&hellip;<\/p>\n","protected":false},"author":5,"featured_media":12387,"comment_status":"open","ping_status":"open","sticky":false,"template":"","format":"standard","meta":{"fifu_image_url":"","fifu_image_alt":"","footnotes":""},"categories":[32],"tags":[],"class_list":["post-24838","post","type-post","status-publish","format-standard","has-post-thumbnail","hentry","category-casos-de-policia"],"_links":{"self":[{"href":"https:\/\/sgvaimudar.com.br\/index.php\/wp-json\/wp\/v2\/posts\/24838","targetHints":{"allow":["GET"]}}],"collection":[{"href":"https:\/\/sgvaimudar.com.br\/index.php\/wp-json\/wp\/v2\/posts"}],"about":[{"href":"https:\/\/sgvaimudar.com.br\/index.php\/wp-json\/wp\/v2\/types\/post"}],"author":[{"embeddable":true,"href":"https:\/\/sgvaimudar.com.br\/index.php\/wp-json\/wp\/v2\/users\/5"}],"replies":[{"embeddable":true,"href":"https:\/\/sgvaimudar.com.br\/index.php\/wp-json\/wp\/v2\/comments?post=24838"}],"version-history":[{"count":1,"href":"https:\/\/sgvaimudar.com.br\/index.php\/wp-json\/wp\/v2\/posts\/24838\/revisions"}],"predecessor-version":[{"id":24839,"href":"https:\/\/sgvaimudar.com.br\/index.php\/wp-json\/wp\/v2\/posts\/24838\/revisions\/24839"}],"wp:featuredmedia":[{"embeddable":true,"href":"https:\/\/sgvaimudar.com.br\/index.php\/wp-json\/wp\/v2\/media\/12387"}],"wp:attachment":[{"href":"https:\/\/sgvaimudar.com.br\/index.php\/wp-json\/wp\/v2\/media?parent=24838"}],"wp:term":[{"taxonomy":"category","embeddable":true,"href":"https:\/\/sgvaimudar.com.br\/index.php\/wp-json\/wp\/v2\/categories?post=24838"},{"taxonomy":"post_tag","embeddable":true,"href":"https:\/\/sgvaimudar.com.br\/index.php\/wp-json\/wp\/v2\/tags?post=24838"}],"curies":[{"name":"wp","href":"https:\/\/api.w.org\/{rel}","templated":true}]}}