{"id":24834,"date":"2025-05-12T11:00:00","date_gmt":"2025-05-12T14:00:00","guid":{"rendered":"https:\/\/sgvaimudar.com.br\/?p=24834"},"modified":"2025-05-12T09:33:22","modified_gmt":"2025-05-12T12:33:22","slug":"mais-de-13-milhao-de-doses-de-vacina-foram-distribuidas-para-dia-d-contra-gripe","status":"publish","type":"post","link":"https:\/\/sgvaimudar.com.br\/index.php\/2025\/05\/12\/mais-de-13-milhao-de-doses-de-vacina-foram-distribuidas-para-dia-d-contra-gripe\/","title":{"rendered":"Mais de 1,3 milh\u00e3o de doses de vacina foram distribu\u00eddas para Dia D contra gripe"},"content":{"rendered":"\n<p><em>Quantitativo foi liberado pela Secretaria de Estado de Sa\u00fade (SES-RJ) aos 92 munic\u00edpios fluminenses para refor\u00e7ar a vacina\u00e7\u00e3o no s\u00e1bado de mobiliza\u00e7\u00e3o nacional<\/em><\/p>\n\n\n\n<p>O Dia D de vacina\u00e7\u00e3o contra a gripe no Estado do Rio de Janeiro, que ocorreu s\u00e1bado (10\/05), contou com mais de 1,3 milh\u00e3o de doses de vacina contra a influenza, distribu\u00eddas pela Secretaria de Estado de Sa\u00fade (SES-RJ) para os 92 munic\u00edpios fluminenses. <\/p>\n\n\n\n<p>O quantitativo de doses foi liberado pela SES-RJ no dia 6 de maio, para que as prefeituras pudessem organizar e refor\u00e7ar a\u00e7\u00f5es de imuniza\u00e7\u00e3o em suas cidades. O objetivo da estrat\u00e9gia nacional de mobiliza\u00e7\u00e3o contra a gripe foi chamar aten\u00e7\u00e3o para a import\u00e2ncia dos grupos priorit\u00e1rios se protegerem antes do come\u00e7o do inverno, per\u00edodo de maior circula\u00e7\u00e3o de v\u00edrus respirat\u00f3rios.\u00a0<\/p>\n\n\n\n<figure class=\"wp-block-image size-large\"><img fetchpriority=\"high\" decoding=\"async\" width=\"1024\" height=\"683\" src=\"https:\/\/sgvaimudar.com.br\/wp-content\/uploads\/2025\/05\/covid19-distribuicao-vacina-CGA-dia-13-31-1024x683.jpg\" alt=\"\" class=\"wp-image-24835\" srcset=\"https:\/\/sgvaimudar.com.br\/wp-content\/uploads\/2025\/05\/covid19-distribuicao-vacina-CGA-dia-13-31-1024x683.jpg 1024w, https:\/\/sgvaimudar.com.br\/wp-content\/uploads\/2025\/05\/covid19-distribuicao-vacina-CGA-dia-13-31-300x200.jpg 300w, https:\/\/sgvaimudar.com.br\/wp-content\/uploads\/2025\/05\/covid19-distribuicao-vacina-CGA-dia-13-31-768x512.jpg 768w, https:\/\/sgvaimudar.com.br\/wp-content\/uploads\/2025\/05\/covid19-distribuicao-vacina-CGA-dia-13-31-1536x1024.jpg 1536w, https:\/\/sgvaimudar.com.br\/wp-content\/uploads\/2025\/05\/covid19-distribuicao-vacina-CGA-dia-13-31-2048x1365.jpg 2048w\" sizes=\"(max-width: 1024px) 100vw, 1024px\" \/><\/figure>\n\n\n\n<p>\u2013 A vacina\u00e7\u00e3o contra a gripe \u00e9 de extrema import\u00e2ncia para evitar o agravamento de doen\u00e7as respirat\u00f3rias, sobrecarregando as unidades de sa\u00fade. Ela pode reduzir em at\u00e9 60% os casos mais graves e \u00f3bitos. No Estado do Rio temos uma campanha permanente de retomada da vacina\u00e7\u00e3o que \u00e9 a \u201cVai de vacina, n\u00e3o vacila\u201d, onde mostramos que os imunizantes salvam vidas e n\u00e3o podem ser deixados de lado \u2013 alerta a secret\u00e1ria de Estado de Sa\u00fade, Dra. Claudia Mello.&nbsp;<\/p>\n\n\n\n<p>No Estado do Rio de Janeiro, a estrat\u00e9gia de imuniza\u00e7\u00e3o contra a Influenza foi antecipada para o dia 2 de abril. A SES-RJ disponibilizou as primeiras doses aos 92 munic\u00edpios fluminenses no dia 27 de mar\u00e7o. Desde o in\u00edcio da mobiliza\u00e7\u00e3o pela vacina\u00e7\u00e3o contra gripe, a secretaria distribuiu mais de 3,5 milh\u00f5es de doses para todo o estado. A meta \u00e9 vacinar mais de 7 milh\u00f5es de pessoas. At\u00e9 o dia 5 de maio, 635.445 pessoas foram vacinadas contra a gripe em todo o estado, o que corresponde a 8,9% do p\u00fablico-alvo.<\/p>\n\n\n\n<p>A vacina protege contra os v\u00edrus influenza A (H1N1 e H3N2) e B. O p\u00fablico priorit\u00e1rio da estrat\u00e9gia incluiu gestantes, crian\u00e7as com idade entre 6 meses e menores de 6 anos de idade, pessoas com mais 60 anos de idade, mulheres com at\u00e9 45 dias ap\u00f3s o parto, profissionais de sa\u00fade, de for\u00e7as de seguran\u00e7a e resgate, professores, portadores de doen\u00e7as cr\u00f4nicas, al\u00e9m de ind\u00edgenas e quilombolas. A meta do Minist\u00e9rio da Sa\u00fade \u00e9 conseguir vacinar 90% do p\u00fablico-alvo, ou seja, mais de 81,6 milh\u00f5es de pessoas dos grupos priorit\u00e1rios.<\/p>\n\n\n\n<p><strong>Quem pode se vacinar contra a gripe?<br><\/strong><\/p>\n\n\n\n<p>A imuniza\u00e7\u00e3o \u00e9 gratuita e est\u00e1 dispon\u00edvel nas Unidades B\u00e1sicas de Sa\u00fade (UBS) de todo o pa\u00eds. A vacina\u00e7\u00e3o \u00e9 recomendada para mais de 20 grupos priorit\u00e1rios, com foco especial em:<\/p>\n\n\n\n<p>\u2022 Crian\u00e7as de 6 meses a menores de 6 anos<\/p>\n\n\n\n<p>\u2022 Gestantes e pu\u00e9rperas<\/p>\n\n\n\n<p>\u2022 Idosos com 60 anos ou mais<\/p>\n\n\n\n<p>\u2022 Trabalhadores da sa\u00fade e professores das escolas p\u00fablicas e privadas<\/p>\n\n\n\n<p>\u2022 Trabalhadores dos Correios<\/p>\n\n\n\n<p>\u2022 Trabalhadores Portu\u00e1rios<\/p>\n\n\n\n<p>\u2022 Povos ind\u00edgenas e quilombolas<\/p>\n\n\n\n<p>\u2022 Pessoas com comorbidades, outras condi\u00e7\u00f5es especiais e defici\u00eancia permanente<\/p>\n\n\n\n<p>\u2022 Caminhoneiros e trabalhadores do transporte coletivo<\/p>\n\n\n\n<p>\u2022 Profissionais das For\u00e7as Armadas, seguran\u00e7a e salvamento<\/p>\n\n\n\n<p>\u2022 Pessoas em situa\u00e7\u00e3o de rua<\/p>\n\n\n\n<p>\u2022 Popula\u00e7\u00e3o privada de liberdade e adolescentes e jovens em medida socioeducativa e Funcion\u00e1rios do Sistemas Prisional.<\/p>\n\n\n\n<p><strong><em>S\u00e3o Gon\u00e7alo vai mudar: Not\u00edcias de S\u00e3o Gon\u00e7alo e toda regi\u00e3o.<\/em><\/strong><\/p>\n\n\n\n<figure class=\"wp-block-image size-large\"><img decoding=\"async\" width=\"1024\" height=\"252\" src=\"https:\/\/sgvaimudar.com.br\/wp-content\/uploads\/2025\/03\/Anuncie-Aqui-Sao-Goncalo-vai-mudar-1024x252.jpg\" alt=\"\" class=\"wp-image-22693\" srcset=\"https:\/\/sgvaimudar.com.br\/wp-content\/uploads\/2025\/03\/Anuncie-Aqui-Sao-Goncalo-vai-mudar-1024x252.jpg 1024w, https:\/\/sgvaimudar.com.br\/wp-content\/uploads\/2025\/03\/Anuncie-Aqui-Sao-Goncalo-vai-mudar-300x74.jpg 300w, https:\/\/sgvaimudar.com.br\/wp-content\/uploads\/2025\/03\/Anuncie-Aqui-Sao-Goncalo-vai-mudar-768x189.jpg 768w, https:\/\/sgvaimudar.com.br\/wp-content\/uploads\/2025\/03\/Anuncie-Aqui-Sao-Goncalo-vai-mudar-1536x378.jpg 1536w, https:\/\/sgvaimudar.com.br\/wp-content\/uploads\/2025\/03\/Anuncie-Aqui-Sao-Goncalo-vai-mudar-2048x504.jpg 2048w\" sizes=\"(max-width: 1024px) 100vw, 1024px\" \/><\/figure>\n","protected":false},"excerpt":{"rendered":"<p>Quantitativo foi liberado pela Secretaria de Estado de Sa\u00fade (SES-RJ) aos 92 munic\u00edpios fluminenses para refor\u00e7ar a vacina\u00e7\u00e3o no s\u00e1bado&hellip;<\/p>\n","protected":false},"author":5,"featured_media":24836,"comment_status":"open","ping_status":"open","sticky":false,"template":"","format":"standard","meta":{"fifu_image_url":"","fifu_image_alt":"","footnotes":""},"categories":[7],"tags":[],"class_list":["post-24834","post","type-post","status-publish","format-standard","has-post-thumbnail","hentry","category-saude"],"_links":{"self":[{"href":"https:\/\/sgvaimudar.com.br\/index.php\/wp-json\/wp\/v2\/posts\/24834","targetHints":{"allow":["GET"]}}],"collection":[{"href":"https:\/\/sgvaimudar.com.br\/index.php\/wp-json\/wp\/v2\/posts"}],"about":[{"href":"https:\/\/sgvaimudar.com.br\/index.php\/wp-json\/wp\/v2\/types\/post"}],"author":[{"embeddable":true,"href":"https:\/\/sgvaimudar.com.br\/index.php\/wp-json\/wp\/v2\/users\/5"}],"replies":[{"embeddable":true,"href":"https:\/\/sgvaimudar.com.br\/index.php\/wp-json\/wp\/v2\/comments?post=24834"}],"version-history":[{"count":1,"href":"https:\/\/sgvaimudar.com.br\/index.php\/wp-json\/wp\/v2\/posts\/24834\/revisions"}],"predecessor-version":[{"id":24837,"href":"https:\/\/sgvaimudar.com.br\/index.php\/wp-json\/wp\/v2\/posts\/24834\/revisions\/24837"}],"wp:featuredmedia":[{"embeddable":true,"href":"https:\/\/sgvaimudar.com.br\/index.php\/wp-json\/wp\/v2\/media\/24836"}],"wp:attachment":[{"href":"https:\/\/sgvaimudar.com.br\/index.php\/wp-json\/wp\/v2\/media?parent=24834"}],"wp:term":[{"taxonomy":"category","embeddable":true,"href":"https:\/\/sgvaimudar.com.br\/index.php\/wp-json\/wp\/v2\/categories?post=24834"},{"taxonomy":"post_tag","embeddable":true,"href":"https:\/\/sgvaimudar.com.br\/index.php\/wp-json\/wp\/v2\/tags?post=24834"}],"curies":[{"name":"wp","href":"https:\/\/api.w.org\/{rel}","templated":true}]}}