{"id":24821,"date":"2025-05-12T07:43:47","date_gmt":"2025-05-12T10:43:47","guid":{"rendered":"https:\/\/sgvaimudar.com.br\/?p=24821"},"modified":"2025-05-12T07:45:46","modified_gmt":"2025-05-12T10:45:46","slug":"prefeitura-abre-inscricoes-para-capacitacao-em-educacao-ambiental","status":"publish","type":"post","link":"https:\/\/sgvaimudar.com.br\/index.php\/2025\/05\/12\/prefeitura-abre-inscricoes-para-capacitacao-em-educacao-ambiental\/","title":{"rendered":"Prefeitura abre inscri\u00e7\u00f5es para capacita\u00e7\u00e3o em Educa\u00e7\u00e3o Ambiental"},"content":{"rendered":"\n<p><em>O curso, que ser\u00e1 realizado no Teatro Municipal de S\u00e3o Gon\u00e7alo, \u00e9 direcionado aos docentes da rede municipal de ensino e \u00e0 comunidade acad\u00eamica em geral<\/em><\/p>\n\n\n\n<p>A Secretaria de Meio Ambiente da Prefeitura de S\u00e3o Gon\u00e7alo, em parceria com a Secretaria de Educa\u00e7\u00e3o, abriu nesta segunda-feira (12) as inscri\u00e7\u00f5es para o Curso de Capacita\u00e7\u00e3o em Educa\u00e7\u00e3o Ambiental, voltado aos professores da Educa\u00e7\u00e3o Infantil e dos Ensinos Fundamental I e II da rede p\u00fablica municipal, al\u00e9m da comunidade acad\u00eamica. <\/p>\n\n\n\n<p>Com realiza\u00e7\u00e3o marcada para o dia 30 de maio, no Teatro Municipal de S\u00e3o Gon\u00e7alo, o curso acontecer\u00e1 em dois turnos (manh\u00e3 e tarde) e ter\u00e1 carga hor\u00e1ria de 4 horas. A programa\u00e7\u00e3o ser\u00e1 composta por palestras tem\u00e1ticas ministradas por especialistas da Secretaria de Meio Ambiente e Transportes. <\/p>\n\n\n\n<figure class=\"wp-block-image size-large\"><img fetchpriority=\"high\" decoding=\"async\" width=\"819\" height=\"1024\" src=\"https:\/\/sgvaimudar.com.br\/wp-content\/uploads\/2025\/05\/unnamed-22-819x1024.jpg\" alt=\"\" class=\"wp-image-24822\" srcset=\"https:\/\/sgvaimudar.com.br\/wp-content\/uploads\/2025\/05\/unnamed-22-819x1024.jpg 819w, https:\/\/sgvaimudar.com.br\/wp-content\/uploads\/2025\/05\/unnamed-22-240x300.jpg 240w, https:\/\/sgvaimudar.com.br\/wp-content\/uploads\/2025\/05\/unnamed-22-768x960.jpg 768w, https:\/\/sgvaimudar.com.br\/wp-content\/uploads\/2025\/05\/unnamed-22.jpg 1081w\" sizes=\"(max-width: 819px) 100vw, 819px\" \/><\/figure>\n\n\n\n<p>O objetivo da iniciativa \u00e9 qualificar os docentes para atuarem como multiplicadores da consci\u00eancia ambiental nas escolas, contribuindo para a forma\u00e7\u00e3o de uma gera\u00e7\u00e3o mais comprometida com a sustentabilidade e os desafios ambientais contempor\u00e2neos.<\/p>\n\n\n\n<p>De acordo com o secret\u00e1rio municipal de Meio Ambiente e Transportes, Fabio Lemos, a capacita\u00e7\u00e3o representa um passo importante na articula\u00e7\u00e3o entre educa\u00e7\u00e3o e sustentabilidade.<\/p>\n\n\n\n<p>&#8220;A forma\u00e7\u00e3o dos professores \u00e9 fundamental para garantir que as quest\u00f5es ambientais sejam abordadas de forma eficaz e contextualizada nas salas de aula. O curso \u00e9 uma oportunidade de fortalecer o compromisso do munic\u00edpio com a constru\u00e7\u00e3o de uma sociedade mais consciente e respons\u00e1vel com o meio ambiente&#8221;, destacou o secret\u00e1rio.<\/p>\n\n\n\n<p>A iniciativa est\u00e1 alinhada \u00e0 Lei n\u00ba 1.145\/2020, que institui o Sistema Municipal de Educa\u00e7\u00e3o Ambiental, refor\u00e7ando a import\u00e2ncia da forma\u00e7\u00e3o continuada dos educadores diante da atual crise clim\u00e1tica e da necessidade de a\u00e7\u00f5es locais de preserva\u00e7\u00e3o, al\u00e9m de integrar o Programa Municipal de Educa\u00e7\u00e3o Ambiental (ProMEA S\u00e3o Gon\u00e7alo), em conformidade com a Resolu\u00e7\u00e3o Conjunta SEAS\/INEA N\u00ba 039\/2021.<\/p>\n\n\n\n<p>As inscri\u00e7\u00f5es est\u00e3o abertas entre os dias 12 e 26 de maio e devem ser realizadas pelo link:&nbsp;<a href=\"https:\/\/click.cse360.com.br\/Click\/AddCampaignEmailClick\/95526fc3-2af0-4a8f-4017-08dd8bfbecbb\/https%253a%252f%252fbit.ly%252fCursoEducacaoAmbientalSG\/ac66966e-2b55-4484-fb2c-08dc491eed5f\/jornalistaws@gmail.com\/False\" rel=\"noreferrer noopener\" target=\"_blank\">https:\/\/bit.ly\/CursoEducacaoAmbientalSG<\/a>.<\/p>\n\n\n\n<p><strong>Curso de Capacita\u00e7\u00e3o em Educa\u00e7\u00e3o Ambiental<\/strong><\/p>\n\n\n\n<p>Dia: 30 de maio de 2025<\/p>\n\n\n\n<p>Local: Teatro Municipal de S\u00e3o Gon\u00e7alo (Rua Dr. Feliciano Sodr\u00e9, 100, Centro &#8211; S\u00e3o<\/p>\n\n\n\n<p>Gon\u00e7alo\/RJ)<\/p>\n\n\n\n<p>Hor\u00e1rio: 8h \u00e0s 16h30 (turnos manh\u00e3 e tarde)<\/p>\n\n\n\n<p>Programa\u00e7\u00e3o<\/p>\n\n\n\n<p>Turno da manh\u00e3<\/p>\n\n\n\n<p>8:00 \u2013 8:30 Credenciamento<\/p>\n\n\n\n<p>8:30 \u2013 8:45 Abertura Oficial do evento<\/p>\n\n\n\n<p>8:45 \u2013 9:00 Apresenta\u00e7\u00e3o da E.E. Municipalizada Itaitindiba<\/p>\n\n\n\n<p>9:00 \u2013 9:30 Palestra: O papel da Educa\u00e7\u00e3o Ambiental (EA) nas escolas: fomento \u00e0 cidadania<\/p>\n\n\n\n<p>9:30 \u2013 10:00 Palestra: Gest\u00e3o de \u00e1reas verdes e Unidades de Conserva\u00e7\u00e3o (UC\u2019s)<\/p>\n\n\n\n<p>10:00 \u2013 10:30 Palestra: Biodiversidade local: pr\u00e1ticas interdisciplinares<\/p>\n\n\n\n<p>10:30 \u2013 11:00 Palestra: Polui\u00e7\u00e3o e degrada\u00e7\u00e3o ambiental<\/p>\n\n\n\n<p>11:00 \u2013 11:30 Palestra: Meio Ambiente e bem-estar<\/p>\n\n\n\n<p>11:30 \u2013 12:00 Encerramento\/ Entrega dos certificados<\/p>\n\n\n\n<p>Turno da tarde<\/p>\n\n\n\n<p>13:00 \u2013 13:15 Credenciamento<\/p>\n\n\n\n<p>13:15 \u2013 13:45 Palestra: O papel da Educa\u00e7\u00e3o Ambiental (EA) nas escolas: fomento \u00e0 cidadania<\/p>\n\n\n\n<p>13:45 \u2013 14:15 Palestra: Gest\u00e3o de \u00e1reas verdes e Unidades de Conserva\u00e7\u00e3o (UC\u2019s)<\/p>\n\n\n\n<p>14:15 \u2013 14:45 Palestra: Biodiversidade local: pr\u00e1ticas interdisciplinares<\/p>\n\n\n\n<p>14:45 \u2013 15:15 Palestra: Polui\u00e7\u00e3o e degrada\u00e7\u00e3o ambiental<\/p>\n\n\n\n<p>15:15 \u2013 15:45 Palestra: Meio Ambiente e bem-estar<\/p>\n\n\n\n<p>15:45 \u2013 16:15 Palestra: A import\u00e2ncia do ensino transversal: meio ambiente e transportes<\/p>\n\n\n\n<p>16:15 \u2013 16:30 Encerramento\/ Entrega dos certificados.<\/p>\n\n\n\n<p><strong><em>S\u00e3o Gon\u00e7alo vai mudar: Not\u00edcias de S\u00e3o Gon\u00e7alo e toda regi\u00e3o.<\/em><\/strong><\/p>\n\n\n\n<figure class=\"wp-block-image size-large\"><img decoding=\"async\" width=\"1024\" height=\"252\" src=\"https:\/\/sgvaimudar.com.br\/wp-content\/uploads\/2025\/03\/Anuncie-Aqui-Sao-Goncalo-vai-mudar-1024x252.jpg\" alt=\"\" class=\"wp-image-22693\" srcset=\"https:\/\/sgvaimudar.com.br\/wp-content\/uploads\/2025\/03\/Anuncie-Aqui-Sao-Goncalo-vai-mudar-1024x252.jpg 1024w, https:\/\/sgvaimudar.com.br\/wp-content\/uploads\/2025\/03\/Anuncie-Aqui-Sao-Goncalo-vai-mudar-300x74.jpg 300w, https:\/\/sgvaimudar.com.br\/wp-content\/uploads\/2025\/03\/Anuncie-Aqui-Sao-Goncalo-vai-mudar-768x189.jpg 768w, https:\/\/sgvaimudar.com.br\/wp-content\/uploads\/2025\/03\/Anuncie-Aqui-Sao-Goncalo-vai-mudar-1536x378.jpg 1536w, https:\/\/sgvaimudar.com.br\/wp-content\/uploads\/2025\/03\/Anuncie-Aqui-Sao-Goncalo-vai-mudar-2048x504.jpg 2048w\" sizes=\"(max-width: 1024px) 100vw, 1024px\" \/><\/figure>\n","protected":false},"excerpt":{"rendered":"<p>O curso, que ser\u00e1 realizado no Teatro Municipal de S\u00e3o Gon\u00e7alo, \u00e9 direcionado aos docentes da rede municipal de ensino&hellip;<\/p>\n","protected":false},"author":5,"featured_media":24824,"comment_status":"open","ping_status":"open","sticky":false,"template":"","format":"standard","meta":{"fifu_image_url":"","fifu_image_alt":"","footnotes":""},"categories":[3],"tags":[],"class_list":["post-24821","post","type-post","status-publish","format-standard","has-post-thumbnail","hentry","category-sao-goncalo"],"_links":{"self":[{"href":"https:\/\/sgvaimudar.com.br\/index.php\/wp-json\/wp\/v2\/posts\/24821","targetHints":{"allow":["GET"]}}],"collection":[{"href":"https:\/\/sgvaimudar.com.br\/index.php\/wp-json\/wp\/v2\/posts"}],"about":[{"href":"https:\/\/sgvaimudar.com.br\/index.php\/wp-json\/wp\/v2\/types\/post"}],"author":[{"embeddable":true,"href":"https:\/\/sgvaimudar.com.br\/index.php\/wp-json\/wp\/v2\/users\/5"}],"replies":[{"embeddable":true,"href":"https:\/\/sgvaimudar.com.br\/index.php\/wp-json\/wp\/v2\/comments?post=24821"}],"version-history":[{"count":1,"href":"https:\/\/sgvaimudar.com.br\/index.php\/wp-json\/wp\/v2\/posts\/24821\/revisions"}],"predecessor-version":[{"id":24823,"href":"https:\/\/sgvaimudar.com.br\/index.php\/wp-json\/wp\/v2\/posts\/24821\/revisions\/24823"}],"wp:featuredmedia":[{"embeddable":true,"href":"https:\/\/sgvaimudar.com.br\/index.php\/wp-json\/wp\/v2\/media\/24824"}],"wp:attachment":[{"href":"https:\/\/sgvaimudar.com.br\/index.php\/wp-json\/wp\/v2\/media?parent=24821"}],"wp:term":[{"taxonomy":"category","embeddable":true,"href":"https:\/\/sgvaimudar.com.br\/index.php\/wp-json\/wp\/v2\/categories?post=24821"},{"taxonomy":"post_tag","embeddable":true,"href":"https:\/\/sgvaimudar.com.br\/index.php\/wp-json\/wp\/v2\/tags?post=24821"}],"curies":[{"name":"wp","href":"https:\/\/api.w.org\/{rel}","templated":true}]}}