{"id":24787,"date":"2025-05-10T14:00:00","date_gmt":"2025-05-10T17:00:00","guid":{"rendered":"https:\/\/sgvaimudar.com.br\/?p=24787"},"modified":"2025-05-10T09:32:04","modified_gmt":"2025-05-10T12:32:04","slug":"em-ny-claudio-castro-propoe-acordo-de-cooperacao-entre-governo-do-rio-e-agencia-antidrogas-dos-estados-unidos","status":"publish","type":"post","link":"https:\/\/sgvaimudar.com.br\/index.php\/2025\/05\/10\/em-ny-claudio-castro-propoe-acordo-de-cooperacao-entre-governo-do-rio-e-agencia-antidrogas-dos-estados-unidos\/","title":{"rendered":"Em NY, Cl\u00e1udio Castro prop\u00f5e acordo de coopera\u00e7\u00e3o entre Governo do Rio e Ag\u00eancia Antidrogas dos Estados Unidos"},"content":{"rendered":"\n<p><em>Objetivo \u00e9 fortalecer o combate ao narcotr\u00e1fico no Estado do Rio de Janeiro<\/em><\/p>\n\n\n\n<p>O governador Cl\u00e1udio Castro, em miss\u00e3o a Nova Iorque, prop\u00f4s, nesta sexta-feira (09\/05), um acordo de coopera\u00e7\u00e3o com a Ag\u00eancia Antidrogas (DEA), dos Estados Unidos, para fortalecer as pol\u00edticas de combate ao tr\u00e1fico de drogas no Estado do Rio de Janeiro. A ideia \u00e9 realizar um cruzamento de dados para prevenir o crescimento das organiza\u00e7\u00f5es criminosas.<\/p>\n\n\n\n<p>&#8211; \u00a0Vamos unir nossos agentes aos do DEA, que tem escrit\u00f3rio no Rio. Firmar um memorando de inten\u00e7\u00f5es com o Departamento Antidrogas dos Estados Unidos ser\u00e1 extremamente enriquecedor, porque estamos falando de uma divis\u00e3o com expertise reconhecida em todo o mundo por opera\u00e7\u00f5es como o desmantelamento do Cartel de Medell\u00edn e a pris\u00e3o e extradi\u00e7\u00e3o de Joaqu\u00edn &#8220;El Chapo&#8221; Guzm\u00e1n, por exemplo. Essa parceria permitir\u00e1 aprimorarmos os nossos conhecimentos e estrat\u00e9gias para continuarmos aperfei\u00e7oando as a\u00e7\u00f5es do Estado contra o tr\u00e1fico de drogas em todo o territ\u00f3rio fluminense &#8211; afirmou o governador.<\/p>\n\n\n\n<figure class=\"wp-block-image size-large\"><img fetchpriority=\"high\" decoding=\"async\" width=\"1024\" height=\"683\" src=\"https:\/\/sgvaimudar.com.br\/wp-content\/uploads\/2025\/05\/RCP_0435-1024x683.jpg\" alt=\"\" class=\"wp-image-24788\" srcset=\"https:\/\/sgvaimudar.com.br\/wp-content\/uploads\/2025\/05\/RCP_0435-1024x683.jpg 1024w, https:\/\/sgvaimudar.com.br\/wp-content\/uploads\/2025\/05\/RCP_0435-300x200.jpg 300w, https:\/\/sgvaimudar.com.br\/wp-content\/uploads\/2025\/05\/RCP_0435-768x512.jpg 768w, https:\/\/sgvaimudar.com.br\/wp-content\/uploads\/2025\/05\/RCP_0435-1536x1024.jpg 1536w, https:\/\/sgvaimudar.com.br\/wp-content\/uploads\/2025\/05\/RCP_0435-2048x1365.jpg 2048w\" sizes=\"(max-width: 1024px) 100vw, 1024px\" \/><\/figure>\n\n\n\n<p>Al\u00e9m de investigar o tr\u00e1fico de drogas, as atividades da DEA tamb\u00e9m incluem pris\u00e3o de traficantes e organiza\u00e7\u00f5es criminosas envolvidas com drogas ilegais; erradicar planta\u00e7\u00f5es de drogas; colaborar com ag\u00eancias internacionais em opera\u00e7\u00f5es de combate ao narcotr\u00e1fico; e controlar subst\u00e2ncias qu\u00edmicas usadas na fabrica\u00e7\u00e3o de drogas.<\/p>\n\n\n\n<p>O combate ao narcotr\u00e1fico tem sido uma das prioridades do Governo do Rio. As opera\u00e7\u00f5es realizadas pelas For\u00e7as de Seguran\u00e7a resultaram, em 2024, de acordo com o Instituto de Seguran\u00e7a P\u00fablica (ISP), em 23.930 registros de apreens\u00e3o de drogas. No primeiro trimestre deste ano, j\u00e1 foram registradas 6.090 apreens\u00f5es de entorpecentes, um aumento de 5% em rela\u00e7\u00e3o ao mesmo per\u00edodo de 2024.<\/p>\n\n\n\n<p>&#8211; &nbsp;Os resultados t\u00eam refletido o esfor\u00e7o cont\u00ednuo das nossas for\u00e7as de seguran\u00e7a. Aumentar a presen\u00e7a policial e a efetividade das a\u00e7\u00f5es \u00e9 essencial para enfraquecer o tr\u00e1fico e proteger a popula\u00e7\u00e3o &#8211; afirmou Castro<\/p>\n\n\n\n<p><em>Fotos: Rafael Campos<\/em><\/p>\n\n\n\n<p><strong><em>Fa\u00e7a sua den\u00fancia pelo nosso WhatsApp: (21) <\/em><\/strong><strong><em>99744 5345<\/em><\/strong><strong><em><\/em><\/strong><\/p>\n\n\n\n<p><strong><em>S\u00e3o Gon\u00e7alo vai mudar: Not\u00edcias de S\u00e3o Gon\u00e7alo e toda regi\u00e3o.<\/em><\/strong><\/p>\n\n\n\n<figure class=\"wp-block-image size-large\"><img decoding=\"async\" width=\"1024\" height=\"252\" src=\"https:\/\/sgvaimudar.com.br\/wp-content\/uploads\/2025\/03\/Anuncie-Aqui-Sao-Goncalo-vai-mudar-1024x252.jpg\" alt=\"\" class=\"wp-image-22693\" srcset=\"https:\/\/sgvaimudar.com.br\/wp-content\/uploads\/2025\/03\/Anuncie-Aqui-Sao-Goncalo-vai-mudar-1024x252.jpg 1024w, https:\/\/sgvaimudar.com.br\/wp-content\/uploads\/2025\/03\/Anuncie-Aqui-Sao-Goncalo-vai-mudar-300x74.jpg 300w, https:\/\/sgvaimudar.com.br\/wp-content\/uploads\/2025\/03\/Anuncie-Aqui-Sao-Goncalo-vai-mudar-768x189.jpg 768w, https:\/\/sgvaimudar.com.br\/wp-content\/uploads\/2025\/03\/Anuncie-Aqui-Sao-Goncalo-vai-mudar-1536x378.jpg 1536w, https:\/\/sgvaimudar.com.br\/wp-content\/uploads\/2025\/03\/Anuncie-Aqui-Sao-Goncalo-vai-mudar-2048x504.jpg 2048w\" sizes=\"(max-width: 1024px) 100vw, 1024px\" \/><\/figure>\n","protected":false},"excerpt":{"rendered":"<p>Objetivo \u00e9 fortalecer o combate ao narcotr\u00e1fico no Estado do Rio de Janeiro O governador Cl\u00e1udio Castro, em miss\u00e3o a&hellip;<\/p>\n","protected":false},"author":5,"featured_media":24789,"comment_status":"open","ping_status":"open","sticky":false,"template":"","format":"standard","meta":{"fifu_image_url":"","fifu_image_alt":"","footnotes":""},"categories":[32],"tags":[],"class_list":["post-24787","post","type-post","status-publish","format-standard","has-post-thumbnail","hentry","category-casos-de-policia"],"_links":{"self":[{"href":"https:\/\/sgvaimudar.com.br\/index.php\/wp-json\/wp\/v2\/posts\/24787","targetHints":{"allow":["GET"]}}],"collection":[{"href":"https:\/\/sgvaimudar.com.br\/index.php\/wp-json\/wp\/v2\/posts"}],"about":[{"href":"https:\/\/sgvaimudar.com.br\/index.php\/wp-json\/wp\/v2\/types\/post"}],"author":[{"embeddable":true,"href":"https:\/\/sgvaimudar.com.br\/index.php\/wp-json\/wp\/v2\/users\/5"}],"replies":[{"embeddable":true,"href":"https:\/\/sgvaimudar.com.br\/index.php\/wp-json\/wp\/v2\/comments?post=24787"}],"version-history":[{"count":1,"href":"https:\/\/sgvaimudar.com.br\/index.php\/wp-json\/wp\/v2\/posts\/24787\/revisions"}],"predecessor-version":[{"id":24790,"href":"https:\/\/sgvaimudar.com.br\/index.php\/wp-json\/wp\/v2\/posts\/24787\/revisions\/24790"}],"wp:featuredmedia":[{"embeddable":true,"href":"https:\/\/sgvaimudar.com.br\/index.php\/wp-json\/wp\/v2\/media\/24789"}],"wp:attachment":[{"href":"https:\/\/sgvaimudar.com.br\/index.php\/wp-json\/wp\/v2\/media?parent=24787"}],"wp:term":[{"taxonomy":"category","embeddable":true,"href":"https:\/\/sgvaimudar.com.br\/index.php\/wp-json\/wp\/v2\/categories?post=24787"},{"taxonomy":"post_tag","embeddable":true,"href":"https:\/\/sgvaimudar.com.br\/index.php\/wp-json\/wp\/v2\/tags?post=24787"}],"curies":[{"name":"wp","href":"https:\/\/api.w.org\/{rel}","templated":true}]}}