{"id":24783,"date":"2025-05-10T13:00:00","date_gmt":"2025-05-10T16:00:00","guid":{"rendered":"https:\/\/sgvaimudar.com.br\/?p=24783"},"modified":"2025-05-10T09:25:39","modified_gmt":"2025-05-10T12:25:39","slug":"defesa-civil-entrega-certificados-a-novos-voluntarios-de-2025","status":"publish","type":"post","link":"https:\/\/sgvaimudar.com.br\/index.php\/2025\/05\/10\/defesa-civil-entrega-certificados-a-novos-voluntarios-de-2025\/","title":{"rendered":"Defesa Civil entrega certificados a novos volunt\u00e1rios de 2025"},"content":{"rendered":"\n<p><em>Encontro com os formandos aconteceu na manh\u00e3 desta sexta-feira (9)<\/em><\/p>\n\n\n\n<p>A Defesa Civil do munic\u00edpio de S\u00e3o Gon\u00e7alo, neste ano, j\u00e1 formou duas turmas de volunt\u00e1rios. E, na manh\u00e3 desta sexta-feira (9), mais de 30 formandos participaram de um encontro para receber os seus certificados, na Uniasselvi, no Partage Shopping.<\/p>\n\n\n\n<p>Durante o evento, os volunt\u00e1rios receberam os seus certificados, debateram sobre suas experi\u00eancias no curso e participaram de um sorteio. Al\u00e9m disso, as turmas homenagearam o coordenador do curso, Jos\u00e9 Carlos Pereira, e o subsecret\u00e1rio da Defesa Civil, Major Felipe Assump\u00e7\u00e3o. No final, todos compartilharam um caf\u00e9 da manh\u00e3.<\/p>\n\n\n\n<figure class=\"wp-block-image size-large\"><img fetchpriority=\"high\" decoding=\"async\" width=\"759\" height=\"1024\" src=\"https:\/\/sgvaimudar.com.br\/wp-content\/uploads\/2025\/05\/unnamed-9-4-759x1024.jpg\" alt=\"\" class=\"wp-image-24784\" srcset=\"https:\/\/sgvaimudar.com.br\/wp-content\/uploads\/2025\/05\/unnamed-9-4-759x1024.jpg 759w, https:\/\/sgvaimudar.com.br\/wp-content\/uploads\/2025\/05\/unnamed-9-4-222x300.jpg 222w, https:\/\/sgvaimudar.com.br\/wp-content\/uploads\/2025\/05\/unnamed-9-4-768x1036.jpg 768w, https:\/\/sgvaimudar.com.br\/wp-content\/uploads\/2025\/05\/unnamed-9-4.jpg 949w\" sizes=\"(max-width: 759px) 100vw, 759px\" \/><\/figure>\n\n\n\n<p>&#8220;Fico muito satisfeito em ver essas duas turmas, t\u00e3o queridas, me homenageando e felizes em estar conosco. Os volunt\u00e1rios s\u00e3o muito importantes para o trabalho da Defesa Civil. Vamos seguir trabalhando para formar novas turmas e manter nossa cidade mais preparada para situa\u00e7\u00f5es adversas&#8221;, destacou o&nbsp;subsecret\u00e1rio Major Felipe Assump\u00e7\u00e3o.<\/p>\n\n\n\n<p>&#8220;Foi t\u00e3o bom ver a uni\u00e3o de duas turmas em um s\u00f3 evento, primeira vez que conseguimos isso. Me senti muito emocionado e lisonjeado por receber uma homenagem, pois sei do esfor\u00e7o de cada um para estar aqui, por isso preparamos o curso com tanto carinho&#8221;, afirmou o coordenador de Cursos e Projetos da Defesa Civil, Jos\u00e9 Carlos Pereira.<\/p>\n\n\n\n<p>No in\u00edcio do ano, a primeira turma realizou a sua \u00faltima aula na \u00c1rea de Prote\u00e7\u00e3o Ambiental Est\u00e2ncias de Pendotiba (APA), em Maria Paula; a segunda finalizou a capacita\u00e7\u00e3o na APA do Engenho Pequeno, em abril.<\/p>\n\n\n\n<p>O curso de volunt\u00e1rios ensina, em aulas te\u00f3ricas e pr\u00e1ticas, no\u00e7\u00f5es b\u00e1sicas de Defesa Civil e voluntariado, comunica\u00e7\u00e3o de emerg\u00eancia, abrigos tempor\u00e1rios, produtos perigosos, combate a princ\u00edpios de inc\u00eandio, atendimento pr\u00e9-hospitalar e a import\u00e2ncia da higieniza\u00e7\u00e3o das resid\u00eancias ap\u00f3s chuvas.<\/p>\n\n\n\n<p><em>Fotos: Ascom<\/em><\/p>\n\n\n\n<p><strong><em>S\u00e3o Gon\u00e7alo vai mudar: Not\u00edcias de S\u00e3o Gon\u00e7alo e toda regi\u00e3o.<\/em><\/strong><\/p>\n\n\n\n<figure class=\"wp-block-image size-large\"><img decoding=\"async\" width=\"1024\" height=\"46\" src=\"https:\/\/sgvaimudar.com.br\/wp-content\/uploads\/2023\/08\/Anuncie-Aqui-Sao-Goncalo-vai-mudar-1024x46.png\" alt=\"\" class=\"wp-image-2740\" srcset=\"https:\/\/sgvaimudar.com.br\/wp-content\/uploads\/2023\/08\/Anuncie-Aqui-Sao-Goncalo-vai-mudar-1024x46.png 1024w, https:\/\/sgvaimudar.com.br\/wp-content\/uploads\/2023\/08\/Anuncie-Aqui-Sao-Goncalo-vai-mudar-300x13.png 300w, https:\/\/sgvaimudar.com.br\/wp-content\/uploads\/2023\/08\/Anuncie-Aqui-Sao-Goncalo-vai-mudar-768x35.png 768w, https:\/\/sgvaimudar.com.br\/wp-content\/uploads\/2023\/08\/Anuncie-Aqui-Sao-Goncalo-vai-mudar-1536x69.png 1536w, https:\/\/sgvaimudar.com.br\/wp-content\/uploads\/2023\/08\/Anuncie-Aqui-Sao-Goncalo-vai-mudar.png 2002w\" sizes=\"(max-width: 1024px) 100vw, 1024px\" \/><\/figure>\n","protected":false},"excerpt":{"rendered":"<p>Encontro com os formandos aconteceu na manh\u00e3 desta sexta-feira (9) A Defesa Civil do munic\u00edpio de S\u00e3o Gon\u00e7alo, neste ano,&hellip;<\/p>\n","protected":false},"author":5,"featured_media":24785,"comment_status":"open","ping_status":"open","sticky":false,"template":"","format":"standard","meta":{"fifu_image_url":"","fifu_image_alt":"","footnotes":""},"categories":[3],"tags":[],"class_list":["post-24783","post","type-post","status-publish","format-standard","has-post-thumbnail","hentry","category-sao-goncalo"],"_links":{"self":[{"href":"https:\/\/sgvaimudar.com.br\/index.php\/wp-json\/wp\/v2\/posts\/24783","targetHints":{"allow":["GET"]}}],"collection":[{"href":"https:\/\/sgvaimudar.com.br\/index.php\/wp-json\/wp\/v2\/posts"}],"about":[{"href":"https:\/\/sgvaimudar.com.br\/index.php\/wp-json\/wp\/v2\/types\/post"}],"author":[{"embeddable":true,"href":"https:\/\/sgvaimudar.com.br\/index.php\/wp-json\/wp\/v2\/users\/5"}],"replies":[{"embeddable":true,"href":"https:\/\/sgvaimudar.com.br\/index.php\/wp-json\/wp\/v2\/comments?post=24783"}],"version-history":[{"count":1,"href":"https:\/\/sgvaimudar.com.br\/index.php\/wp-json\/wp\/v2\/posts\/24783\/revisions"}],"predecessor-version":[{"id":24786,"href":"https:\/\/sgvaimudar.com.br\/index.php\/wp-json\/wp\/v2\/posts\/24783\/revisions\/24786"}],"wp:featuredmedia":[{"embeddable":true,"href":"https:\/\/sgvaimudar.com.br\/index.php\/wp-json\/wp\/v2\/media\/24785"}],"wp:attachment":[{"href":"https:\/\/sgvaimudar.com.br\/index.php\/wp-json\/wp\/v2\/media?parent=24783"}],"wp:term":[{"taxonomy":"category","embeddable":true,"href":"https:\/\/sgvaimudar.com.br\/index.php\/wp-json\/wp\/v2\/categories?post=24783"},{"taxonomy":"post_tag","embeddable":true,"href":"https:\/\/sgvaimudar.com.br\/index.php\/wp-json\/wp\/v2\/tags?post=24783"}],"curies":[{"name":"wp","href":"https:\/\/api.w.org\/{rel}","templated":true}]}}