{"id":24767,"date":"2025-05-10T10:00:00","date_gmt":"2025-05-10T13:00:00","guid":{"rendered":"https:\/\/sgvaimudar.com.br\/?p=24767"},"modified":"2025-05-10T08:36:48","modified_gmt":"2025-05-10T11:36:48","slug":"goncalenses-felizes-da-vida-encaminhamento-para-vagas-de-emprego-e-uma-realidade-em-mais-uma-edicao-do-oportunidades","status":"publish","type":"post","link":"https:\/\/sgvaimudar.com.br\/index.php\/2025\/05\/10\/goncalenses-felizes-da-vida-encaminhamento-para-vagas-de-emprego-e-uma-realidade-em-mais-uma-edicao-do-oportunidades\/","title":{"rendered":"Gon\u00e7alenses felizes da vida! Encaminhamento para vagas de emprego \u00e9 uma realidade em mais uma edi\u00e7\u00e3o do Oportunidades"},"content":{"rendered":"\n<p><em>Evento aconteceu no P\u00e1tio Alc\u00e2ntara nesta sexta-feira (9)<\/em><\/p>\n\n\n\n<p>A Secretaria de Desenvolvimento Econ\u00f4mico da Prefeitura de S\u00e3o Gon\u00e7alo realizou mais uma edi\u00e7\u00e3o do programa Oportunidades nesta sexta-feira (9), no P\u00e1tio Alc\u00e2ntara. Diversas vagas de emprego para os mais diversos setores foram oferecidas na a\u00e7\u00e3o, como vendedor, repositor de mercadorias e outros.<\/p>\n\n\n\n<p>O programa, que visa encaminhar gon\u00e7alenses para vagas de emprego, \u00e9 desenvolvido pela Secretaria de Desenvolvimento Econ\u00f4mico da Prefeitura de S\u00e3o Gon\u00e7alo, atrav\u00e9s da Subsecretaria de Trabalho, e em parceria com o Sistema Nacional de Emprego (Sine).<\/p>\n\n\n\n<figure class=\"wp-block-image size-full\"><img fetchpriority=\"high\" decoding=\"async\" width=\"1024\" height=\"690\" src=\"https:\/\/sgvaimudar.com.br\/wp-content\/uploads\/2025\/05\/unnamed-4-6.jpg\" alt=\"\" class=\"wp-image-24768\" srcset=\"https:\/\/sgvaimudar.com.br\/wp-content\/uploads\/2025\/05\/unnamed-4-6.jpg 1024w, https:\/\/sgvaimudar.com.br\/wp-content\/uploads\/2025\/05\/unnamed-4-6-300x202.jpg 300w, https:\/\/sgvaimudar.com.br\/wp-content\/uploads\/2025\/05\/unnamed-4-6-768x518.jpg 768w\" sizes=\"(max-width: 1024px) 100vw, 1024px\" \/><\/figure>\n\n\n\n<p>O secret\u00e1rio de Desenvolvimento Econ\u00f4mico, Evanildo Barreto, destacou a import\u00e2ncia da a\u00e7\u00e3o.<\/p>\n\n\n\n<p>&#8220;\u00c9 uma determina\u00e7\u00e3o do nosso prefeito Capit\u00e3o Nelson que a gente consiga atender os gon\u00e7alenses da melhor forma poss\u00edvel e o Oportunidades \u00e9 uma porta de entrada para o mercado do trabalho. A gente busca fazer com que a pessoa consiga se inserir no mercado de trabalho dentro do pr\u00f3prio munic\u00edpio, o que movimenta a economia local tamb\u00e9m. O Oportunidades tem sido um sucesso edi\u00e7\u00e3o ap\u00f3s edi\u00e7\u00e3o, com dezenas de gon\u00e7alenses sempre presentes, muitos conquistando a t\u00e3o sonhada vaga de emprego&#8221;, disse Barreto.<\/p>\n\n\n\n<p>A a\u00e7\u00e3o facilita o acesso da popula\u00e7\u00e3o aos servi\u00e7os da Casa do Empreendedor e do Sistema Nacional de Emprego (Sine). Durante a realiza\u00e7\u00e3o do programa, s\u00e3o feitos encaminhamentos para vagas de emprego e as pessoas conseguem atendimento para servi\u00e7os relacionados ao Microempreendedor Individual (MEI), como regulariza\u00e7\u00e3o de d\u00e9bitos, inscri\u00e7\u00e3o municipal e cadastros.<\/p>\n\n\n\n<p>No Oportunidades, os gon\u00e7alenses realizam seu cadastro. Caso tenha alguma vaga que se enquadre no perfil deles, eles recebem cartas de encaminhamento.<\/p>\n\n\n\n<p>Daniele Rodrigues de Souza, de 35 anos, esteve no Oportunidades juntamente com Blenda Freitas Nogueira de Farias, de 31 anos. Ambas conseguiram encaminhamentos para a entrevista para as vagas de emprego de vendedor externo.<\/p>\n\n\n\n<p>&#8220;Soube do evento e n\u00e3o pensei duas vezes. Aqui estou, buscando uma oportunidade e consegui uma carta de encaminhamento para fazer a entrevista para a vaga de vendedor externo. Fui muito bem tratada pelos funcion\u00e1rios e recomendo para quem est\u00e1 buscando uma chance no mercado de trabalho&#8221;, disse a moradora do Salgueiro, que est\u00e1 h\u00e1 pouco mais de um ano sem emprego.<\/p>\n\n\n\n<p>Blenda Freitas Nogueira de Farias, de 31 anos, tamb\u00e9m falou sobre a chance. &#8220;Estou desempregada h\u00e1 quatro meses e consegui a vaga de vendedor externo e agora estou ansiosa para a entrevista&#8221;, explicou.<\/p>\n\n\n\n<p><em>Fotos: Luiz Carvalh<\/em>o<\/p>\n\n\n\n<p><strong><em>S\u00e3o Gon\u00e7alo vai mudar: Not\u00edcias de S\u00e3o Gon\u00e7alo e toda regi\u00e3o.<\/em><\/strong><\/p>\n\n\n\n<figure class=\"wp-block-image size-large\"><img decoding=\"async\" width=\"1024\" height=\"252\" src=\"https:\/\/sgvaimudar.com.br\/wp-content\/uploads\/2025\/03\/Anuncie-Aqui-Sao-Goncalo-vai-mudar-1024x252.jpg\" alt=\"\" class=\"wp-image-22693\" srcset=\"https:\/\/sgvaimudar.com.br\/wp-content\/uploads\/2025\/03\/Anuncie-Aqui-Sao-Goncalo-vai-mudar-1024x252.jpg 1024w, https:\/\/sgvaimudar.com.br\/wp-content\/uploads\/2025\/03\/Anuncie-Aqui-Sao-Goncalo-vai-mudar-300x74.jpg 300w, https:\/\/sgvaimudar.com.br\/wp-content\/uploads\/2025\/03\/Anuncie-Aqui-Sao-Goncalo-vai-mudar-768x189.jpg 768w, https:\/\/sgvaimudar.com.br\/wp-content\/uploads\/2025\/03\/Anuncie-Aqui-Sao-Goncalo-vai-mudar-1536x378.jpg 1536w, https:\/\/sgvaimudar.com.br\/wp-content\/uploads\/2025\/03\/Anuncie-Aqui-Sao-Goncalo-vai-mudar-2048x504.jpg 2048w\" sizes=\"(max-width: 1024px) 100vw, 1024px\" \/><\/figure>\n","protected":false},"excerpt":{"rendered":"<p>Evento aconteceu no P\u00e1tio Alc\u00e2ntara nesta sexta-feira (9) A Secretaria de Desenvolvimento Econ\u00f4mico da Prefeitura de S\u00e3o Gon\u00e7alo realizou mais&hellip;<\/p>\n","protected":false},"author":5,"featured_media":24769,"comment_status":"open","ping_status":"open","sticky":false,"template":"","format":"standard","meta":{"fifu_image_url":"","fifu_image_alt":"","footnotes":""},"categories":[3],"tags":[],"class_list":["post-24767","post","type-post","status-publish","format-standard","has-post-thumbnail","hentry","category-sao-goncalo"],"_links":{"self":[{"href":"https:\/\/sgvaimudar.com.br\/index.php\/wp-json\/wp\/v2\/posts\/24767","targetHints":{"allow":["GET"]}}],"collection":[{"href":"https:\/\/sgvaimudar.com.br\/index.php\/wp-json\/wp\/v2\/posts"}],"about":[{"href":"https:\/\/sgvaimudar.com.br\/index.php\/wp-json\/wp\/v2\/types\/post"}],"author":[{"embeddable":true,"href":"https:\/\/sgvaimudar.com.br\/index.php\/wp-json\/wp\/v2\/users\/5"}],"replies":[{"embeddable":true,"href":"https:\/\/sgvaimudar.com.br\/index.php\/wp-json\/wp\/v2\/comments?post=24767"}],"version-history":[{"count":1,"href":"https:\/\/sgvaimudar.com.br\/index.php\/wp-json\/wp\/v2\/posts\/24767\/revisions"}],"predecessor-version":[{"id":24770,"href":"https:\/\/sgvaimudar.com.br\/index.php\/wp-json\/wp\/v2\/posts\/24767\/revisions\/24770"}],"wp:featuredmedia":[{"embeddable":true,"href":"https:\/\/sgvaimudar.com.br\/index.php\/wp-json\/wp\/v2\/media\/24769"}],"wp:attachment":[{"href":"https:\/\/sgvaimudar.com.br\/index.php\/wp-json\/wp\/v2\/media?parent=24767"}],"wp:term":[{"taxonomy":"category","embeddable":true,"href":"https:\/\/sgvaimudar.com.br\/index.php\/wp-json\/wp\/v2\/categories?post=24767"},{"taxonomy":"post_tag","embeddable":true,"href":"https:\/\/sgvaimudar.com.br\/index.php\/wp-json\/wp\/v2\/tags?post=24767"}],"curies":[{"name":"wp","href":"https:\/\/api.w.org\/{rel}","templated":true}]}}