{"id":24738,"date":"2025-05-09T17:00:00","date_gmt":"2025-05-09T20:00:00","guid":{"rendered":"https:\/\/sgvaimudar.com.br\/?p=24738"},"modified":"2025-05-09T12:28:05","modified_gmt":"2025-05-09T15:28:05","slug":"em-missao-nos-estados-unidos-claudio-castro-discutira-parcerias-para-combater-a-criminalidade-no-estado-do-rio","status":"publish","type":"post","link":"https:\/\/sgvaimudar.com.br\/index.php\/2025\/05\/09\/em-missao-nos-estados-unidos-claudio-castro-discutira-parcerias-para-combater-a-criminalidade-no-estado-do-rio\/","title":{"rendered":"Em miss\u00e3o nos Estados Unidos, Cl\u00e1udio Castro discutir\u00e1 parcerias para combater a criminalidade no Estado do Rio"},"content":{"rendered":"\n<p><em>Governador tamb\u00e9m se encontrar\u00e1 com empres\u00e1rios de diversos setores em Nova Iorque<\/em><\/p>\n\n\n\n<p>O governador Cl\u00e1udio Castro vai realizar, a partir desta sexta-feira (09\/05), uma s\u00e9rie de agendas em Nova Iorque para viabilizar parcerias com institui\u00e7\u00f5es de seguran\u00e7a para auxiliar no combate ao tr\u00e1fico de drogas e de armas no Rio de Janeiro. Castro tamb\u00e9m participa de eventos com empres\u00e1rios de diversos setores para atrair novos neg\u00f3cios para o estado.\u00a0<\/p>\n\n\n\n<p>\u2013 A nossa expectativa \u00e9 firmar parcerias que fortale\u00e7am o combate ao tr\u00e1fico de drogas e armas no Rio de Janeiro, al\u00e9m de apresentar as oportunidades econ\u00f4micas do nosso estado a investidores internacionais. Seguran\u00e7a e desenvolvimento caminham juntos para garantir um futuro melhor para os fluminenses \u2013 disse Castro.&nbsp;<\/p>\n\n\n\n<p>Durante a miss\u00e3o, o governador e sua comitiva se re\u00fanem com autoridades da Divis\u00e3o da Ag\u00eancia de Controle de Drogas (DEA), respons\u00e1vel por combater o tr\u00e1fico de narc\u00f3ticos internacionalmente. Castro conhecer\u00e1 ainda o trabalho de forma\u00e7\u00e3o de policiais na Academia de Pol\u00edcia de Nova Iorque.<\/p>\n\n\n\n<p>No Escrit\u00f3rio das Na\u00e7\u00f5es Unidas para Assuntos de Desarmamento (UNODA), o governador trocar\u00e1 informa\u00e7\u00f5es sobre o controle de armas convencionais.&nbsp;<\/p>\n\n\n\n<p>Para buscar novos neg\u00f3cios e apresentar o atual cen\u00e1rio econ\u00f4mico do Rio para empresas norte-americanas, Cl\u00e1udio Castro participa de pain\u00e9is no Lide, F\u00f3rum Veja Brazil Insights NY,\u00a0 Summit Valor Econ\u00f4mico e Brazil Journal e Plat\u00f4BR.<\/p>\n\n\n\n<p><strong><em>S\u00e3o Gon\u00e7alo vai mudar: Not\u00edcias de S\u00e3o Gon\u00e7alo e toda regi\u00e3o.<\/em><\/strong><\/p>\n\n\n\n<figure class=\"wp-block-image size-large\"><img fetchpriority=\"high\" decoding=\"async\" width=\"1024\" height=\"252\" src=\"https:\/\/sgvaimudar.com.br\/wp-content\/uploads\/2025\/03\/Anuncie-Aqui-Sao-Goncalo-vai-mudar-1024x252.jpg\" alt=\"\" class=\"wp-image-22693\" srcset=\"https:\/\/sgvaimudar.com.br\/wp-content\/uploads\/2025\/03\/Anuncie-Aqui-Sao-Goncalo-vai-mudar-1024x252.jpg 1024w, https:\/\/sgvaimudar.com.br\/wp-content\/uploads\/2025\/03\/Anuncie-Aqui-Sao-Goncalo-vai-mudar-300x74.jpg 300w, https:\/\/sgvaimudar.com.br\/wp-content\/uploads\/2025\/03\/Anuncie-Aqui-Sao-Goncalo-vai-mudar-768x189.jpg 768w, https:\/\/sgvaimudar.com.br\/wp-content\/uploads\/2025\/03\/Anuncie-Aqui-Sao-Goncalo-vai-mudar-1536x378.jpg 1536w, https:\/\/sgvaimudar.com.br\/wp-content\/uploads\/2025\/03\/Anuncie-Aqui-Sao-Goncalo-vai-mudar-2048x504.jpg 2048w\" sizes=\"(max-width: 1024px) 100vw, 1024px\" \/><\/figure>\n","protected":false},"excerpt":{"rendered":"<p>Governador tamb\u00e9m se encontrar\u00e1 com empres\u00e1rios de diversos setores em Nova Iorque O governador Cl\u00e1udio Castro vai realizar, a partir&hellip;<\/p>\n","protected":false},"author":5,"featured_media":24739,"comment_status":"open","ping_status":"open","sticky":false,"template":"","format":"standard","meta":{"fifu_image_url":"","fifu_image_alt":"","footnotes":""},"categories":[32],"tags":[],"class_list":["post-24738","post","type-post","status-publish","format-standard","has-post-thumbnail","hentry","category-casos-de-policia"],"_links":{"self":[{"href":"https:\/\/sgvaimudar.com.br\/index.php\/wp-json\/wp\/v2\/posts\/24738","targetHints":{"allow":["GET"]}}],"collection":[{"href":"https:\/\/sgvaimudar.com.br\/index.php\/wp-json\/wp\/v2\/posts"}],"about":[{"href":"https:\/\/sgvaimudar.com.br\/index.php\/wp-json\/wp\/v2\/types\/post"}],"author":[{"embeddable":true,"href":"https:\/\/sgvaimudar.com.br\/index.php\/wp-json\/wp\/v2\/users\/5"}],"replies":[{"embeddable":true,"href":"https:\/\/sgvaimudar.com.br\/index.php\/wp-json\/wp\/v2\/comments?post=24738"}],"version-history":[{"count":1,"href":"https:\/\/sgvaimudar.com.br\/index.php\/wp-json\/wp\/v2\/posts\/24738\/revisions"}],"predecessor-version":[{"id":24740,"href":"https:\/\/sgvaimudar.com.br\/index.php\/wp-json\/wp\/v2\/posts\/24738\/revisions\/24740"}],"wp:featuredmedia":[{"embeddable":true,"href":"https:\/\/sgvaimudar.com.br\/index.php\/wp-json\/wp\/v2\/media\/24739"}],"wp:attachment":[{"href":"https:\/\/sgvaimudar.com.br\/index.php\/wp-json\/wp\/v2\/media?parent=24738"}],"wp:term":[{"taxonomy":"category","embeddable":true,"href":"https:\/\/sgvaimudar.com.br\/index.php\/wp-json\/wp\/v2\/categories?post=24738"},{"taxonomy":"post_tag","embeddable":true,"href":"https:\/\/sgvaimudar.com.br\/index.php\/wp-json\/wp\/v2\/tags?post=24738"}],"curies":[{"name":"wp","href":"https:\/\/api.w.org\/{rel}","templated":true}]}}