{"id":24734,"date":"2025-05-09T16:00:00","date_gmt":"2025-05-09T19:00:00","guid":{"rendered":"https:\/\/sgvaimudar.com.br\/?p=24734"},"modified":"2025-05-09T12:21:29","modified_gmt":"2025-05-09T15:21:29","slug":"centro-de-referencia-do-autista-promove-evento-com-familias-de-assistidos","status":"publish","type":"post","link":"https:\/\/sgvaimudar.com.br\/index.php\/2025\/05\/09\/centro-de-referencia-do-autista-promove-evento-com-familias-de-assistidos\/","title":{"rendered":"Centro de Refer\u00eancia do Autista promove evento com fam\u00edlias de assistidos"},"content":{"rendered":"\n<p><em>Iniciativa destaca import\u00e2ncia de cuidar de quem cuida<\/em><\/p>\n\n\n\n<p>Com o objetivo de acolher as fam\u00edlias dos atendidos, no Centro de Refer\u00eancia Municipal do Autista Marlene Fel\u00edcio Faria, no Centro, preparou, nesta quinta-feira (8), uma festa em comemora\u00e7\u00e3o ao Dia da Fam\u00edlia. O evento contou com apresenta\u00e7\u00e3o musical de atendidos, leitura de poemas, sorteios de brindes e um caf\u00e9 da manh\u00e3 pensado para cuidar de quem cuida.<\/p>\n\n\n\n<p>\u201cAs fam\u00edlias precisam e merecem esse cuidado e esse carinho. S\u00e3o crian\u00e7as que, \u00e0s vezes, n\u00e3o participam de todas as festas e esse lugar \u00e9 para eles. S\u00e3o m\u00e3es que j\u00e1 sofreram discrimina\u00e7\u00e3o, av\u00f3s, pais e irm\u00e3os que acompanham o familiar nas terapias. \u00c9 um evento pensado para quem cuida dos nossos alunos, fizemos os m\u00f3biles com as fotos deles, sorteio de brindes voltados para o cuidado com eles, como massagem relaxante e ida ao sal\u00e3o\u201d, disse a diretora Ana Carla Macedo.<\/p>\n\n\n\n<figure class=\"wp-block-image size-large\"><img fetchpriority=\"high\" decoding=\"async\" width=\"1024\" height=\"684\" src=\"https:\/\/sgvaimudar.com.br\/wp-content\/uploads\/2025\/05\/unnamed-3-7-1024x684.jpg\" alt=\"\" class=\"wp-image-24736\" srcset=\"https:\/\/sgvaimudar.com.br\/wp-content\/uploads\/2025\/05\/unnamed-3-7-1024x684.jpg 1024w, https:\/\/sgvaimudar.com.br\/wp-content\/uploads\/2025\/05\/unnamed-3-7-300x200.jpg 300w, https:\/\/sgvaimudar.com.br\/wp-content\/uploads\/2025\/05\/unnamed-3-7-768x513.jpg 768w, https:\/\/sgvaimudar.com.br\/wp-content\/uploads\/2025\/05\/unnamed-3-7-1536x1027.jpg 1536w, https:\/\/sgvaimudar.com.br\/wp-content\/uploads\/2025\/05\/unnamed-3-7.jpg 1616w\" sizes=\"(max-width: 1024px) 100vw, 1024px\" \/><\/figure>\n\n\n\n<p>A emo\u00e7\u00e3o foi sentida pela m\u00e3e Daniele Ruiz ao ver que seu filho, Miguel, de 10 anos, fez quest\u00e3o de ler o texto que tinha escrito sobre ela. Ela conta que ele n\u00e3o \u00e9 muito carinhoso no dia a dia, o que a deixou ainda mais tocada na hora da apresenta\u00e7\u00e3o.<\/p>\n\n\n\n<p>\u201c\u00c9 a melhor emo\u00e7\u00e3o. \u00c9 algo que a gente n\u00e3o espera, vindo de uma crian\u00e7a dentro do espectro e que quase n\u00e3o demonstra no dia a dia o amor que sente. Ultimamente ele est\u00e1 demonstrando mais e eu fico feliz demais a cada gesto dele. O avan\u00e7o dele \u00e9 gigantesco, os terapeutas s\u00e3o maravilhosos, eu costumo dizer que isso aqui \u00e9 uma fam\u00edlia mesmo\u201d, afirmou a m\u00e3e.<\/p>\n\n\n\n<p>Quem tamb\u00e9m ficou emocionada com a apresenta\u00e7\u00e3o musical do filho foi a Sheila Pinheiro, m\u00e3e do Isaque, de 8 anos.<\/p>\n\n\n\n<p>\u201cGosto muito daqui, o acolhimento \u00e9 fant\u00e1stico n\u00e3o s\u00f3 com o Isaque, mas comigo tamb\u00e9m, eu agrade\u00e7o muito pelo carinho que eles t\u00eam com a gente. Eu tenho visto muito avan\u00e7o no comportamento dele, em casa, na escola, na igreja, est\u00e1 bem melhor. Ver a crian\u00e7a evoluindo faz toda a diferen\u00e7a. Um evento desse \u00e9 um carinho conosco\u201d, contou Sheila.<\/p>\n\n\n\n<p><em>Foto: Renan Otto<\/em><\/p>\n\n\n\n<p><strong><em>S\u00e3o Gon\u00e7alo vai mudar: Not\u00edcias de S\u00e3o Gon\u00e7alo e toda regi\u00e3o.<\/em><\/strong><\/p>\n\n\n\n<figure class=\"wp-block-image size-large\"><img decoding=\"async\" width=\"1024\" height=\"252\" src=\"https:\/\/sgvaimudar.com.br\/wp-content\/uploads\/2023\/10\/Anuncie-Aqui-Sao-Goncalo-vai-mudar-2-1024x252.jpg\" alt=\"\" class=\"wp-image-3625\" srcset=\"https:\/\/sgvaimudar.com.br\/wp-content\/uploads\/2023\/10\/Anuncie-Aqui-Sao-Goncalo-vai-mudar-2-1024x252.jpg 1024w, https:\/\/sgvaimudar.com.br\/wp-content\/uploads\/2023\/10\/Anuncie-Aqui-Sao-Goncalo-vai-mudar-2-300x74.jpg 300w, https:\/\/sgvaimudar.com.br\/wp-content\/uploads\/2023\/10\/Anuncie-Aqui-Sao-Goncalo-vai-mudar-2-768x189.jpg 768w, https:\/\/sgvaimudar.com.br\/wp-content\/uploads\/2023\/10\/Anuncie-Aqui-Sao-Goncalo-vai-mudar-2-1536x378.jpg 1536w, https:\/\/sgvaimudar.com.br\/wp-content\/uploads\/2023\/10\/Anuncie-Aqui-Sao-Goncalo-vai-mudar-2-2048x504.jpg 2048w\" sizes=\"(max-width: 1024px) 100vw, 1024px\" \/><\/figure>\n","protected":false},"excerpt":{"rendered":"<p>Iniciativa destaca import\u00e2ncia de cuidar de quem cuida Com o objetivo de acolher as fam\u00edlias dos atendidos, no Centro de&hellip;<\/p>\n","protected":false},"author":5,"featured_media":24735,"comment_status":"open","ping_status":"open","sticky":false,"template":"","format":"standard","meta":{"fifu_image_url":"","fifu_image_alt":"","footnotes":""},"categories":[3],"tags":[],"class_list":["post-24734","post","type-post","status-publish","format-standard","has-post-thumbnail","hentry","category-sao-goncalo"],"_links":{"self":[{"href":"https:\/\/sgvaimudar.com.br\/index.php\/wp-json\/wp\/v2\/posts\/24734","targetHints":{"allow":["GET"]}}],"collection":[{"href":"https:\/\/sgvaimudar.com.br\/index.php\/wp-json\/wp\/v2\/posts"}],"about":[{"href":"https:\/\/sgvaimudar.com.br\/index.php\/wp-json\/wp\/v2\/types\/post"}],"author":[{"embeddable":true,"href":"https:\/\/sgvaimudar.com.br\/index.php\/wp-json\/wp\/v2\/users\/5"}],"replies":[{"embeddable":true,"href":"https:\/\/sgvaimudar.com.br\/index.php\/wp-json\/wp\/v2\/comments?post=24734"}],"version-history":[{"count":1,"href":"https:\/\/sgvaimudar.com.br\/index.php\/wp-json\/wp\/v2\/posts\/24734\/revisions"}],"predecessor-version":[{"id":24737,"href":"https:\/\/sgvaimudar.com.br\/index.php\/wp-json\/wp\/v2\/posts\/24734\/revisions\/24737"}],"wp:featuredmedia":[{"embeddable":true,"href":"https:\/\/sgvaimudar.com.br\/index.php\/wp-json\/wp\/v2\/media\/24735"}],"wp:attachment":[{"href":"https:\/\/sgvaimudar.com.br\/index.php\/wp-json\/wp\/v2\/media?parent=24734"}],"wp:term":[{"taxonomy":"category","embeddable":true,"href":"https:\/\/sgvaimudar.com.br\/index.php\/wp-json\/wp\/v2\/categories?post=24734"},{"taxonomy":"post_tag","embeddable":true,"href":"https:\/\/sgvaimudar.com.br\/index.php\/wp-json\/wp\/v2\/tags?post=24734"}],"curies":[{"name":"wp","href":"https:\/\/api.w.org\/{rel}","templated":true}]}}