{"id":24730,"date":"2025-05-09T15:00:00","date_gmt":"2025-05-09T18:00:00","guid":{"rendered":"https:\/\/sgvaimudar.com.br\/?p=24730"},"modified":"2025-05-09T12:17:32","modified_gmt":"2025-05-09T15:17:32","slug":"criancas-da-rede-municipal-de-ensino-participam-de-acao-sobre-o-maio-amarelo","status":"publish","type":"post","link":"https:\/\/sgvaimudar.com.br\/index.php\/2025\/05\/09\/criancas-da-rede-municipal-de-ensino-participam-de-acao-sobre-o-maio-amarelo\/","title":{"rendered":"Crian\u00e7as da rede municipal de ensino participam de a\u00e7\u00e3o sobre o Maio Amarelo"},"content":{"rendered":"\n<p><em>Projeto \u201cO tr\u00e2nsito vai \u00e0 escola\u201d esteve em escola no Boa\u00e7u<\/em><\/p>\n\n\n\n<p>Mais de 140 crian\u00e7as, divididas em dez turmas, participaram das a\u00e7\u00f5es educativas do projeto \u201cO tr\u00e2nsito vai \u00e0 escola\u201d, nesta quinta-feira (8), na Unidade Municipalizada Jardim de Inf\u00e2ncia Menino Jesus, no Boa\u00e7u. <\/p>\n\n\n\n<p>O projeto, desenvolvido pela Secretaria de Meio Ambiente e Transportes da Prefeitura de S\u00e3o Gon\u00e7alo, faz parte da campanha Maio Amarelo 2025, que visa a conscientiza\u00e7\u00e3o para redu\u00e7\u00e3o de mortos e feridos no tr\u00e2nsito.<\/p>\n\n\n\n<figure class=\"wp-block-image size-full\"><img fetchpriority=\"high\" decoding=\"async\" width=\"1024\" height=\"683\" src=\"https:\/\/sgvaimudar.com.br\/wp-content\/uploads\/2025\/05\/unnamed-1-6.jpg\" alt=\"\" class=\"wp-image-24731\" srcset=\"https:\/\/sgvaimudar.com.br\/wp-content\/uploads\/2025\/05\/unnamed-1-6.jpg 1024w, https:\/\/sgvaimudar.com.br\/wp-content\/uploads\/2025\/05\/unnamed-1-6-300x200.jpg 300w, https:\/\/sgvaimudar.com.br\/wp-content\/uploads\/2025\/05\/unnamed-1-6-768x512.jpg 768w\" sizes=\"(max-width: 1024px) 100vw, 1024px\" \/><\/figure>\n\n\n\n<p>Na a\u00e7\u00e3o, foram desenvolvidas diversas atividades l\u00fadicas, incluindo v\u00eddeos e m\u00fasicas que ensinam sobre o tr\u00e2nsito e como conviver de forma segura. Al\u00e9m disso, os alunos confeccionaram um \u00f4nibus de papel, placas de tr\u00e2nsito e fizeram desenhos. A a\u00e7\u00e3o teve in\u00edcio no per\u00edodo da manh\u00e3 e se estendeu at\u00e9 as turmas do per\u00edodo da tarde.<\/p>\n\n\n\n<p>O secret\u00e1rio de Meio Ambiente e Transportes, F\u00e1bio Lemos, falou sobre a import\u00e2ncia dessa a\u00e7\u00e3o.<\/p>\n\n\n\n<p>&#8220;Trabalhamos, de forma bem l\u00fadica, com essas crian\u00e7as, que s\u00e3o mais novinhas. Atuamos com dez turmas ao todo nessa unidade de ensino, que inclu\u00edram maternal, pr\u00e9 I e pr\u00e9 II. Por isso, tudo precisava ser bem l\u00fadico para que as crian\u00e7as entendessem e pudessem levar esses conhecimentos para seus pais e respons\u00e1veis. Neste ano, a campanha do Maio Amarelo tem como tema \u201cDesacelere. Seu bem maior \u00e9 a vida\u201d e queremos levar informa\u00e7\u00f5es de seguran\u00e7a no tr\u00e2nsito para todos os p\u00fablicos&#8221;, afirmou.<\/p>\n\n\n\n<p><strong>Maio Amarelo em S\u00e3o Gon\u00e7alo<\/strong>&nbsp;\u2013 A Secretaria de Meio Ambiente e Transportes da Prefeitura de S\u00e3o Gon\u00e7alo deu in\u00edcio \u00e0 Campanha Maio Amarelo: Mobilidade Humana, Responsabilidade Humana, com o tema \u201cDesacelere. Seu bem maior \u00e9 a vida\u201d, na ter\u00e7a-feira (6), na C\u00e2mara Municipal de S\u00e3o Gon\u00e7alo.<\/p>\n\n\n\n<p>Confira a programa\u00e7\u00e3o completa do Maio Amarelo em S\u00e3o Gon\u00e7alo:<\/p>\n\n\n\n<p>. Dias 12 e 13, \u00e0s 8h e \u00e0s 15h: \u201cO tr\u00e2nsito vai \u00e0 escola\u201d, a\u00e7\u00f5es educativas com crian\u00e7as do ensino fundamental I, em unidades de ensino da rede municipal.<\/p>\n\n\n\n<p>. Dia 14, \u00e0s 7h e \u00e0s 16h: Opera\u00e7\u00e3o Educativa na Avenida Presidente Kennedy, na altura do Clube Tamoio.<\/p>\n\n\n\n<p>. Dia 15, \u00e0s 14h: Palestra educativa para motoristas da Prefeitura, no audit\u00f3rio do Col\u00e9gio Municipal Castelo Branco.<\/p>\n\n\n\n<p>. Dia 16, das 9h \u00e0s 17h: \u201cFuturos Motoristas\u201d, exposi\u00e7\u00e3o dos trabalhos elaborados nas escolas pelos alunos, no Shopping Partage<\/p>\n\n\n\n<p>. Dia 20, das 9h \u00e0s 17h: Palestra \u201cPronto Atendimento em caso de acidente de tr\u00e2nsito\u201d para os guardas municipais, motociclistas e guardas municipais convidados, na Avenida Presidente Kennedy, 123.<\/p>\n\n\n\n<p>. Dia 21, \u00e0s 13h: Simula\u00e7\u00e3o de acidente de tr\u00e2nsito com os agentes de tr\u00e2nsito, na Avenida Presidente Kennedy, 123.<\/p>\n\n\n\n<p>. Dia 22, \u00e0s 10h: \u201cCaminhada pela vida\u201d- Soltura de bal\u00f5es amarelos e um minuto de sil\u00eancio pelas v\u00edtimas de tr\u00e2nsito com alunos dos Col\u00e9gios Estadual Nilo Pe\u00e7anha e Senes (Unidade Z\u00e9 Garoto) e do Centro de Educa\u00e7\u00e3o Infantil Monteiro Lobato, na Pra\u00e7a Z\u00e9 Garoto.<\/p>\n\n\n\n<p>. Dia 22, \u00e0s 14h: Confec\u00e7\u00e3o de trabalhos infantis voltados \u00e0 educa\u00e7\u00e3o no tr\u00e2nsito com o Fundamental I da Unidade Municipalizada Jardim de Inf\u00e2ncia Menino Jesus, na Pra\u00e7a Z\u00e9 Garoto.<\/p>\n\n\n\n<p>. Dia 27, \u00e0s 10h: \u201cN\u00e3o seja mulher, seja guerreira\u201d \u2013 Palestras educativas para mulheres motoristas de aplicativos sobre seguran\u00e7a e no\u00e7\u00f5es de seguran\u00e7a preventiva.<\/p>\n\n\n\n<p>. Dia 28, \u00e0s 10h: Palestras e jogos com os alunos do Col\u00e9gio Municipal Estef\u00e2nia de Carvalho.<\/p>\n\n\n\n<p>. Dia 28, \u00e0s 14h: Palestra com sobreviventes de acidentes de tr\u00e2nsito \u2013 depoimentos em parceria com a Lei Seca.<\/p>\n\n\n\n<p>. Dia 30, \u00e0s 10h: Encerramento do m\u00eas com entregas dos certificados aos guardas municipais que participaram de palestras nos dias 20 e 21 e homenagem a familiares que perderam seus entes queridos em acidentes de tr\u00e2nsito, no Teatro Municipal.<\/p>\n\n\n\n<p><em>Foto: Fabio Guimar\u00e3es<\/em><\/p>\n\n\n\n<p><strong><em>S\u00e3o Gon\u00e7alo vai mudar: Not\u00edcias de S\u00e3o Gon\u00e7alo e toda regi\u00e3o.<\/em><\/strong><\/p>\n\n\n\n<figure class=\"wp-block-image size-large\"><img decoding=\"async\" width=\"1024\" height=\"252\" src=\"https:\/\/sgvaimudar.com.br\/wp-content\/uploads\/2025\/03\/Anuncie-Aqui-Sao-Goncalo-vai-mudar-1024x252.jpg\" alt=\"\" class=\"wp-image-22693\" srcset=\"https:\/\/sgvaimudar.com.br\/wp-content\/uploads\/2025\/03\/Anuncie-Aqui-Sao-Goncalo-vai-mudar-1024x252.jpg 1024w, https:\/\/sgvaimudar.com.br\/wp-content\/uploads\/2025\/03\/Anuncie-Aqui-Sao-Goncalo-vai-mudar-300x74.jpg 300w, https:\/\/sgvaimudar.com.br\/wp-content\/uploads\/2025\/03\/Anuncie-Aqui-Sao-Goncalo-vai-mudar-768x189.jpg 768w, https:\/\/sgvaimudar.com.br\/wp-content\/uploads\/2025\/03\/Anuncie-Aqui-Sao-Goncalo-vai-mudar-1536x378.jpg 1536w, https:\/\/sgvaimudar.com.br\/wp-content\/uploads\/2025\/03\/Anuncie-Aqui-Sao-Goncalo-vai-mudar-2048x504.jpg 2048w\" sizes=\"(max-width: 1024px) 100vw, 1024px\" \/><\/figure>\n","protected":false},"excerpt":{"rendered":"<p>Projeto \u201cO tr\u00e2nsito vai \u00e0 escola\u201d esteve em escola no Boa\u00e7u Mais de 140 crian\u00e7as, divididas em dez turmas, participaram&hellip;<\/p>\n","protected":false},"author":5,"featured_media":24732,"comment_status":"open","ping_status":"open","sticky":false,"template":"","format":"standard","meta":{"fifu_image_url":"","fifu_image_alt":"","footnotes":""},"categories":[3],"tags":[],"class_list":["post-24730","post","type-post","status-publish","format-standard","has-post-thumbnail","hentry","category-sao-goncalo"],"_links":{"self":[{"href":"https:\/\/sgvaimudar.com.br\/index.php\/wp-json\/wp\/v2\/posts\/24730","targetHints":{"allow":["GET"]}}],"collection":[{"href":"https:\/\/sgvaimudar.com.br\/index.php\/wp-json\/wp\/v2\/posts"}],"about":[{"href":"https:\/\/sgvaimudar.com.br\/index.php\/wp-json\/wp\/v2\/types\/post"}],"author":[{"embeddable":true,"href":"https:\/\/sgvaimudar.com.br\/index.php\/wp-json\/wp\/v2\/users\/5"}],"replies":[{"embeddable":true,"href":"https:\/\/sgvaimudar.com.br\/index.php\/wp-json\/wp\/v2\/comments?post=24730"}],"version-history":[{"count":1,"href":"https:\/\/sgvaimudar.com.br\/index.php\/wp-json\/wp\/v2\/posts\/24730\/revisions"}],"predecessor-version":[{"id":24733,"href":"https:\/\/sgvaimudar.com.br\/index.php\/wp-json\/wp\/v2\/posts\/24730\/revisions\/24733"}],"wp:featuredmedia":[{"embeddable":true,"href":"https:\/\/sgvaimudar.com.br\/index.php\/wp-json\/wp\/v2\/media\/24732"}],"wp:attachment":[{"href":"https:\/\/sgvaimudar.com.br\/index.php\/wp-json\/wp\/v2\/media?parent=24730"}],"wp:term":[{"taxonomy":"category","embeddable":true,"href":"https:\/\/sgvaimudar.com.br\/index.php\/wp-json\/wp\/v2\/categories?post=24730"},{"taxonomy":"post_tag","embeddable":true,"href":"https:\/\/sgvaimudar.com.br\/index.php\/wp-json\/wp\/v2\/tags?post=24730"}],"curies":[{"name":"wp","href":"https:\/\/api.w.org\/{rel}","templated":true}]}}