{"id":24727,"date":"2025-05-09T14:00:00","date_gmt":"2025-05-09T17:00:00","guid":{"rendered":"https:\/\/sgvaimudar.com.br\/?p=24727"},"modified":"2025-05-09T12:13:21","modified_gmt":"2025-05-09T15:13:21","slug":"alunos-de-escola-municipal-na-amendoeira-aprendem-sobre-reciclagem","status":"publish","type":"post","link":"https:\/\/sgvaimudar.com.br\/index.php\/2025\/05\/09\/alunos-de-escola-municipal-na-amendoeira-aprendem-sobre-reciclagem\/","title":{"rendered":"Alunos de escola municipal na Amendoeira aprendem sobre reciclagem"},"content":{"rendered":"\n<p><em>Nesta quinta-feira (8), foi desenvolvida a atividade &#8216;Caixa Misteriosa&#8217;&nbsp;<\/em><\/p>\n\n\n\n<p>Mais de 20 alunos do 4\u00b0 ano do ensino fundamental da Escola Municipal Margarida Rosa Marques Galv\u00e3o, na Amendoeira, participaram do \u201cProjeto Meu Ambiente\u201d, nesta tarde de quinta-feira (8). A atividade &#8216;Caixa Misteriosa&#8217; trabalhou com as crian\u00e7as o tema da reciclagem.<\/p>\n\n\n\n<p>A atividade consistia nos alunos retirando da &#8216;Caixa Misteriosa&#8217; itens como pap\u00e9is, garrafas pl\u00e1stica, papel\u00e3o, dentre outros. A partir da\u00ed, era debatido se o material era recicl\u00e1vel e o tempo que demorava para se decompor no meio ambiente, demonstrando para as crian\u00e7as a import\u00e2ncia da reciclagem e de n\u00e3o jogar lixo nas ruas.<\/p>\n\n\n\n<p>A iniciativa, desenvolvida pela Secretaria de Meio Ambiente e Transportes da Prefeitura de S\u00e3o Gon\u00e7alo, em parceria com a Secretaria de Educa\u00e7\u00e3o, prop\u00f5e um processo cont\u00ednuo de ensino-aprendizagem interdisciplinar dentro das escolas, estimulando a reflex\u00e3o sobre sustentabilidade e preserva\u00e7\u00e3o ambiental, al\u00e9m de promover a conscientiza\u00e7\u00e3o sobre datas comemorativas relacionadas \u00e0 educa\u00e7\u00e3o ambiental, integrando esses temas \u00e0 pr\u00e1tica pedag\u00f3gica ao longo do ano letivo.<\/p>\n\n\n\n<p>Os temas s\u00e3o desenvolvidos pelos pr\u00f3prios professores das unidades de ensino. \u00c9 o que afirma Glauce Batista Junior, educadora ambiental e coordenadora do projeto.<\/p>\n\n\n\n<p>&#8220;N\u00f3s atuamos de acordo com o tema que os professores pedem e da\u00ed desenvolvemos a atividade. Hoje fizemos sobre reciclagem, explicando sobre os &#8216;tr\u00eas erres&#8217;, que referem-se aos princ\u00edpios de sustentabilidade que s\u00e3o &#8216;Reduzir, Reutilizar e Reciclar&#8217;. J\u00e1 fizemos sobre o dia da \u00e1gua, do solo, dos animais, e inclusive sobre reciclagem. Todas as atividades fazem parte do Programa Municipal de Educa\u00e7\u00e3o Ambiental&#8221;, afirmou.<\/p>\n\n\n\n<p>Ana Julya da Cruz, de 9 anos, foi uma das alunas que participou do jogo da &#8216;Caixa Misteriosa&#8217;. &#8220;adorei, achei muito legal! Foi a primeira vez que aconteceu e eu queria que tivesse mais vezes&#8221;, disse ela, que retirou uma garrafa pl\u00e1stica da caixa.<\/p>\n\n\n\n<p>Ao todo, nove escolas municipais foram selecionadas para integrar o projeto. Nessas unidades, professores e alunos trabalhar\u00e3o juntos em atividades educativas voltadas para a sensibiliza\u00e7\u00e3o ambiental.&nbsp;<\/p>\n\n\n\n<p><em>Fotos: Julio Diniz<\/em><\/p>\n\n\n\n<p><strong><em>S\u00e3o Gon\u00e7alo vai mudar: Not\u00edcias de S\u00e3o Gon\u00e7alo e toda regi\u00e3o.<\/em><\/strong><\/p>\n\n\n\n<figure class=\"wp-block-image size-large\"><img fetchpriority=\"high\" decoding=\"async\" width=\"1024\" height=\"252\" src=\"https:\/\/sgvaimudar.com.br\/wp-content\/uploads\/2025\/03\/Anuncie-Aqui-Sao-Goncalo-vai-mudar-1024x252.jpg\" alt=\"\" class=\"wp-image-22693\" srcset=\"https:\/\/sgvaimudar.com.br\/wp-content\/uploads\/2025\/03\/Anuncie-Aqui-Sao-Goncalo-vai-mudar-1024x252.jpg 1024w, https:\/\/sgvaimudar.com.br\/wp-content\/uploads\/2025\/03\/Anuncie-Aqui-Sao-Goncalo-vai-mudar-300x74.jpg 300w, https:\/\/sgvaimudar.com.br\/wp-content\/uploads\/2025\/03\/Anuncie-Aqui-Sao-Goncalo-vai-mudar-768x189.jpg 768w, https:\/\/sgvaimudar.com.br\/wp-content\/uploads\/2025\/03\/Anuncie-Aqui-Sao-Goncalo-vai-mudar-1536x378.jpg 1536w, https:\/\/sgvaimudar.com.br\/wp-content\/uploads\/2025\/03\/Anuncie-Aqui-Sao-Goncalo-vai-mudar-2048x504.jpg 2048w\" sizes=\"(max-width: 1024px) 100vw, 1024px\" \/><\/figure>\n","protected":false},"excerpt":{"rendered":"<p>Nesta quinta-feira (8), foi desenvolvida a atividade &#8216;Caixa Misteriosa&#8217;&nbsp; Mais de 20 alunos do 4\u00b0 ano do ensino fundamental da&hellip;<\/p>\n","protected":false},"author":5,"featured_media":24728,"comment_status":"open","ping_status":"open","sticky":false,"template":"","format":"standard","meta":{"fifu_image_url":"","fifu_image_alt":"","footnotes":""},"categories":[3],"tags":[],"class_list":["post-24727","post","type-post","status-publish","format-standard","has-post-thumbnail","hentry","category-sao-goncalo"],"_links":{"self":[{"href":"https:\/\/sgvaimudar.com.br\/index.php\/wp-json\/wp\/v2\/posts\/24727","targetHints":{"allow":["GET"]}}],"collection":[{"href":"https:\/\/sgvaimudar.com.br\/index.php\/wp-json\/wp\/v2\/posts"}],"about":[{"href":"https:\/\/sgvaimudar.com.br\/index.php\/wp-json\/wp\/v2\/types\/post"}],"author":[{"embeddable":true,"href":"https:\/\/sgvaimudar.com.br\/index.php\/wp-json\/wp\/v2\/users\/5"}],"replies":[{"embeddable":true,"href":"https:\/\/sgvaimudar.com.br\/index.php\/wp-json\/wp\/v2\/comments?post=24727"}],"version-history":[{"count":1,"href":"https:\/\/sgvaimudar.com.br\/index.php\/wp-json\/wp\/v2\/posts\/24727\/revisions"}],"predecessor-version":[{"id":24729,"href":"https:\/\/sgvaimudar.com.br\/index.php\/wp-json\/wp\/v2\/posts\/24727\/revisions\/24729"}],"wp:featuredmedia":[{"embeddable":true,"href":"https:\/\/sgvaimudar.com.br\/index.php\/wp-json\/wp\/v2\/media\/24728"}],"wp:attachment":[{"href":"https:\/\/sgvaimudar.com.br\/index.php\/wp-json\/wp\/v2\/media?parent=24727"}],"wp:term":[{"taxonomy":"category","embeddable":true,"href":"https:\/\/sgvaimudar.com.br\/index.php\/wp-json\/wp\/v2\/categories?post=24727"},{"taxonomy":"post_tag","embeddable":true,"href":"https:\/\/sgvaimudar.com.br\/index.php\/wp-json\/wp\/v2\/tags?post=24727"}],"curies":[{"name":"wp","href":"https:\/\/api.w.org\/{rel}","templated":true}]}}