{"id":24724,"date":"2025-05-09T13:00:00","date_gmt":"2025-05-09T16:00:00","guid":{"rendered":"https:\/\/sgvaimudar.com.br\/?p=24724"},"modified":"2025-05-09T12:05:59","modified_gmt":"2025-05-09T15:05:59","slug":"subsecretaria-de-odontologia-goncalense-faz-dia-d-de-saude-bucal-nas-escolas-da-rede-municipal","status":"publish","type":"post","link":"https:\/\/sgvaimudar.com.br\/index.php\/2025\/05\/09\/subsecretaria-de-odontologia-goncalense-faz-dia-d-de-saude-bucal-nas-escolas-da-rede-municipal\/","title":{"rendered":"Subsecretaria de Odontologia gon\u00e7alense faz Dia D de sa\u00fade bucal nas escolas da rede municipal"},"content":{"rendered":"\n<p><em>Programa Sa\u00fade na Escola atende a todas as unidades<\/em><\/p>\n\n\n\n<p>A Escola Municipal Professor Paulo Roberto Azeredo, no Pacheco, recebeu a\u00e7\u00e3o especial nesta quinta-feira (08). A atividade faz parte do Dia D Mais Sa\u00fade Bucal na Escola e atender\u00e1, durante todo o dia, 835 alunos. Outras 166 unidades v\u00e3o receber a visita da Subsecretaria de Odontologia da Secretaria de Sa\u00fade da Prefeitura de S\u00e3o Gon\u00e7alo, em parceria com a Secretaria de Educa\u00e7\u00e3o, durante o ano, atrav\u00e9s do Programa Sa\u00fade na Escola (PSE).<\/p>\n\n\n\n<p>Todos os estudantes tiveram palestra de orienta\u00e7\u00e3o de higiene oral e avalia\u00e7\u00e3o cl\u00ednica. \u201cA gente ensina a escovar os dentes, a periodicidade que deve ser feita a escova\u00e7\u00e3o, fala sobre a import\u00e2ncia da limpeza e de uma alimenta\u00e7\u00e3o saud\u00e1vel, faz a avalia\u00e7\u00e3o dos dentes e, quando necess\u00e1rio, encaminhamos para fazer o tratamento dent\u00e1rio adequado em unidade de sa\u00fade mais pr\u00f3xima\u201d, explicou a coordenadora da sa\u00fade bucal do PSE, Mar\u00edlia Peon.\u00a0\u00a0<\/p>\n\n\n\n<p>Apesar da unidade ter sido escolhida para realizar o Dia D Mais, todas as outras 166 unidades escolares pactuadas com o PSE ser\u00e3o contempladas pela a\u00e7\u00e3o at\u00e9 o fim do ano. \u201cH\u00e1 um planejamento anual para as a\u00e7\u00f5es do PSE e a orienta\u00e7\u00e3o da sa\u00fade bucal \u00e9 uma delas. As a\u00e7\u00f5es come\u00e7aram em mar\u00e7o, logo no in\u00edcio do ano letivo\u201d, contou a coordenadora do PSE da Secretaria de Sa\u00fade, M\u00f4nica Marques.\u00a0\u00a0\u00a0\u00a0\u00a0<\/p>\n\n\n\n<p>O objetivo \u00e9 manter a sa\u00fade bucal dos estudantes, evitando complica\u00e7\u00f5es e doen\u00e7as que podem surgir pela falta da limpeza dos dentes. O PSE contribui para a forma\u00e7\u00e3o integral dos estudantes por meio de a\u00e7\u00f5es de promo\u00e7\u00e3o, preven\u00e7\u00e3o e aten\u00e7\u00e3o \u00e0 sa\u00fade para combater as vulnerabilidades que comprometem o pleno desenvolvimento das crian\u00e7as da rede p\u00fablica de ensino.\u00a0<\/p>\n\n\n\n<p><em>Foto: Julio Diniz<\/em><\/p>\n\n\n\n<p><strong><em>S\u00e3o Gon\u00e7alo vai mudar: Not\u00edcias de S\u00e3o Gon\u00e7alo e toda regi\u00e3o.<\/em><\/strong><\/p>\n\n\n\n<figure class=\"wp-block-image size-large\"><img fetchpriority=\"high\" decoding=\"async\" width=\"1024\" height=\"252\" src=\"https:\/\/sgvaimudar.com.br\/wp-content\/uploads\/2023\/10\/Anuncie-Aqui-Sao-Goncalo-vai-mudar-2-1024x252.jpg\" alt=\"\" class=\"wp-image-3625\" srcset=\"https:\/\/sgvaimudar.com.br\/wp-content\/uploads\/2023\/10\/Anuncie-Aqui-Sao-Goncalo-vai-mudar-2-1024x252.jpg 1024w, https:\/\/sgvaimudar.com.br\/wp-content\/uploads\/2023\/10\/Anuncie-Aqui-Sao-Goncalo-vai-mudar-2-300x74.jpg 300w, https:\/\/sgvaimudar.com.br\/wp-content\/uploads\/2023\/10\/Anuncie-Aqui-Sao-Goncalo-vai-mudar-2-768x189.jpg 768w, https:\/\/sgvaimudar.com.br\/wp-content\/uploads\/2023\/10\/Anuncie-Aqui-Sao-Goncalo-vai-mudar-2-1536x378.jpg 1536w, https:\/\/sgvaimudar.com.br\/wp-content\/uploads\/2023\/10\/Anuncie-Aqui-Sao-Goncalo-vai-mudar-2-2048x504.jpg 2048w\" sizes=\"(max-width: 1024px) 100vw, 1024px\" \/><\/figure>\n","protected":false},"excerpt":{"rendered":"<p>Programa Sa\u00fade na Escola atende a todas as unidades A Escola Municipal Professor Paulo Roberto Azeredo, no Pacheco, recebeu a\u00e7\u00e3o&hellip;<\/p>\n","protected":false},"author":5,"featured_media":24725,"comment_status":"open","ping_status":"open","sticky":false,"template":"","format":"standard","meta":{"fifu_image_url":"","fifu_image_alt":"","footnotes":""},"categories":[7],"tags":[],"class_list":["post-24724","post","type-post","status-publish","format-standard","has-post-thumbnail","hentry","category-saude"],"_links":{"self":[{"href":"https:\/\/sgvaimudar.com.br\/index.php\/wp-json\/wp\/v2\/posts\/24724","targetHints":{"allow":["GET"]}}],"collection":[{"href":"https:\/\/sgvaimudar.com.br\/index.php\/wp-json\/wp\/v2\/posts"}],"about":[{"href":"https:\/\/sgvaimudar.com.br\/index.php\/wp-json\/wp\/v2\/types\/post"}],"author":[{"embeddable":true,"href":"https:\/\/sgvaimudar.com.br\/index.php\/wp-json\/wp\/v2\/users\/5"}],"replies":[{"embeddable":true,"href":"https:\/\/sgvaimudar.com.br\/index.php\/wp-json\/wp\/v2\/comments?post=24724"}],"version-history":[{"count":1,"href":"https:\/\/sgvaimudar.com.br\/index.php\/wp-json\/wp\/v2\/posts\/24724\/revisions"}],"predecessor-version":[{"id":24726,"href":"https:\/\/sgvaimudar.com.br\/index.php\/wp-json\/wp\/v2\/posts\/24724\/revisions\/24726"}],"wp:featuredmedia":[{"embeddable":true,"href":"https:\/\/sgvaimudar.com.br\/index.php\/wp-json\/wp\/v2\/media\/24725"}],"wp:attachment":[{"href":"https:\/\/sgvaimudar.com.br\/index.php\/wp-json\/wp\/v2\/media?parent=24724"}],"wp:term":[{"taxonomy":"category","embeddable":true,"href":"https:\/\/sgvaimudar.com.br\/index.php\/wp-json\/wp\/v2\/categories?post=24724"},{"taxonomy":"post_tag","embeddable":true,"href":"https:\/\/sgvaimudar.com.br\/index.php\/wp-json\/wp\/v2\/tags?post=24724"}],"curies":[{"name":"wp","href":"https:\/\/api.w.org\/{rel}","templated":true}]}}