{"id":24716,"date":"2025-05-09T11:49:40","date_gmt":"2025-05-09T14:49:40","guid":{"rendered":"https:\/\/sgvaimudar.com.br\/?p=24716"},"modified":"2025-05-09T11:49:41","modified_gmt":"2025-05-09T14:49:41","slug":"alunos-do-ciug-participam-de-acao-de-plantio-no-muvi","status":"publish","type":"post","link":"https:\/\/sgvaimudar.com.br\/index.php\/2025\/05\/09\/alunos-do-ciug-participam-de-acao-de-plantio-no-muvi\/","title":{"rendered":"Alunos do Ciug participam de a\u00e7\u00e3o de plantio no Muvi"},"content":{"rendered":"\n<p><em>Atividade aconteceu nesta manh\u00e3 de quinta-feira (8) e contou com a presen\u00e7a do prefeito Capit\u00e3o Nelson<\/em><\/p>\n\n\n\n<p>Alunos e representantes do Centro Interescolar Ulysses Guimar\u00e3es (Ciug), da Prefeitura de S\u00e3o Gon\u00e7alo, participaram de mais uma a\u00e7\u00e3o de plantio no trecho 2 do corredor vi\u00e1rio Mobilidade Urbana Verde Integrada (Muvi). Ao todo, foram plantadas 18 mudas frut\u00edferas (pitanga, amora e uvaia) no trecho do corredor que fica de frente para o Centro, nesta quinta-feira (8).<\/p>\n\n\n\n<p>A a\u00e7\u00e3o \u00e9 uma parceria do Governo do Estado, atrav\u00e9s da equipe da Gest\u00e3o de Impacto Social da Secretaria de Estado das Cidades, com a Prefeitura de S\u00e3o Gon\u00e7alo, e faz parte da vertente de desenvolvimento sustent\u00e1vel proposta pelo Programa Obra Cidad\u00e3. <\/p>\n\n\n\n<figure class=\"wp-block-image size-large\"><img fetchpriority=\"high\" decoding=\"async\" width=\"1024\" height=\"715\" src=\"https:\/\/sgvaimudar.com.br\/wp-content\/uploads\/2025\/05\/unnamed-7-4-1024x715.jpg\" alt=\"\" class=\"wp-image-24718\" srcset=\"https:\/\/sgvaimudar.com.br\/wp-content\/uploads\/2025\/05\/unnamed-7-4-1024x715.jpg 1024w, https:\/\/sgvaimudar.com.br\/wp-content\/uploads\/2025\/05\/unnamed-7-4-300x210.jpg 300w, https:\/\/sgvaimudar.com.br\/wp-content\/uploads\/2025\/05\/unnamed-7-4-768x536.jpg 768w, https:\/\/sgvaimudar.com.br\/wp-content\/uploads\/2025\/05\/unnamed-7-4.jpg 1200w\" sizes=\"(max-width: 1024px) 100vw, 1024px\" \/><\/figure>\n\n\n\n<p>O trabalho contou com o apoio da Secretaria de Conserva\u00e7\u00e3o, que ajudou no plantio das mudas, al\u00e9m das Secretarias de Meio Ambiente e Transportes e de Ordem P\u00fablica, atrav\u00e9s da Guarda Municipal.<\/p>\n\n\n\n<p>O prefeito Capit\u00e3o Nelson esteve presente e destacou a import\u00e2ncia de a\u00e7\u00f5es como essa.<\/p>\n\n\n\n<p>&#8220;Mais uma vez, estamos aqui no Muvi realizando plantios de mudas. J\u00e1 fizemos atividades como essa com crian\u00e7as da rede municipal de ensino, em outros trechos. \u00c9 gratificante ver tanta gente envolvida na realiza\u00e7\u00e3o de uma S\u00e3o Gon\u00e7alo maior e, inclusive, mais verde. O projeto transforma a nossa cidade e, por isso, agrade\u00e7o ao secret\u00e1rio de Estado das Cidades, Douglas Ruas, e ao governador Cl\u00e1udio Castro, pela parceria&#8221;, disse o prefeito.<\/p>\n\n\n\n<p>Os plantios v\u00eam ocorrendo constantemente no MUVI e outros ser\u00e3o feitos ainda durante todo o trajeto do corredor vi\u00e1rio. Centenas de mudas de variadas esp\u00e9cies de \u00e1rvores (como Ip\u00ea, Escumilha, Ac\u00e1cia e Sibipiruna) j\u00e1 foram plantadas nos trechos 1, 2 e 3 do maior projeto de mobilidade urbana de S\u00e3o Gon\u00e7alo. Ao todo, mais de 1.200 mudas de \u00e1rvores e arbustos ser\u00e3o plantados ao longo do trajeto.<\/p>\n\n\n\n<p><strong>O projeto<\/strong>\u00a0\u2013 Segundo a Prefeitura, as obras do Muvi s\u00e3o executadas pela Secretaria de Estado das Cidades, em parceria com a Prefeitura de S\u00e3o Gon\u00e7alo. &#8220;O projeto contempla a cria\u00e7\u00e3o de um novo corredor vi\u00e1rio, com pistas preferenciais de \u00f4nibus e ciclovia, ligando o bairro de Neves a Guaxindiba, trecho onde s\u00e3o previstas v\u00e1rias interven\u00e7\u00f5es urban\u00edsticas e de paisagismo. Com investimento de R$ R$ 287 milh\u00f5es, o corredor ter\u00e1 18 quil\u00f4metros de extens\u00e3o&#8221;, disse o poder p\u00fablico no texto.<\/p>\n\n\n\n<p><em>Foto: Karina Cruz\/Secretaria das Cidades<\/em><\/p>\n\n\n\n<p><strong><em>S\u00e3o Gon\u00e7alo vai mudar: Not\u00edcias de S\u00e3o Gon\u00e7alo e toda regi\u00e3o.<\/em><\/strong><\/p>\n\n\n\n<figure class=\"wp-block-image size-large\"><img decoding=\"async\" width=\"1024\" height=\"252\" src=\"https:\/\/sgvaimudar.com.br\/wp-content\/uploads\/2025\/03\/Anuncie-Aqui-Sao-Goncalo-vai-mudar-1024x252.jpg\" alt=\"\" class=\"wp-image-22693\" srcset=\"https:\/\/sgvaimudar.com.br\/wp-content\/uploads\/2025\/03\/Anuncie-Aqui-Sao-Goncalo-vai-mudar-1024x252.jpg 1024w, https:\/\/sgvaimudar.com.br\/wp-content\/uploads\/2025\/03\/Anuncie-Aqui-Sao-Goncalo-vai-mudar-300x74.jpg 300w, https:\/\/sgvaimudar.com.br\/wp-content\/uploads\/2025\/03\/Anuncie-Aqui-Sao-Goncalo-vai-mudar-768x189.jpg 768w, https:\/\/sgvaimudar.com.br\/wp-content\/uploads\/2025\/03\/Anuncie-Aqui-Sao-Goncalo-vai-mudar-1536x378.jpg 1536w, https:\/\/sgvaimudar.com.br\/wp-content\/uploads\/2025\/03\/Anuncie-Aqui-Sao-Goncalo-vai-mudar-2048x504.jpg 2048w\" sizes=\"(max-width: 1024px) 100vw, 1024px\" \/><\/figure>\n","protected":false},"excerpt":{"rendered":"<p>Atividade aconteceu nesta manh\u00e3 de quinta-feira (8) e contou com a presen\u00e7a do prefeito Capit\u00e3o Nelson Alunos e representantes do&hellip;<\/p>\n","protected":false},"author":5,"featured_media":24717,"comment_status":"open","ping_status":"open","sticky":false,"template":"","format":"standard","meta":{"fifu_image_url":"","fifu_image_alt":"","footnotes":""},"categories":[3],"tags":[],"class_list":["post-24716","post","type-post","status-publish","format-standard","has-post-thumbnail","hentry","category-sao-goncalo"],"_links":{"self":[{"href":"https:\/\/sgvaimudar.com.br\/index.php\/wp-json\/wp\/v2\/posts\/24716","targetHints":{"allow":["GET"]}}],"collection":[{"href":"https:\/\/sgvaimudar.com.br\/index.php\/wp-json\/wp\/v2\/posts"}],"about":[{"href":"https:\/\/sgvaimudar.com.br\/index.php\/wp-json\/wp\/v2\/types\/post"}],"author":[{"embeddable":true,"href":"https:\/\/sgvaimudar.com.br\/index.php\/wp-json\/wp\/v2\/users\/5"}],"replies":[{"embeddable":true,"href":"https:\/\/sgvaimudar.com.br\/index.php\/wp-json\/wp\/v2\/comments?post=24716"}],"version-history":[{"count":1,"href":"https:\/\/sgvaimudar.com.br\/index.php\/wp-json\/wp\/v2\/posts\/24716\/revisions"}],"predecessor-version":[{"id":24719,"href":"https:\/\/sgvaimudar.com.br\/index.php\/wp-json\/wp\/v2\/posts\/24716\/revisions\/24719"}],"wp:featuredmedia":[{"embeddable":true,"href":"https:\/\/sgvaimudar.com.br\/index.php\/wp-json\/wp\/v2\/media\/24717"}],"wp:attachment":[{"href":"https:\/\/sgvaimudar.com.br\/index.php\/wp-json\/wp\/v2\/media?parent=24716"}],"wp:term":[{"taxonomy":"category","embeddable":true,"href":"https:\/\/sgvaimudar.com.br\/index.php\/wp-json\/wp\/v2\/categories?post=24716"},{"taxonomy":"post_tag","embeddable":true,"href":"https:\/\/sgvaimudar.com.br\/index.php\/wp-json\/wp\/v2\/tags?post=24716"}],"curies":[{"name":"wp","href":"https:\/\/api.w.org\/{rel}","templated":true}]}}