{"id":24692,"date":"2025-05-08T16:00:00","date_gmt":"2025-05-08T19:00:00","guid":{"rendered":"https:\/\/sgvaimudar.com.br\/?p=24692"},"modified":"2025-05-08T10:19:36","modified_gmt":"2025-05-08T13:19:36","slug":"ambulantes-de-itaborai-ganham-novo-espaco-no-comercio-popular-de-manilha","status":"publish","type":"post","link":"https:\/\/sgvaimudar.com.br\/index.php\/2025\/05\/08\/ambulantes-de-itaborai-ganham-novo-espaco-no-comercio-popular-de-manilha\/","title":{"rendered":"Ambulantes de Itabora\u00ed ganham novo espa\u00e7o no Com\u00e9rcio Popular de Manilha"},"content":{"rendered":"\n<p>A Prefeitura de Itabora\u00ed deu in\u00edcio \u00e0 transi\u00e7\u00e3o dos ambulantes para o novo espa\u00e7o do Com\u00e9rcio Popular de Manilha. A a\u00e7\u00e3o \u00e9 coordenada pela Subprefeitura de Manilha, em parceria com a Secretaria Municipal de Fazenda e Tecnologia (Semfat), por meio da equipe de Postura, e marca um passo importante na organiza\u00e7\u00e3o e valoriza\u00e7\u00e3o dos trabalhadores que atuam no com\u00e9rcio de rua da regi\u00e3o.<\/p>\n\n\n\n<p>Durante a reuni\u00e3o realizada na rua Arthur Souto, local onde est\u00e1 sendo implantado o novo espa\u00e7o para com\u00e9rcio, os ambulantes com cadastro atualizado e em situa\u00e7\u00e3o regular foram convocados para receber a autoriza\u00e7\u00e3o de ocupa\u00e7\u00e3o das novas barracas. <\/p>\n\n\n\n<p>A distribui\u00e7\u00e3o das estruturas respeitou a ordem de antiguidade dos trabalhadores, garantindo prioridade \u00e0queles que j\u00e1 atuam h\u00e1 anos em Manilha. A montagem das barracas come\u00e7ou nesta quarta-feira (07\/05) e a mudan\u00e7a para o novo espa\u00e7o dever\u00e1 ser conclu\u00edda at\u00e9 a pr\u00f3xima segunda-feira (12\/05).<\/p>\n\n\n\n<figure class=\"wp-block-image size-full\"><img fetchpriority=\"high\" decoding=\"async\" width=\"639\" height=\"426\" src=\"https:\/\/sgvaimudar.com.br\/wp-content\/uploads\/2025\/05\/Prefeitura-de-Itaborai-inicia-transicao-para-o-novo-espaco-do-Comercio-Popular-de-Manilha-2.jpeg\" alt=\"\" class=\"wp-image-24694\" srcset=\"https:\/\/sgvaimudar.com.br\/wp-content\/uploads\/2025\/05\/Prefeitura-de-Itaborai-inicia-transicao-para-o-novo-espaco-do-Comercio-Popular-de-Manilha-2.jpeg 639w, https:\/\/sgvaimudar.com.br\/wp-content\/uploads\/2025\/05\/Prefeitura-de-Itaborai-inicia-transicao-para-o-novo-espaco-do-Comercio-Popular-de-Manilha-2-300x200.jpeg 300w\" sizes=\"(max-width: 639px) 100vw, 639px\" \/><\/figure>\n\n\n\n<p>Durante o encontro, os ambulantes tamb\u00e9m receberam uma mensagem do prefeito de Itabora\u00ed, Marcelo Delaroli, por chamada de v\u00eddeo. O chefe do Executivo destacou o compromisso da gest\u00e3o com os trabalhadores e a import\u00e2ncia do di\u00e1logo em todas as etapas do processo.<\/p>\n\n\n\n<p>\u201cAlegria grande estar com voc\u00eas, mesmo que \u00e0 dist\u00e2ncia. Eu sempre disse ao J\u00fanior Abreu e \u00e0 equipe que a gente tinha que fazer esse processo com cuidado, ouvindo cada um de voc\u00eas. Foi tudo pensado para que ficasse bom para todo mundo. Nosso compromisso \u00e9 esse: fazer com que todos se sintam valorizados. Estamos juntos!\u201d, disse Marcelo Delaroli.<\/p>\n\n\n\n<p>Os trabalhadores que ainda n\u00e3o possuem cadastro regular foram orientados a procurar a Secretaria de Fazenda para se inscreverem e compor uma lista de espera. A possibilidade de amplia\u00e7\u00e3o do n\u00famero de barracas ser\u00e1 avaliada conforme a ocupa\u00e7\u00e3o da \u00e1rea e a viabilidade t\u00e9cnica de expans\u00e3o do espa\u00e7o.<\/p>\n\n\n\n<p>O subprefeito de Manilha, J\u00fanior Abreu, refor\u00e7ou a import\u00e2ncia do novo Com\u00e9rcio Popular e a import\u00e2ncia do di\u00e1logo e planejamento, para que essa transforma\u00e7\u00e3o seja ben\u00e9fica para todos.<\/p>\n\n\n\n<p>\u201cO momento que estamos vivendo hoje \u00e9 resultado de muito di\u00e1logo, escuta e planejamento. Trabalhamos com responsabilidade para garantir um espa\u00e7o digno e organizado para quem j\u00e1 atua aqui h\u00e1 tantos anos. A prioridade sempre foi fazer o que \u00e9 justo para todos, e \u00e9 isso que estamos colocando em pr\u00e1tica agora\u201d, destacou o subprefeito de Manilha.<\/p>\n\n\n\n<p>O novo Com\u00e9rcio Popular de Manilha \u00e9 mais um investimento da Prefeitura de Itabora\u00ed na requalifica\u00e7\u00e3o urbana e na valoriza\u00e7\u00e3o do com\u00e9rcio local, com foco na organiza\u00e7\u00e3o, seguran\u00e7a e melhores condi\u00e7\u00f5es de trabalho para os ambulantes.<\/p>\n\n\n\n<p><strong><em>S\u00e3o Gon\u00e7alo vai mudar: Not\u00edcias de S\u00e3o Gon\u00e7alo e toda regi\u00e3o.<\/em><\/strong><\/p>\n\n\n\n<figure class=\"wp-block-image size-large\"><img decoding=\"async\" width=\"1024\" height=\"252\" src=\"https:\/\/sgvaimudar.com.br\/wp-content\/uploads\/2025\/03\/Anuncie-Aqui-Sao-Goncalo-vai-mudar-1024x252.jpg\" alt=\"\" class=\"wp-image-22693\" srcset=\"https:\/\/sgvaimudar.com.br\/wp-content\/uploads\/2025\/03\/Anuncie-Aqui-Sao-Goncalo-vai-mudar-1024x252.jpg 1024w, https:\/\/sgvaimudar.com.br\/wp-content\/uploads\/2025\/03\/Anuncie-Aqui-Sao-Goncalo-vai-mudar-300x74.jpg 300w, https:\/\/sgvaimudar.com.br\/wp-content\/uploads\/2025\/03\/Anuncie-Aqui-Sao-Goncalo-vai-mudar-768x189.jpg 768w, https:\/\/sgvaimudar.com.br\/wp-content\/uploads\/2025\/03\/Anuncie-Aqui-Sao-Goncalo-vai-mudar-1536x378.jpg 1536w, https:\/\/sgvaimudar.com.br\/wp-content\/uploads\/2025\/03\/Anuncie-Aqui-Sao-Goncalo-vai-mudar-2048x504.jpg 2048w\" sizes=\"(max-width: 1024px) 100vw, 1024px\" \/><\/figure>\n","protected":false},"excerpt":{"rendered":"<p>A Prefeitura de Itabora\u00ed deu in\u00edcio \u00e0 transi\u00e7\u00e3o dos ambulantes para o novo espa\u00e7o do Com\u00e9rcio Popular de Manilha. A&hellip;<\/p>\n","protected":false},"author":5,"featured_media":24693,"comment_status":"open","ping_status":"open","sticky":false,"template":"","format":"standard","meta":{"fifu_image_url":"","fifu_image_alt":"","footnotes":""},"categories":[36],"tags":[],"class_list":["post-24692","post","type-post","status-publish","format-standard","has-post-thumbnail","hentry","category-bem-estar"],"_links":{"self":[{"href":"https:\/\/sgvaimudar.com.br\/index.php\/wp-json\/wp\/v2\/posts\/24692","targetHints":{"allow":["GET"]}}],"collection":[{"href":"https:\/\/sgvaimudar.com.br\/index.php\/wp-json\/wp\/v2\/posts"}],"about":[{"href":"https:\/\/sgvaimudar.com.br\/index.php\/wp-json\/wp\/v2\/types\/post"}],"author":[{"embeddable":true,"href":"https:\/\/sgvaimudar.com.br\/index.php\/wp-json\/wp\/v2\/users\/5"}],"replies":[{"embeddable":true,"href":"https:\/\/sgvaimudar.com.br\/index.php\/wp-json\/wp\/v2\/comments?post=24692"}],"version-history":[{"count":1,"href":"https:\/\/sgvaimudar.com.br\/index.php\/wp-json\/wp\/v2\/posts\/24692\/revisions"}],"predecessor-version":[{"id":24695,"href":"https:\/\/sgvaimudar.com.br\/index.php\/wp-json\/wp\/v2\/posts\/24692\/revisions\/24695"}],"wp:featuredmedia":[{"embeddable":true,"href":"https:\/\/sgvaimudar.com.br\/index.php\/wp-json\/wp\/v2\/media\/24693"}],"wp:attachment":[{"href":"https:\/\/sgvaimudar.com.br\/index.php\/wp-json\/wp\/v2\/media?parent=24692"}],"wp:term":[{"taxonomy":"category","embeddable":true,"href":"https:\/\/sgvaimudar.com.br\/index.php\/wp-json\/wp\/v2\/categories?post=24692"},{"taxonomy":"post_tag","embeddable":true,"href":"https:\/\/sgvaimudar.com.br\/index.php\/wp-json\/wp\/v2\/tags?post=24692"}],"curies":[{"name":"wp","href":"https:\/\/api.w.org\/{rel}","templated":true}]}}