{"id":24680,"date":"2025-05-08T12:59:00","date_gmt":"2025-05-08T15:59:00","guid":{"rendered":"https:\/\/sgvaimudar.com.br\/?p=24680"},"modified":"2025-05-08T09:55:47","modified_gmt":"2025-05-08T12:55:47","slug":"celsinho-da-vila-vintem-e-preso-pela-policia-civil","status":"publish","type":"post","link":"https:\/\/sgvaimudar.com.br\/index.php\/2025\/05\/08\/celsinho-da-vila-vintem-e-preso-pela-policia-civil\/","title":{"rendered":"Celsinho da Vila Vint\u00e9m \u00e9 preso pela Pol\u00edcia Civil"},"content":{"rendered":"\n<p><em>Segundo investiga\u00e7\u00f5es, ele estava se aliando a outros chefes de grupos rivais para promover disputas territoriais e retomar comunidades de Santa Cruz que est\u00e3o atualmente sob influ\u00eancia da mil\u00edcia<\/em><\/p>\n\n\n\n<p>Celso Lu\u00eds Rodrigues, o Celsinho da Vila Vint\u00e9m, de 63 anos, foi preso nesta quinta-feira (8\/5) pela Pol\u00edcia Civil durante opera\u00e7\u00e3o na Vila Vint\u00e9m, em Padre Miguel, na Zona Oeste do Rio. <\/p>\n\n\n\n<p>Ele \u00e9 apontado pela corpora\u00e7\u00e3o como uma das principais frentes do crime organizado no estado. Segundo investiga\u00e7\u00f5es, Celsinho \u2014 fundador da fac\u00e7\u00e3o Amigo dois Amigos (ADA) \u2014 aliou-se a chefes do Comando Vermelho (CV) em disputas territoriais para retomar comunidades de Santa Cruz, ainda na Zona Oeste, que est\u00e3o atualmente sob influ\u00eancia da mil\u00edcia.<\/p>\n\n\n\n<p>A pris\u00e3o foi no \u00e2mbito da Opera\u00e7\u00e3o Conten\u00e7\u00e3o, que visa a conter e atacar o avan\u00e7o territorial do CV na Zona Oeste do Rio. O principal objetivo \u00e9 desarticular a estrutura financeira, log\u00edstica e operacional da organiza\u00e7\u00e3o criminosa, al\u00e9m de prender traficantes que atuam na regi\u00e3o. Desde que a a\u00e7\u00e3o foi deflagrada, j\u00e1 foi pedido \u00e0 Justi\u00e7a o bloqueio de mais de R$ 6 bilh\u00f5es em bens e valores da fac\u00e7\u00e3o criminosa.<\/p>\n\n\n\n<p>Celsinho foi localizado por equipes da 32\u00aa DP (Taquara), da Delegacia de Roubos e Furtos de Cargas (DRFC) e da Subsecretaria de Intelig\u00eancia (Ssinte). Ele foi preso na Rua General Jos\u00e9 Faustino, principal acesso \u00e0 Vila Vint\u00e9m. O traficante foi levado para a Cidade da Pol\u00edcia, no Jacarezinho, na Zona Norte do Rio, num blindado da Delegacia de Roubos e Furtos de Cargas (DRFC), num forte esquema de seguran\u00e7a. Celsinho estava descal\u00e7o, com camisa preta e cal\u00e7a azul.<\/p>\n\n\n\n<p>Por volta das 8h, o advogado Max Marques chegou \u00e0 Cidpol com rem\u00e9dios e roupas para ele. Segundo o defensor, Celsinho ficou surpreso com a pris\u00e3o pois &#8220;n\u00e3o participa de qualquer atividade il\u00edcita&#8221; e vem acompanhando a esposa, que trata um c\u00e2ncer.<\/p>\n\n\n\n<p>\u2014 N\u00e3o tivemos acesso \u00e0s investiga\u00e7\u00f5es, mas, de qualquer forma, a gente acredita que seja mais uma for\u00e7a\u00e7\u00e3o em cima do econ\u00f4mico hist\u00f3rico que ele tem. Porque n\u00e3o h\u00e1 nada, ele n\u00e3o participa de qualquer atividade il\u00edcita. Mais uma vez, eu refor\u00e7o isso. Ent\u00e3o, n\u00e3o h\u00e1 como a Pol\u00edcia Civil dizer que ele tem envolvimento ainda em tr\u00e1fico. Mas tudo vai ser esclarecido na Justi\u00e7a \u2014 disse Max.<\/p>\n\n\n\n<p>Ele afirmou ainda que, quando tiver acesso aos autos, saber\u00e1 do que o cliente est\u00e1 sendo acusado. E citou ainda que Celsinho foi preso de cuecas, desarmado e sem seguran\u00e7as:<\/p>\n\n\n\n<p>\u2014 Em uma casa que ele mora h\u00e1 mais de 20 anos com a fam\u00edlia dele. Resid\u00eancia fixa. Ent\u00e3o, n\u00e3o teve qualquer resist\u00eancia de parte dele.<\/p>\n\n\n\n<p>Sobre o fato de Celsinho j\u00e1 ter afirmado que vivia o tr\u00e1fico de drogas, Max disse que, hoje em dia, o cen\u00e1rio \u00e9 outro. Em rela\u00e7\u00e3o \u00e0 associa\u00e7\u00e3o com o CV, conforme indicam as investiga\u00e7\u00f5es, o advogado afirmou que Celsinho &#8220;n\u00e3o tem como ter liga\u00e7\u00e3o com ningu\u00e9m j\u00e1 que n\u00e3o faz mais parte do crime&#8221;. E frisou que o cliente continua a criar porcos.<\/p>\n\n\n\n<p><strong>INVESTIGA\u00c7\u00c3O &#8211; <\/strong>A uni\u00e3o entre CV e ADA n\u00e3o \u00e9 recente. Em julho do ano passado, a pol\u00edcia investigava, por exemplo, uma alian\u00e7a entre as fac\u00e7\u00f5es para uma tentativa de invas\u00f5es na Zona Oeste. Havia investidas em comunidades como Catiri, em Bangu, e Carobinha, em Campo Grande, ent\u00e3o dominadas pela mil\u00edcia. Naquele per\u00edodo, houve confrontos tamb\u00e9m no Fumac\u00ea, em Realengo, num tentativa de retomada da regi\u00e3o por uma outra fac\u00e7\u00e3o, o Terceiro Comando Puro (TCP). O bando controlava o tr\u00e1fico na regi\u00e3o, mas teria sido expulsa por bandidos da ADA.<\/p>\n\n\n\n<p>Celsinho da Vila Vint\u00e9m j\u00e1 foi o bandido mais procurado do Rio dos anos 1990. Ficou preso por 25 anos. Quando saiu da cadeia em outubro de 2022, com 61 anos, ele disse que n\u00e3o voltaria mais a praticar crimes e afirmou, em fevereiro do ano passado, estar criando porcos na Vila Vint\u00e9m.<\/p>\n\n\n\n<p>O traficante fundou a ADA em 1996 ap\u00f3s um racha do CV. Em 14 de junho de 1994, numa disputa pelo controle de rotas de remessas de drogas para o Rio, Ernaldo Pinto de Medeiros, o U\u00ea, assassinou seu ent\u00e3o c\u00famplice Orlando da Concei\u00e7\u00e3o, o Orlando Jogador, que na \u00e9poca era o maior expoente da quadrilha e chefiava o tr\u00e1fico no Complexo do Alem\u00e3o. U\u00ea foi expulso do CV e, ap\u00f3s ser preso, se uniu a Celsinho e a Jos\u00e9 Carlos dos Reis Encina, o Escadinha. Foi quando a ADA surgiu.<\/p>\n\n\n\n<p>Celsinho come\u00e7ou na vida do crime com assaltos a caminh\u00f5es de carga na Avenida Brasil. As mercadorias roubadas eram distribu\u00eddas para moradores da Vila Vint\u00e9m, o que fez com que se tornasse querido na comunidade. Em meados da d\u00e9cada de 1990, ele assumiu o controle do tr\u00e1fico na regi\u00e3o.<\/p>\n\n\n\n<p>O traficante foi preso pela primeira vez em 1990. Seis anos depois, foi novamente capturado. Em 1998 fugiu vestido de policial militar do Hospital Penitenci\u00e1rio F\u00e1bio Macedo Soares. Em 2002, foi preso mais uma vez.<\/p>\n\n\n\n<p>Na ocasi\u00e3o, afirmou era traficante e que vivia do tr\u00e1fico. &#8220;Sou bandido. Mas eu sou um cara devagar, n\u00e3o dou tiro na pol\u00edcia. Eu fujo da pol\u00edcia. Compro meu pozinho, minha maconha e vendo&#8221;. Ele disse ainda que, na \u00e9poca, faturava &#8220;uns R$ 50 mil por semana&#8221;. &#8220;Mas tenho que pagar muitas coisas. Sobram s\u00f3 dez milzinhos por semana. Mando s\u00f3 na Vila Vint\u00e9m e no Curral das \u00c9guas&#8221;, afirmou.<\/p>\n\n\n\n<p><em>Fonte: CNN<\/em><\/p>\n\n\n\n<p><strong><em>Fa\u00e7a sua den\u00fancia pelo nosso WhatsApp: (21) <\/em><\/strong><strong><em>99744 5345<\/em><\/strong><strong><em><\/em><\/strong><\/p>\n\n\n\n<p><strong><em>S\u00e3o Gon\u00e7alo vai mudar: Not\u00edcias de S\u00e3o Gon\u00e7alo e toda regi\u00e3o.<\/em><\/strong><\/p>\n\n\n\n<figure class=\"wp-block-image size-large\"><img fetchpriority=\"high\" decoding=\"async\" width=\"1024\" height=\"252\" src=\"https:\/\/sgvaimudar.com.br\/wp-content\/uploads\/2023\/10\/Anuncie-Aqui-Sao-Goncalo-vai-mudar-2-1024x252.jpg\" alt=\"\" class=\"wp-image-3625\" srcset=\"https:\/\/sgvaimudar.com.br\/wp-content\/uploads\/2023\/10\/Anuncie-Aqui-Sao-Goncalo-vai-mudar-2-1024x252.jpg 1024w, https:\/\/sgvaimudar.com.br\/wp-content\/uploads\/2023\/10\/Anuncie-Aqui-Sao-Goncalo-vai-mudar-2-300x74.jpg 300w, https:\/\/sgvaimudar.com.br\/wp-content\/uploads\/2023\/10\/Anuncie-Aqui-Sao-Goncalo-vai-mudar-2-768x189.jpg 768w, https:\/\/sgvaimudar.com.br\/wp-content\/uploads\/2023\/10\/Anuncie-Aqui-Sao-Goncalo-vai-mudar-2-1536x378.jpg 1536w, https:\/\/sgvaimudar.com.br\/wp-content\/uploads\/2023\/10\/Anuncie-Aqui-Sao-Goncalo-vai-mudar-2-2048x504.jpg 2048w\" sizes=\"(max-width: 1024px) 100vw, 1024px\" \/><\/figure>\n","protected":false},"excerpt":{"rendered":"<p>Segundo investiga\u00e7\u00f5es, ele estava se aliando a outros chefes de grupos rivais para promover disputas territoriais e retomar comunidades de&hellip;<\/p>\n","protected":false},"author":5,"featured_media":24681,"comment_status":"open","ping_status":"open","sticky":false,"template":"","format":"standard","meta":{"fifu_image_url":"","fifu_image_alt":"","footnotes":""},"categories":[32],"tags":[],"class_list":["post-24680","post","type-post","status-publish","format-standard","has-post-thumbnail","hentry","category-casos-de-policia"],"_links":{"self":[{"href":"https:\/\/sgvaimudar.com.br\/index.php\/wp-json\/wp\/v2\/posts\/24680","targetHints":{"allow":["GET"]}}],"collection":[{"href":"https:\/\/sgvaimudar.com.br\/index.php\/wp-json\/wp\/v2\/posts"}],"about":[{"href":"https:\/\/sgvaimudar.com.br\/index.php\/wp-json\/wp\/v2\/types\/post"}],"author":[{"embeddable":true,"href":"https:\/\/sgvaimudar.com.br\/index.php\/wp-json\/wp\/v2\/users\/5"}],"replies":[{"embeddable":true,"href":"https:\/\/sgvaimudar.com.br\/index.php\/wp-json\/wp\/v2\/comments?post=24680"}],"version-history":[{"count":1,"href":"https:\/\/sgvaimudar.com.br\/index.php\/wp-json\/wp\/v2\/posts\/24680\/revisions"}],"predecessor-version":[{"id":24682,"href":"https:\/\/sgvaimudar.com.br\/index.php\/wp-json\/wp\/v2\/posts\/24680\/revisions\/24682"}],"wp:featuredmedia":[{"embeddable":true,"href":"https:\/\/sgvaimudar.com.br\/index.php\/wp-json\/wp\/v2\/media\/24681"}],"wp:attachment":[{"href":"https:\/\/sgvaimudar.com.br\/index.php\/wp-json\/wp\/v2\/media?parent=24680"}],"wp:term":[{"taxonomy":"category","embeddable":true,"href":"https:\/\/sgvaimudar.com.br\/index.php\/wp-json\/wp\/v2\/categories?post=24680"},{"taxonomy":"post_tag","embeddable":true,"href":"https:\/\/sgvaimudar.com.br\/index.php\/wp-json\/wp\/v2\/tags?post=24680"}],"curies":[{"name":"wp","href":"https:\/\/api.w.org\/{rel}","templated":true}]}}