{"id":24668,"date":"2025-05-08T13:00:00","date_gmt":"2025-05-08T16:00:00","guid":{"rendered":"https:\/\/sgvaimudar.com.br\/?p=24668"},"modified":"2025-05-08T09:35:02","modified_gmt":"2025-05-08T12:35:02","slug":"feira-da-agricultura-goncalense-e-sucesso-em-alcantara","status":"publish","type":"post","link":"https:\/\/sgvaimudar.com.br\/index.php\/2025\/05\/08\/feira-da-agricultura-goncalense-e-sucesso-em-alcantara\/","title":{"rendered":"Feira da Agricultura Gon\u00e7alense \u00e9 sucesso em Alc\u00e2ntara"},"content":{"rendered":"\n<p><em>Evento vai acontecer, uma vez por m\u00eas, no estacionamento da Secretaria de Educa\u00e7\u00e3o<\/em><\/p>\n\n\n\n<p>A Secretaria de Educa\u00e7\u00e3o da Prefeitura de S\u00e3o Gon\u00e7alo recebeu, nesta quarta-feira (7), a primeira edi\u00e7\u00e3o da Feira da Agricultura Gon\u00e7alense, no estacionamento da unidade. A feira vai acontecer em toda primeira quarta-feira do m\u00eas, das 8h \u00e0s 14h, e conta com frutas, legumes, latic\u00ednios e outros produtos org\u00e2nicos de produtores do munic\u00edpio. <\/p>\n\n\n\n<p>A iniciativa \u00e9 da Secretaria de Agricultura e Pesca, em parceria com a Secretaria de Educa\u00e7\u00e3o.<\/p>\n\n\n\n<p>A ideia \u00e9 fortalecer o agricultor e divulgar seus produtos, fazendo com que o gon\u00e7alense conhe\u00e7a e consuma, trazendo tamb\u00e9m retorno financeiro para os produtores. <\/p>\n\n\n\n<p>O secret\u00e1rio de Agricultura e Pesca, Magu dos Brinquedos, conta que, desde que assumiu a Secretaria, faz visitas recorrentes aos s\u00edtios e leva melhorias para facilitar a produ\u00e7\u00e3o rural.<\/p>\n\n\n\n<figure class=\"wp-block-image size-full\"><img fetchpriority=\"high\" decoding=\"async\" width=\"1024\" height=\"683\" src=\"https:\/\/sgvaimudar.com.br\/wp-content\/uploads\/2025\/05\/unnamed-10-3.jpg\" alt=\"\" class=\"wp-image-24669\" srcset=\"https:\/\/sgvaimudar.com.br\/wp-content\/uploads\/2025\/05\/unnamed-10-3.jpg 1024w, https:\/\/sgvaimudar.com.br\/wp-content\/uploads\/2025\/05\/unnamed-10-3-300x200.jpg 300w, https:\/\/sgvaimudar.com.br\/wp-content\/uploads\/2025\/05\/unnamed-10-3-768x512.jpg 768w\" sizes=\"(max-width: 1024px) 100vw, 1024px\" \/><\/figure>\n\n\n\n<p>\u201cTemos produtores de v\u00e1rias \u00e1reas rurais de S\u00e3o Gon\u00e7alo, como Monjolos, Guaxindiba e Santa Izabel. \u00c9 uma oportunidade de mostrar para o povo gon\u00e7alense, que muitas vezes n\u00e3o sabem, que tudo isso \u00e9 produzido aqui. N\u00f3s estamos visitando os s\u00edtios, conhecendo os produtores a fundo, entendendo as demandas e as necessidades, e, como reflexo disso, entendemos que a feira seria uma \u00f3tima oportunidade de fazer com que os produtores mostrassem seus produtos para o p\u00fablico\u201d, afirmou o secret\u00e1rio.&nbsp;<\/p>\n\n\n\n<p>A funcion\u00e1ria Ang\u00e9lica Concei\u00e7\u00e3o aproveitou para fazer as compras de sacol\u00e3o da semana. Ela entende que os produtos vindos da agricultura gon\u00e7alense possuem qualidade superior aos do mercado e n\u00e3o possuem agrot\u00f3xico.<\/p>\n\n\n\n<p>\u201cComprei muita coisa boa. Consegui um aipim fresquinho e super macio, beterraba, inhame, banana, a\u00e7afr\u00e3o da terra, pr\u00f3polis, tangerina e suco detox de goiaba e abacaxi com hortel\u00e3. Achei a iniciativa maravilhosa, os produtos t\u00eam muita qualidade e n\u00e3o possuem agrot\u00f3xico\u201d, disse Ang\u00e9lica.<\/p>\n\n\n\n<p>Fotos: Fabio Guimar\u00e3es<\/p>\n\n\n\n<p><strong><em>S\u00e3o Gon\u00e7alo vai mudar: Not\u00edcias de S\u00e3o Gon\u00e7alo e toda regi\u00e3o.<\/em><\/strong><\/p>\n\n\n\n<figure class=\"wp-block-image size-large\"><img decoding=\"async\" width=\"1024\" height=\"252\" src=\"https:\/\/sgvaimudar.com.br\/wp-content\/uploads\/2023\/10\/Anuncie-Aqui-Sao-Goncalo-vai-mudar-2-1024x252.jpg\" alt=\"\" class=\"wp-image-3625\" srcset=\"https:\/\/sgvaimudar.com.br\/wp-content\/uploads\/2023\/10\/Anuncie-Aqui-Sao-Goncalo-vai-mudar-2-1024x252.jpg 1024w, https:\/\/sgvaimudar.com.br\/wp-content\/uploads\/2023\/10\/Anuncie-Aqui-Sao-Goncalo-vai-mudar-2-300x74.jpg 300w, https:\/\/sgvaimudar.com.br\/wp-content\/uploads\/2023\/10\/Anuncie-Aqui-Sao-Goncalo-vai-mudar-2-768x189.jpg 768w, https:\/\/sgvaimudar.com.br\/wp-content\/uploads\/2023\/10\/Anuncie-Aqui-Sao-Goncalo-vai-mudar-2-1536x378.jpg 1536w, https:\/\/sgvaimudar.com.br\/wp-content\/uploads\/2023\/10\/Anuncie-Aqui-Sao-Goncalo-vai-mudar-2-2048x504.jpg 2048w\" sizes=\"(max-width: 1024px) 100vw, 1024px\" \/><\/figure>\n","protected":false},"excerpt":{"rendered":"<p>Evento vai acontecer, uma vez por m\u00eas, no estacionamento da Secretaria de Educa\u00e7\u00e3o A Secretaria de Educa\u00e7\u00e3o da Prefeitura de&hellip;<\/p>\n","protected":false},"author":5,"featured_media":24670,"comment_status":"open","ping_status":"open","sticky":false,"template":"","format":"standard","meta":{"fifu_image_url":"","fifu_image_alt":"","footnotes":""},"categories":[3],"tags":[],"class_list":["post-24668","post","type-post","status-publish","format-standard","has-post-thumbnail","hentry","category-sao-goncalo"],"_links":{"self":[{"href":"https:\/\/sgvaimudar.com.br\/index.php\/wp-json\/wp\/v2\/posts\/24668","targetHints":{"allow":["GET"]}}],"collection":[{"href":"https:\/\/sgvaimudar.com.br\/index.php\/wp-json\/wp\/v2\/posts"}],"about":[{"href":"https:\/\/sgvaimudar.com.br\/index.php\/wp-json\/wp\/v2\/types\/post"}],"author":[{"embeddable":true,"href":"https:\/\/sgvaimudar.com.br\/index.php\/wp-json\/wp\/v2\/users\/5"}],"replies":[{"embeddable":true,"href":"https:\/\/sgvaimudar.com.br\/index.php\/wp-json\/wp\/v2\/comments?post=24668"}],"version-history":[{"count":1,"href":"https:\/\/sgvaimudar.com.br\/index.php\/wp-json\/wp\/v2\/posts\/24668\/revisions"}],"predecessor-version":[{"id":24671,"href":"https:\/\/sgvaimudar.com.br\/index.php\/wp-json\/wp\/v2\/posts\/24668\/revisions\/24671"}],"wp:featuredmedia":[{"embeddable":true,"href":"https:\/\/sgvaimudar.com.br\/index.php\/wp-json\/wp\/v2\/media\/24670"}],"wp:attachment":[{"href":"https:\/\/sgvaimudar.com.br\/index.php\/wp-json\/wp\/v2\/media?parent=24668"}],"wp:term":[{"taxonomy":"category","embeddable":true,"href":"https:\/\/sgvaimudar.com.br\/index.php\/wp-json\/wp\/v2\/categories?post=24668"},{"taxonomy":"post_tag","embeddable":true,"href":"https:\/\/sgvaimudar.com.br\/index.php\/wp-json\/wp\/v2\/tags?post=24668"}],"curies":[{"name":"wp","href":"https:\/\/api.w.org\/{rel}","templated":true}]}}