{"id":24653,"date":"2025-05-08T11:00:00","date_gmt":"2025-05-08T14:00:00","guid":{"rendered":"https:\/\/sgvaimudar.com.br\/?p=24653"},"modified":"2025-05-08T08:30:51","modified_gmt":"2025-05-08T11:30:51","slug":"assistencia-social-vai-realizar-seminario-sobre-direitos-da-crianca-e-do-adolescente","status":"publish","type":"post","link":"https:\/\/sgvaimudar.com.br\/index.php\/2025\/05\/08\/assistencia-social-vai-realizar-seminario-sobre-direitos-da-crianca-e-do-adolescente\/","title":{"rendered":"Assist\u00eancia Social vai realizar semin\u00e1rio sobre direitos da crian\u00e7a e do adolescente"},"content":{"rendered":"\n<p><em>Evento acontecer\u00e1 dia 21 de maio, no Sest\/Senat, em Tribob\u00f3<\/em><\/p>\n\n\n\n<p>A Secretaria de Assist\u00eancia Social de S\u00e3o Gon\u00e7alo, atrav\u00e9s da Subsecretaria da Inf\u00e2ncia e Adolesc\u00eancia, vai realizar um importante evento sobre os direitos da crian\u00e7a e do adolescente. O semin\u00e1rio &#8220;Fortalecendo a\u00e7\u00f5es estrat\u00e9gicas de preven\u00e7\u00e3o das viol\u00eancias e viola\u00e7\u00f5es no Sistema de Garantia de Direitos&#8221; ser\u00e1 no dia 21 de maio, no Sest\/Senat, em Tribob\u00f3, das 13h \u00e0s 17h.<\/p>\n\n\n\n<p>O intuito do evento \u00e9 trabalhar a intersetorialidade para o p\u00fablico, a partir de palestras de diversos profissionais de servi\u00e7os ofertados pelo munic\u00edpio, que comp\u00f5em a rede de prote\u00e7\u00e3o para crian\u00e7as e adolescentes.<\/p>\n\n\n\n<figure class=\"wp-block-image size-large\"><img fetchpriority=\"high\" decoding=\"async\" width=\"820\" height=\"1024\" src=\"https:\/\/sgvaimudar.com.br\/wp-content\/uploads\/2025\/05\/unnamed-7-3-820x1024.jpg\" alt=\"\" class=\"wp-image-24654\" srcset=\"https:\/\/sgvaimudar.com.br\/wp-content\/uploads\/2025\/05\/unnamed-7-3-820x1024.jpg 820w, https:\/\/sgvaimudar.com.br\/wp-content\/uploads\/2025\/05\/unnamed-7-3-240x300.jpg 240w, https:\/\/sgvaimudar.com.br\/wp-content\/uploads\/2025\/05\/unnamed-7-3-768x960.jpg 768w, https:\/\/sgvaimudar.com.br\/wp-content\/uploads\/2025\/05\/unnamed-7-3.jpg 850w\" sizes=\"(max-width: 820px) 100vw, 820px\" \/><\/figure>\n\n\n\n<p>Apesar de ser um semin\u00e1rio especialmente voltado para os profissionais do Sistema de Garantia de Direitos (SGD), o evento \u00e9 aberto ao p\u00fablico. Aqueles que tiverem interesse em participar, devem se inscrever atrav\u00e9s do link:&nbsp;<a href=\"https:\/\/click.cse360.com.br\/Click\/AddCampaignEmailClick\/c2e86398-5c0a-4255-3f47-08dd8bfbecbb\/https%253a%252f%252fdocs.google.com%252fforms%252fd%252fe%252f1FAIpQLSeXmpmezXlpjZLxCJymT4id1FSTZyjiz5bNdbTdUXI1S_JuCw%252fviewform%253fusp%253dheader\/ac66966e-2b55-4484-fb2c-08dc491eed5f\/jornalistaws@gmail.com\/False\" rel=\"noreferrer noopener\" target=\"_blank\">https:\/\/docs.google.com\/forms\/d\/e\/1FAIpQLSeXmpmezXlpjZLxCJymT4id1FSTZyjiz5bNdbTdUXI1S_JuCw\/viewform?usp=header<\/a>.<\/p>\n\n\n\n<p>Cabe refor\u00e7ar que o n\u00famero de vagas \u00e9 limitado \u00e0 lota\u00e7\u00e3o do local.<\/p>\n\n\n\n<p>No local, haver\u00e1 debates sobre a tem\u00e1tica e tamb\u00e9m a palestra &#8220;Estrat\u00e9gias, Metodologias de Trabalho de Enfrentamento a Viol\u00eancia e Educa\u00e7\u00e3o Positiva&#8221;, com a palestrante Soraia Melo, da Rede N\u00e3o bata, Eduque e a palestra &#8220;Escuta Especializada &#8211; Novos Olhares e Questionamentos&#8221;, com a palestrante Rafaela Santos, da 32\u00aa Delegacia de Pol\u00edcia.<\/p>\n\n\n\n<p><strong><em>S\u00e3o Gon\u00e7alo vai mudar: Not\u00edcias de S\u00e3o Gon\u00e7alo e toda regi\u00e3o.<\/em><\/strong><\/p>\n\n\n\n<figure class=\"wp-block-image size-large\"><img decoding=\"async\" width=\"1024\" height=\"252\" src=\"https:\/\/sgvaimudar.com.br\/wp-content\/uploads\/2025\/03\/Anuncie-Aqui-Sao-Goncalo-vai-mudar-1024x252.jpg\" alt=\"\" class=\"wp-image-22693\" srcset=\"https:\/\/sgvaimudar.com.br\/wp-content\/uploads\/2025\/03\/Anuncie-Aqui-Sao-Goncalo-vai-mudar-1024x252.jpg 1024w, https:\/\/sgvaimudar.com.br\/wp-content\/uploads\/2025\/03\/Anuncie-Aqui-Sao-Goncalo-vai-mudar-300x74.jpg 300w, https:\/\/sgvaimudar.com.br\/wp-content\/uploads\/2025\/03\/Anuncie-Aqui-Sao-Goncalo-vai-mudar-768x189.jpg 768w, https:\/\/sgvaimudar.com.br\/wp-content\/uploads\/2025\/03\/Anuncie-Aqui-Sao-Goncalo-vai-mudar-1536x378.jpg 1536w, https:\/\/sgvaimudar.com.br\/wp-content\/uploads\/2025\/03\/Anuncie-Aqui-Sao-Goncalo-vai-mudar-2048x504.jpg 2048w\" sizes=\"(max-width: 1024px) 100vw, 1024px\" \/><\/figure>\n","protected":false},"excerpt":{"rendered":"<p>Evento acontecer\u00e1 dia 21 de maio, no Sest\/Senat, em Tribob\u00f3 A Secretaria de Assist\u00eancia Social de S\u00e3o Gon\u00e7alo, atrav\u00e9s da&hellip;<\/p>\n","protected":false},"author":5,"featured_media":8429,"comment_status":"open","ping_status":"open","sticky":false,"template":"","format":"standard","meta":{"fifu_image_url":"","fifu_image_alt":"","footnotes":""},"categories":[3],"tags":[],"class_list":["post-24653","post","type-post","status-publish","format-standard","has-post-thumbnail","hentry","category-sao-goncalo"],"_links":{"self":[{"href":"https:\/\/sgvaimudar.com.br\/index.php\/wp-json\/wp\/v2\/posts\/24653","targetHints":{"allow":["GET"]}}],"collection":[{"href":"https:\/\/sgvaimudar.com.br\/index.php\/wp-json\/wp\/v2\/posts"}],"about":[{"href":"https:\/\/sgvaimudar.com.br\/index.php\/wp-json\/wp\/v2\/types\/post"}],"author":[{"embeddable":true,"href":"https:\/\/sgvaimudar.com.br\/index.php\/wp-json\/wp\/v2\/users\/5"}],"replies":[{"embeddable":true,"href":"https:\/\/sgvaimudar.com.br\/index.php\/wp-json\/wp\/v2\/comments?post=24653"}],"version-history":[{"count":1,"href":"https:\/\/sgvaimudar.com.br\/index.php\/wp-json\/wp\/v2\/posts\/24653\/revisions"}],"predecessor-version":[{"id":24655,"href":"https:\/\/sgvaimudar.com.br\/index.php\/wp-json\/wp\/v2\/posts\/24653\/revisions\/24655"}],"wp:featuredmedia":[{"embeddable":true,"href":"https:\/\/sgvaimudar.com.br\/index.php\/wp-json\/wp\/v2\/media\/8429"}],"wp:attachment":[{"href":"https:\/\/sgvaimudar.com.br\/index.php\/wp-json\/wp\/v2\/media?parent=24653"}],"wp:term":[{"taxonomy":"category","embeddable":true,"href":"https:\/\/sgvaimudar.com.br\/index.php\/wp-json\/wp\/v2\/categories?post=24653"},{"taxonomy":"post_tag","embeddable":true,"href":"https:\/\/sgvaimudar.com.br\/index.php\/wp-json\/wp\/v2\/tags?post=24653"}],"curies":[{"name":"wp","href":"https:\/\/api.w.org\/{rel}","templated":true}]}}