{"id":24601,"date":"2025-05-07T14:00:00","date_gmt":"2025-05-07T17:00:00","guid":{"rendered":"https:\/\/sgvaimudar.com.br\/?p=24601"},"modified":"2025-05-07T09:42:54","modified_gmt":"2025-05-07T12:42:54","slug":"secretaria-de-saude-de-sao-goncalo-alerta-para-aumento-nos-casos-de-doencas-respiratorias","status":"publish","type":"post","link":"https:\/\/sgvaimudar.com.br\/index.php\/2025\/05\/07\/secretaria-de-saude-de-sao-goncalo-alerta-para-aumento-nos-casos-de-doencas-respiratorias\/","title":{"rendered":"Secretaria de Sa\u00fade de S\u00e3o Gon\u00e7alo alerta para aumento nos casos de doen\u00e7as respirat\u00f3rias"},"content":{"rendered":"\n<p><em>Esta\u00e7\u00f5es mais frias favorecem infec\u00e7\u00f5es como a bronquiolite&nbsp;<\/em><\/p>\n\n\n\n<p>A Secretaria de Sa\u00fade da Prefeitura de S\u00e3o Gon\u00e7alo alerta os pais para essa \u00e9poca do ano, quando h\u00e1 aumento de cerca de 50% nas demandas de atendimentos de urg\u00eancia e emerg\u00eancia dos casos de doen\u00e7as respirat\u00f3rias, sobretudo na faixa pedi\u00e1trica. A preven\u00e7\u00e3o \u00e9 a melhor forma de evitar as doen\u00e7as, mas caso a crian\u00e7a esteja com os sintomas, os pais devem procurar uma unidade de urg\u00eancia e emerg\u00eancia.\u00a0<\/p>\n\n\n\n<p>\u201cCom a chegada das esta\u00e7\u00f5es mais frias, principalmente entre abril e julho, os casos de infec\u00e7\u00f5es respirat\u00f3rias em crian\u00e7as tendem a aumentar e, entre elas, a bronquiolite merece aten\u00e7\u00e3o especial. Essa inflama\u00e7\u00e3o nos bronqu\u00edolos (pequenos canais de ar nos pulm\u00f5es) \u00e9 mais comum em beb\u00eas e crian\u00e7as menores de 2 anos. Se n\u00e3o cuidar, as doen\u00e7as respirat\u00f3rias podem evoluir para complica\u00e7\u00f5es bacterianas e outros agravos\u201d, explicou o secret\u00e1rio municipal de Sa\u00fade, Gabriel Mello.<\/p>\n\n\n\n<p>Para manter as crian\u00e7as longe das doen\u00e7as, \u00e9 importante manter as vacinas em dia, higienizar frequentemente as m\u00e3os da crian\u00e7a e dos cuidadores, evitar locais fechados e com aglomera\u00e7\u00e3o; n\u00e3o compartilhar utens\u00edlios (copos, mamadeiras, toalhas) e evitar contato com pessoas resfriadas ou gripadas.<\/p>\n\n\n\n<p>Os pais devem ficar atentos aos sinais e sintomas porque nos beb\u00eas, os sintomas podem evoluir rapidamente. Os sintomas mais comuns s\u00e3o dificuldade para respirar, cansa\u00e7o ao mamar e colora\u00e7\u00e3o arroxeada nos l\u00e1bios ou extremidades; s\u00e3o sinais de alerta. A bronquiolite ainda pode causar coriza, tosse persistente, febre, chiado no peito, respira\u00e7\u00e3o r\u00e1pida ou com esfor\u00e7o, irritabilidade ou cansa\u00e7o excessivo.\u00a0<\/p>\n\n\n\n<p>\u201cAo notar qualquer um desses sintomas, procure imediatamente uma unidade de sa\u00fade de urg\u00eancia e emerg\u00eancia (Pronto Socorro Infantil e unidades municipais de pronto atendimento) mais pr\u00f3xima da sua casa. O diagn\u00f3stico e o cuidado precoce s\u00e3o fundamentais para evitar complica\u00e7\u00f5es. Cuidar da sa\u00fade respirat\u00f3ria das crian\u00e7as \u00e9 um ato de amor. E, em caso de d\u00favida, sempre procure orienta\u00e7\u00e3o m\u00e9dica\u201d, orientou a subsecret\u00e1ria de Sa\u00fade Coletiva, Thain\u00e1 Fratane.\u00a0<\/p>\n\n\n\n<p>Os principais v\u00edrus que causam a bronquiolite s\u00e3o: v\u00edrus sincicial respirat\u00f3rio (VSR); rinov\u00edrus; metapneumov\u00edrus; parainfluenza; adenov\u00edrus e influenza. Esses v\u00edrus se espalham facilmente por contato com got\u00edculas de saliva, superf\u00edcies contaminadas e m\u00e3os n\u00e3o higienizadas. <\/p>\n\n\n\n<p>Segundo os dados da Vigil\u00e2ncia Epidemiol\u00f3gica, o munic\u00edpio de S\u00e3o Gon\u00e7alo contabiliza 35 casos confirmados de doen\u00e7as causadas por esses v\u00edrus em crian\u00e7as de at\u00e9 dois anos desde janeiro deste ano.\u00a0<\/p>\n\n\n\n<p><strong><em>S\u00e3o Gon\u00e7alo vai mudar: Not\u00edcias de S\u00e3o Gon\u00e7alo e toda regi\u00e3o.<\/em><\/strong><\/p>\n\n\n\n<figure class=\"wp-block-image size-large\"><img fetchpriority=\"high\" decoding=\"async\" width=\"1024\" height=\"252\" src=\"https:\/\/sgvaimudar.com.br\/wp-content\/uploads\/2023\/10\/Anuncie-Aqui-Sao-Goncalo-vai-mudar-2-1024x252.jpg\" alt=\"\" class=\"wp-image-3625\" srcset=\"https:\/\/sgvaimudar.com.br\/wp-content\/uploads\/2023\/10\/Anuncie-Aqui-Sao-Goncalo-vai-mudar-2-1024x252.jpg 1024w, https:\/\/sgvaimudar.com.br\/wp-content\/uploads\/2023\/10\/Anuncie-Aqui-Sao-Goncalo-vai-mudar-2-300x74.jpg 300w, https:\/\/sgvaimudar.com.br\/wp-content\/uploads\/2023\/10\/Anuncie-Aqui-Sao-Goncalo-vai-mudar-2-768x189.jpg 768w, https:\/\/sgvaimudar.com.br\/wp-content\/uploads\/2023\/10\/Anuncie-Aqui-Sao-Goncalo-vai-mudar-2-1536x378.jpg 1536w, https:\/\/sgvaimudar.com.br\/wp-content\/uploads\/2023\/10\/Anuncie-Aqui-Sao-Goncalo-vai-mudar-2-2048x504.jpg 2048w\" sizes=\"(max-width: 1024px) 100vw, 1024px\" \/><\/figure>\n","protected":false},"excerpt":{"rendered":"<p>Esta\u00e7\u00f5es mais frias favorecem infec\u00e7\u00f5es como a bronquiolite&nbsp; A Secretaria de Sa\u00fade da Prefeitura de S\u00e3o Gon\u00e7alo alerta os pais&hellip;<\/p>\n","protected":false},"author":5,"featured_media":24602,"comment_status":"open","ping_status":"open","sticky":false,"template":"","format":"standard","meta":{"fifu_image_url":"","fifu_image_alt":"","footnotes":""},"categories":[7],"tags":[],"class_list":["post-24601","post","type-post","status-publish","format-standard","has-post-thumbnail","hentry","category-saude"],"_links":{"self":[{"href":"https:\/\/sgvaimudar.com.br\/index.php\/wp-json\/wp\/v2\/posts\/24601","targetHints":{"allow":["GET"]}}],"collection":[{"href":"https:\/\/sgvaimudar.com.br\/index.php\/wp-json\/wp\/v2\/posts"}],"about":[{"href":"https:\/\/sgvaimudar.com.br\/index.php\/wp-json\/wp\/v2\/types\/post"}],"author":[{"embeddable":true,"href":"https:\/\/sgvaimudar.com.br\/index.php\/wp-json\/wp\/v2\/users\/5"}],"replies":[{"embeddable":true,"href":"https:\/\/sgvaimudar.com.br\/index.php\/wp-json\/wp\/v2\/comments?post=24601"}],"version-history":[{"count":1,"href":"https:\/\/sgvaimudar.com.br\/index.php\/wp-json\/wp\/v2\/posts\/24601\/revisions"}],"predecessor-version":[{"id":24603,"href":"https:\/\/sgvaimudar.com.br\/index.php\/wp-json\/wp\/v2\/posts\/24601\/revisions\/24603"}],"wp:featuredmedia":[{"embeddable":true,"href":"https:\/\/sgvaimudar.com.br\/index.php\/wp-json\/wp\/v2\/media\/24602"}],"wp:attachment":[{"href":"https:\/\/sgvaimudar.com.br\/index.php\/wp-json\/wp\/v2\/media?parent=24601"}],"wp:term":[{"taxonomy":"category","embeddable":true,"href":"https:\/\/sgvaimudar.com.br\/index.php\/wp-json\/wp\/v2\/categories?post=24601"},{"taxonomy":"post_tag","embeddable":true,"href":"https:\/\/sgvaimudar.com.br\/index.php\/wp-json\/wp\/v2\/tags?post=24601"}],"curies":[{"name":"wp","href":"https:\/\/api.w.org\/{rel}","templated":true}]}}