{"id":24535,"date":"2025-05-06T14:00:00","date_gmt":"2025-05-06T17:00:00","guid":{"rendered":"https:\/\/sgvaimudar.com.br\/?p=24535"},"modified":"2025-05-06T09:25:55","modified_gmt":"2025-05-06T12:25:55","slug":"prefeitura-tem-grande-destaque-no-forum-estadual-de-gestores-de-politicas-para-pcds","status":"publish","type":"post","link":"https:\/\/sgvaimudar.com.br\/index.php\/2025\/05\/06\/prefeitura-tem-grande-destaque-no-forum-estadual-de-gestores-de-politicas-para-pcds\/","title":{"rendered":"Prefeitura\u00a0tem grande destaque no F\u00f3rum Estadual de Gestores de Pol\u00edticas para PCDs"},"content":{"rendered":"\n<p><em>Subsecret\u00e1rio da Pessoa com Defici\u00eancia, Evangelista Ubirajara, \u00e9 eleito o primeiro presidente do F\u00f3rum<\/em><\/p>\n\n\n\n<p>O subsecret\u00e1rio da Pessoa com Defici\u00eancia da Secretaria de Assist\u00eancia Social da Prefeitura de S\u00e3o Gon\u00e7alo, Evangelista Ubirajara, representou a cidade no F\u00f3rum Estadual de Gestores de Pol\u00edticas para Pessoas com Defici\u00eancia e, na ocasi\u00e3o, foi eleito o primeiro presidente do F\u00f3rum.<\/p>\n\n\n\n<p>Com o intuito de valorizar as pol\u00edticas p\u00fablicas voltadas \u00e0s pessoas com defici\u00eancia, o encontro reuniu, na \u00faltima semana, 38 munic\u00edpios no Pal\u00e1cio Guanabara e um deles foi S\u00e3o Gon\u00e7alo. O F\u00f3rum foi lan\u00e7ado pelo Governo do Estado do Rio de Janeiro e coordenado pela Subsecretaria Estadual de Pol\u00edticas Inclusivas, vinculada \u00e0 Secretaria da Casa Civil.<\/p>\n\n\n\n<figure class=\"wp-block-image size-large\"><img fetchpriority=\"high\" decoding=\"async\" width=\"1024\" height=\"576\" src=\"https:\/\/sgvaimudar.com.br\/wp-content\/uploads\/2025\/05\/unnamed-7-2-1024x576.jpg\" alt=\"\" class=\"wp-image-24536\" srcset=\"https:\/\/sgvaimudar.com.br\/wp-content\/uploads\/2025\/05\/unnamed-7-2-1024x576.jpg 1024w, https:\/\/sgvaimudar.com.br\/wp-content\/uploads\/2025\/05\/unnamed-7-2-300x169.jpg 300w, https:\/\/sgvaimudar.com.br\/wp-content\/uploads\/2025\/05\/unnamed-7-2-768x432.jpg 768w, https:\/\/sgvaimudar.com.br\/wp-content\/uploads\/2025\/05\/unnamed-7-2-1536x864.jpg 1536w, https:\/\/sgvaimudar.com.br\/wp-content\/uploads\/2025\/05\/unnamed-7-2.jpg 1600w\" sizes=\"(max-width: 1024px) 100vw, 1024px\" \/><\/figure>\n\n\n\n<p>&#8220;\u00c9 com imensa honra e profunda gratid\u00e3o que fui conduzido \u00e0 presid\u00eancia do F\u00f3rum Estadual de Gestores de Pol\u00edticas para Pessoas com Defici\u00eancia.<\/p>\n\n\n\n<p>Recebo esta miss\u00e3o representando com muito orgulho a cidade de S\u00e3o Gon\u00e7alo, onde temos trabalhado incansavelmente pela inclus\u00e3o e pela valoriza\u00e7\u00e3o das pessoas com defici\u00eancia. Este F\u00f3rum nasce como uma iniciativa essencial para fortalecer o di\u00e1logo entre Estado e munic\u00edpios, criando pontes entre os gestores, alinhando estrat\u00e9gias e construindo pol\u00edticas p\u00fablicas que realmente cheguem \u00e0 vida real das pessoas&#8221;, declarou Evangelista Ubirajara.<\/p>\n\n\n\n<p>Este novo f\u00f3rum ter\u00e1 compet\u00eancia para sugerir diretrizes para novas pol\u00edticas, incentivar a cria\u00e7\u00e3o de conselhos e \u00f3rg\u00e3os municipais voltados \u00e0 pauta da defici\u00eancia, al\u00e9m de realizar eventos de sensibiliza\u00e7\u00e3o e o monitorar programas em andamento.<\/p>\n\n\n\n<p>&#8220;\u00c9 tempo de unir esfor\u00e7os, de sair da teoria e avan\u00e7ar com pr\u00e1ticas transformadoras. A inclus\u00e3o n\u00e3o pode ser tratada como um favor ou como uma pauta secund\u00e1ria, ela \u00e9 um direito, uma urg\u00eancia e um compromisso \u00e9tico que todos n\u00f3s devemos assumir&#8221;, refor\u00e7ou Ubirajara.<\/p>\n\n\n\n<p><strong><em>S\u00e3o Gon\u00e7alo vai mudar: Not\u00edcias de S\u00e3o Gon\u00e7alo e toda regi\u00e3o.<\/em><\/strong><\/p>\n\n\n\n<figure class=\"wp-block-image size-large\"><img decoding=\"async\" width=\"1024\" height=\"252\" src=\"https:\/\/sgvaimudar.com.br\/wp-content\/uploads\/2025\/03\/Anuncie-Aqui-Sao-Goncalo-vai-mudar-1024x252.jpg\" alt=\"\" class=\"wp-image-22693\" srcset=\"https:\/\/sgvaimudar.com.br\/wp-content\/uploads\/2025\/03\/Anuncie-Aqui-Sao-Goncalo-vai-mudar-1024x252.jpg 1024w, https:\/\/sgvaimudar.com.br\/wp-content\/uploads\/2025\/03\/Anuncie-Aqui-Sao-Goncalo-vai-mudar-300x74.jpg 300w, https:\/\/sgvaimudar.com.br\/wp-content\/uploads\/2025\/03\/Anuncie-Aqui-Sao-Goncalo-vai-mudar-768x189.jpg 768w, https:\/\/sgvaimudar.com.br\/wp-content\/uploads\/2025\/03\/Anuncie-Aqui-Sao-Goncalo-vai-mudar-1536x378.jpg 1536w, https:\/\/sgvaimudar.com.br\/wp-content\/uploads\/2025\/03\/Anuncie-Aqui-Sao-Goncalo-vai-mudar-2048x504.jpg 2048w\" sizes=\"(max-width: 1024px) 100vw, 1024px\" \/><\/figure>\n","protected":false},"excerpt":{"rendered":"<p>Subsecret\u00e1rio da Pessoa com Defici\u00eancia, Evangelista Ubirajara, \u00e9 eleito o primeiro presidente do F\u00f3rum O subsecret\u00e1rio da Pessoa com Defici\u00eancia&hellip;<\/p>\n","protected":false},"author":5,"featured_media":24537,"comment_status":"open","ping_status":"open","sticky":false,"template":"","format":"standard","meta":{"fifu_image_url":"","fifu_image_alt":"","footnotes":""},"categories":[3],"tags":[],"class_list":["post-24535","post","type-post","status-publish","format-standard","has-post-thumbnail","hentry","category-sao-goncalo"],"_links":{"self":[{"href":"https:\/\/sgvaimudar.com.br\/index.php\/wp-json\/wp\/v2\/posts\/24535","targetHints":{"allow":["GET"]}}],"collection":[{"href":"https:\/\/sgvaimudar.com.br\/index.php\/wp-json\/wp\/v2\/posts"}],"about":[{"href":"https:\/\/sgvaimudar.com.br\/index.php\/wp-json\/wp\/v2\/types\/post"}],"author":[{"embeddable":true,"href":"https:\/\/sgvaimudar.com.br\/index.php\/wp-json\/wp\/v2\/users\/5"}],"replies":[{"embeddable":true,"href":"https:\/\/sgvaimudar.com.br\/index.php\/wp-json\/wp\/v2\/comments?post=24535"}],"version-history":[{"count":1,"href":"https:\/\/sgvaimudar.com.br\/index.php\/wp-json\/wp\/v2\/posts\/24535\/revisions"}],"predecessor-version":[{"id":24538,"href":"https:\/\/sgvaimudar.com.br\/index.php\/wp-json\/wp\/v2\/posts\/24535\/revisions\/24538"}],"wp:featuredmedia":[{"embeddable":true,"href":"https:\/\/sgvaimudar.com.br\/index.php\/wp-json\/wp\/v2\/media\/24537"}],"wp:attachment":[{"href":"https:\/\/sgvaimudar.com.br\/index.php\/wp-json\/wp\/v2\/media?parent=24535"}],"wp:term":[{"taxonomy":"category","embeddable":true,"href":"https:\/\/sgvaimudar.com.br\/index.php\/wp-json\/wp\/v2\/categories?post=24535"},{"taxonomy":"post_tag","embeddable":true,"href":"https:\/\/sgvaimudar.com.br\/index.php\/wp-json\/wp\/v2\/tags?post=24535"}],"curies":[{"name":"wp","href":"https:\/\/api.w.org\/{rel}","templated":true}]}}