{"id":24415,"date":"2025-05-04T10:00:00","date_gmt":"2025-05-04T13:00:00","guid":{"rendered":"https:\/\/sgvaimudar.com.br\/?p=24415"},"modified":"2025-05-04T05:20:40","modified_gmt":"2025-05-04T08:20:40","slug":"centro-de-referencia-em-autismo-estimula-independencia-e-autonomia-dos-atendidos","status":"publish","type":"post","link":"https:\/\/sgvaimudar.com.br\/index.php\/2025\/05\/04\/centro-de-referencia-em-autismo-estimula-independencia-e-autonomia-dos-atendidos\/","title":{"rendered":"Centro de Refer\u00eancia em Autismo estimula independ\u00eancia e autonomia dos atendidos"},"content":{"rendered":"\n<p><em>Jovens fizeram compras em mercado e prepararam alimenta\u00e7\u00e3o na unidade<\/em><\/p>\n\n\n\n<p>O que para muitos poderia ser uma atividade corriqueira, para os atendidos do Centro de Refer\u00eancia Municipal em Autismo Professora Maria Jos\u00e9 da Silva Rodrigues (CRMA), no Gradim, \u00e9 uma oportunidade de desenvolver autonomia e independ\u00eancia nas atividades do dia a dia. Entre os desafios propostos, os alunos vivenciaram um passeio ao mercado para comprar ingredientes e fizeram uma panqueca de aveia com frango.<\/p>\n\n\n\n<p>A proposta faz parte do grupo terap\u00eautico que visa ensinar aos atendidos atividades di\u00e1rias que, muitas vezes, eles n\u00e3o est\u00e3o acostumados a realizar mas que trazem mais independ\u00eancia para a sua vida, al\u00e9m de desmistificar a ideia de que eles n\u00e3o conseguiriam fazer.<\/p>\n\n\n\n<figure class=\"wp-block-image size-full\"><img fetchpriority=\"high\" decoding=\"async\" width=\"1024\" height=\"683\" src=\"https:\/\/sgvaimudar.com.br\/wp-content\/uploads\/2025\/05\/unnamed-11-1.jpg\" alt=\"\" class=\"wp-image-24416\" srcset=\"https:\/\/sgvaimudar.com.br\/wp-content\/uploads\/2025\/05\/unnamed-11-1.jpg 1024w, https:\/\/sgvaimudar.com.br\/wp-content\/uploads\/2025\/05\/unnamed-11-1-300x200.jpg 300w, https:\/\/sgvaimudar.com.br\/wp-content\/uploads\/2025\/05\/unnamed-11-1-768x512.jpg 768w\" sizes=\"(max-width: 1024px) 100vw, 1024px\" \/><\/figure>\n\n\n\n<p>\u201cN\u00f3s os levamos ao mercado, para que entendessem como escolhe os ingredientes, como faz as compras, como paga, e outras atitudes que podem ser corriqueiras para pessoas neurot\u00edpicas. Al\u00e9m disso, trouxemos para a pr\u00e1tica, com uma receita saud\u00e1vel, onde eles puderam colocar a m\u00e3o na massa e fazer todo o processo. Al\u00e9m de estimular a autonomia, isso ajuda tamb\u00e9m no incentivo \u00e0 alimenta\u00e7\u00e3o saud\u00e1vel\u201d, afirmou a nutricionista Sandy Medeiros.<\/p>\n\n\n\n<p>Os atendidos aprovaram a ideia. Houve uma vota\u00e7\u00e3o para a escolha do prato e trabalharam em conjunto na execu\u00e7\u00e3o da receita. Para o aluno Gustavo Rocha, de 19 anos, que j\u00e1 vai sozinho at\u00e9 o CRMA para realizar suas terapias, foi mais um passo importante na dire\u00e7\u00e3o da sua autonomia.<\/p>\n\n\n\n<p>\u201cAchei muito bom fazer a comida, ficou muito boa, com certeza vou fazer em casa. Costumo ir ao mercado com a minha fam\u00edlia mas n\u00e3o tinha ido sozinho para escolher tudo. Adorei, j\u00e1 estou marcando agora de fazer uma receita doce\u201d, disse o aluno.<\/p>\n\n\n\n<p><strong><em>S\u00e3o Gon\u00e7alo vai mudar: Not\u00edcias de S\u00e3o Gon\u00e7alo e toda regi\u00e3o.<\/em><\/strong><\/p>\n\n\n\n<figure class=\"wp-block-image size-large\"><img decoding=\"async\" width=\"1024\" height=\"252\" src=\"https:\/\/sgvaimudar.com.br\/wp-content\/uploads\/2025\/03\/Anuncie-Aqui-Sao-Goncalo-vai-mudar-1024x252.jpg\" alt=\"\" class=\"wp-image-22693\" srcset=\"https:\/\/sgvaimudar.com.br\/wp-content\/uploads\/2025\/03\/Anuncie-Aqui-Sao-Goncalo-vai-mudar-1024x252.jpg 1024w, https:\/\/sgvaimudar.com.br\/wp-content\/uploads\/2025\/03\/Anuncie-Aqui-Sao-Goncalo-vai-mudar-300x74.jpg 300w, https:\/\/sgvaimudar.com.br\/wp-content\/uploads\/2025\/03\/Anuncie-Aqui-Sao-Goncalo-vai-mudar-768x189.jpg 768w, https:\/\/sgvaimudar.com.br\/wp-content\/uploads\/2025\/03\/Anuncie-Aqui-Sao-Goncalo-vai-mudar-1536x378.jpg 1536w, https:\/\/sgvaimudar.com.br\/wp-content\/uploads\/2025\/03\/Anuncie-Aqui-Sao-Goncalo-vai-mudar-2048x504.jpg 2048w\" sizes=\"(max-width: 1024px) 100vw, 1024px\" \/><\/figure>\n","protected":false},"excerpt":{"rendered":"<p>Jovens fizeram compras em mercado e prepararam alimenta\u00e7\u00e3o na unidade O que para muitos poderia ser uma atividade corriqueira, para&hellip;<\/p>\n","protected":false},"author":5,"featured_media":24417,"comment_status":"open","ping_status":"open","sticky":false,"template":"","format":"standard","meta":{"fifu_image_url":"","fifu_image_alt":"","footnotes":""},"categories":[3],"tags":[],"class_list":["post-24415","post","type-post","status-publish","format-standard","has-post-thumbnail","hentry","category-sao-goncalo"],"_links":{"self":[{"href":"https:\/\/sgvaimudar.com.br\/index.php\/wp-json\/wp\/v2\/posts\/24415","targetHints":{"allow":["GET"]}}],"collection":[{"href":"https:\/\/sgvaimudar.com.br\/index.php\/wp-json\/wp\/v2\/posts"}],"about":[{"href":"https:\/\/sgvaimudar.com.br\/index.php\/wp-json\/wp\/v2\/types\/post"}],"author":[{"embeddable":true,"href":"https:\/\/sgvaimudar.com.br\/index.php\/wp-json\/wp\/v2\/users\/5"}],"replies":[{"embeddable":true,"href":"https:\/\/sgvaimudar.com.br\/index.php\/wp-json\/wp\/v2\/comments?post=24415"}],"version-history":[{"count":1,"href":"https:\/\/sgvaimudar.com.br\/index.php\/wp-json\/wp\/v2\/posts\/24415\/revisions"}],"predecessor-version":[{"id":24418,"href":"https:\/\/sgvaimudar.com.br\/index.php\/wp-json\/wp\/v2\/posts\/24415\/revisions\/24418"}],"wp:featuredmedia":[{"embeddable":true,"href":"https:\/\/sgvaimudar.com.br\/index.php\/wp-json\/wp\/v2\/media\/24417"}],"wp:attachment":[{"href":"https:\/\/sgvaimudar.com.br\/index.php\/wp-json\/wp\/v2\/media?parent=24415"}],"wp:term":[{"taxonomy":"category","embeddable":true,"href":"https:\/\/sgvaimudar.com.br\/index.php\/wp-json\/wp\/v2\/categories?post=24415"},{"taxonomy":"post_tag","embeddable":true,"href":"https:\/\/sgvaimudar.com.br\/index.php\/wp-json\/wp\/v2\/tags?post=24415"}],"curies":[{"name":"wp","href":"https:\/\/api.w.org\/{rel}","templated":true}]}}