{"id":24353,"date":"2025-05-02T13:00:00","date_gmt":"2025-05-02T16:00:00","guid":{"rendered":"https:\/\/sgvaimudar.com.br\/?p=24353"},"modified":"2025-05-02T09:53:43","modified_gmt":"2025-05-02T12:53:43","slug":"inscricoes-para-o-1o-passeio-ciclistico-do-muvi-em-sao-goncalo-estarao-abertas-a-partir-da-proxima-segunda-dia-5","status":"publish","type":"post","link":"https:\/\/sgvaimudar.com.br\/index.php\/2025\/05\/02\/inscricoes-para-o-1o-passeio-ciclistico-do-muvi-em-sao-goncalo-estarao-abertas-a-partir-da-proxima-segunda-dia-5\/","title":{"rendered":"Inscri\u00e7\u00f5es para o 1\u00ba Passeio Cicl\u00edstico do Muvi, em S\u00e3o Gon\u00e7alo, estar\u00e3o abertas a partir da pr\u00f3xima segunda, dia 5"},"content":{"rendered":"\n<p><em>Evento vai acontecer no dia 18 de maio, domingo, a partir das 7h, com sorteio de bikes, medalhas e brindes<\/em><\/p>\n\n\n\n<p>A partir da pr\u00f3xima segunda, dia 5, estar\u00e3o abertas as inscri\u00e7\u00f5es para o 1\u00ba Passeio Cicl\u00edstico do Muvi, evento que vai reunir mais de 800 ciclistas amadores no pr\u00f3ximo dia 18 de maio, domingo, a partir das 7h. A iniciativa acontecer\u00e1 no trajeto de Mobilidade Urbana Verde Integrada, projeto urban\u00edstico e de mobilidade urbana que est\u00e1 sendo constru\u00eddo no eixo central da cidade com mais de 18 km de extens\u00e3o.\u00a0<\/p>\n\n\n\n<p>Os participantes podem se inscrever das 9h \u00e0s 12h na tenda do projeto Obra Cidad\u00e3, que estar\u00e1 localizada em frente ao painel com a arte da Praia das Pedrinhas, na Avenida Presidente Kennedy, altura do n\u00famero 62. Ou pela internet, a partir das 13h, atrav\u00e9s do site da Prefeitura Municipal de S\u00e3o Gon\u00e7alo dispon\u00edvel no link\u00a0<a rel=\"noreferrer noopener\" href=\"https:\/\/www.saogoncalo.rj.gov.br\/\" target=\"_blank\">https:\/\/www.saogoncalo.rj.gov.br<\/a>.\u00a0<\/p>\n\n\n\n<figure class=\"wp-block-image size-large\"><img fetchpriority=\"high\" decoding=\"async\" width=\"1024\" height=\"682\" src=\"https:\/\/sgvaimudar.com.br\/wp-content\/uploads\/2025\/05\/1000678605-1024x682.jpg\" alt=\"\" class=\"wp-image-24354\" srcset=\"https:\/\/sgvaimudar.com.br\/wp-content\/uploads\/2025\/05\/1000678605-1024x682.jpg 1024w, https:\/\/sgvaimudar.com.br\/wp-content\/uploads\/2025\/05\/1000678605-300x200.jpg 300w, https:\/\/sgvaimudar.com.br\/wp-content\/uploads\/2025\/05\/1000678605-768x512.jpg 768w, https:\/\/sgvaimudar.com.br\/wp-content\/uploads\/2025\/05\/1000678605-1536x1023.jpg 1536w, https:\/\/sgvaimudar.com.br\/wp-content\/uploads\/2025\/05\/1000678605.jpg 1600w\" sizes=\"(max-width: 1024px) 100vw, 1024px\" \/><\/figure>\n\n\n\n<p>A concentra\u00e7\u00e3o ser\u00e1 no Clube Mau\u00e1, no bairro Estrela do Norte, \u00e0s 7h, onde haver\u00e1 um carro de som com orienta\u00e7\u00f5es sobre o trajeto. O ponto de chegada ser\u00e1 na Pra\u00e7a dos Ex-combatentes, no Para\u00edso, totalizando mais de 3,7 km.&nbsp;<\/p>\n\n\n\n<p>\u201cVamos trazer de volta os grandes eventos esportivos para S\u00e3o Gon\u00e7alo. A popula\u00e7\u00e3o, em breve, vai dispor de um moderno e seguro sistema vi\u00e1rio, o Muvi, que vai cortar a cidade e trazer mais qualidade de vida, al\u00e9m de outros equipamentos, como o Parque RJ, e a Ciclorrota, elevando a cidade dentro do conceito de lazer, cultura e transporte sustent\u00e1vel\u201d, diz o secret\u00e1rio de Estado das Cidades, Douglas Ruas.\u00a0<\/p>\n\n\n\n<p>\u201cA proposta \u00e9 ter um dia de lazer com um passeio de bicicleta no trecho j\u00e1 pronto do Muvi, uma obra muito especial que est\u00e1 mudando a cara da nossa cidade, e avan\u00e7a a cada dia. Esse evento \u00e9 de extrema import\u00e2ncia para incentivar o uso de bicicletas que hoje \u00e9 poss\u00edvel, j\u00e1 temos quase 10 km de ciclovia em S\u00e3o Gon\u00e7alo\u201d, comentou o prefeito de S\u00e3o Gon\u00e7alo, Capit\u00e3o Nelson.\u00a0<\/p>\n\n\n\n<p>A ideia \u00e9 fomentar o uso do meio de transporte e a rela\u00e7\u00e3o com h\u00e1bitos saud\u00e1veis, al\u00e9m de apresentar \u00e0 popula\u00e7\u00e3o a nova estrutura. Haver\u00e1 premia\u00e7\u00e3o, com distribui\u00e7\u00e3o de medalhas, brindes e sorteios de bicicletas. Os participantes tamb\u00e9m ter\u00e3o orienta\u00e7\u00f5es a respeito da hist\u00f3ria da cidade atrav\u00e9s dos pain\u00e9is pintados pela equipe do Cidade Ilustrada.&nbsp;&nbsp;<\/p>\n\n\n\n<p>A iniciativa \u00e9 uma parceria entre o Governo do Estado, atrav\u00e9s da Secretaria das Cidades, com a Prefeitura, por meio da Secretaria de Esporte e Lazer. O evento ter\u00e1 o apoio da \u00c1guas do Rio, Sesta\/Senat e Ita\u00fa.<\/p>\n\n\n\n<p><strong><em>S\u00e3o Gon\u00e7alo vai mudar: Not\u00edcias de S\u00e3o Gon\u00e7alo e toda regi\u00e3o.<\/em><\/strong><\/p>\n\n\n\n<figure class=\"wp-block-image size-large\"><img decoding=\"async\" width=\"1024\" height=\"252\" src=\"https:\/\/sgvaimudar.com.br\/wp-content\/uploads\/2025\/03\/Anuncie-Aqui-Sao-Goncalo-vai-mudar-1024x252.jpg\" alt=\"\" class=\"wp-image-22693\" srcset=\"https:\/\/sgvaimudar.com.br\/wp-content\/uploads\/2025\/03\/Anuncie-Aqui-Sao-Goncalo-vai-mudar-1024x252.jpg 1024w, https:\/\/sgvaimudar.com.br\/wp-content\/uploads\/2025\/03\/Anuncie-Aqui-Sao-Goncalo-vai-mudar-300x74.jpg 300w, https:\/\/sgvaimudar.com.br\/wp-content\/uploads\/2025\/03\/Anuncie-Aqui-Sao-Goncalo-vai-mudar-768x189.jpg 768w, https:\/\/sgvaimudar.com.br\/wp-content\/uploads\/2025\/03\/Anuncie-Aqui-Sao-Goncalo-vai-mudar-1536x378.jpg 1536w, https:\/\/sgvaimudar.com.br\/wp-content\/uploads\/2025\/03\/Anuncie-Aqui-Sao-Goncalo-vai-mudar-2048x504.jpg 2048w\" sizes=\"(max-width: 1024px) 100vw, 1024px\" \/><\/figure>\n","protected":false},"excerpt":{"rendered":"<p>Evento vai acontecer no dia 18 de maio, domingo, a partir das 7h, com sorteio de bikes, medalhas e brindes&hellip;<\/p>\n","protected":false},"author":5,"featured_media":24355,"comment_status":"open","ping_status":"open","sticky":false,"template":"","format":"standard","meta":{"fifu_image_url":"","fifu_image_alt":"","footnotes":""},"categories":[6],"tags":[],"class_list":["post-24353","post","type-post","status-publish","format-standard","has-post-thumbnail","hentry","category-entretenimento"],"_links":{"self":[{"href":"https:\/\/sgvaimudar.com.br\/index.php\/wp-json\/wp\/v2\/posts\/24353","targetHints":{"allow":["GET"]}}],"collection":[{"href":"https:\/\/sgvaimudar.com.br\/index.php\/wp-json\/wp\/v2\/posts"}],"about":[{"href":"https:\/\/sgvaimudar.com.br\/index.php\/wp-json\/wp\/v2\/types\/post"}],"author":[{"embeddable":true,"href":"https:\/\/sgvaimudar.com.br\/index.php\/wp-json\/wp\/v2\/users\/5"}],"replies":[{"embeddable":true,"href":"https:\/\/sgvaimudar.com.br\/index.php\/wp-json\/wp\/v2\/comments?post=24353"}],"version-history":[{"count":1,"href":"https:\/\/sgvaimudar.com.br\/index.php\/wp-json\/wp\/v2\/posts\/24353\/revisions"}],"predecessor-version":[{"id":24356,"href":"https:\/\/sgvaimudar.com.br\/index.php\/wp-json\/wp\/v2\/posts\/24353\/revisions\/24356"}],"wp:featuredmedia":[{"embeddable":true,"href":"https:\/\/sgvaimudar.com.br\/index.php\/wp-json\/wp\/v2\/media\/24355"}],"wp:attachment":[{"href":"https:\/\/sgvaimudar.com.br\/index.php\/wp-json\/wp\/v2\/media?parent=24353"}],"wp:term":[{"taxonomy":"category","embeddable":true,"href":"https:\/\/sgvaimudar.com.br\/index.php\/wp-json\/wp\/v2\/categories?post=24353"},{"taxonomy":"post_tag","embeddable":true,"href":"https:\/\/sgvaimudar.com.br\/index.php\/wp-json\/wp\/v2\/tags?post=24353"}],"curies":[{"name":"wp","href":"https:\/\/api.w.org\/{rel}","templated":true}]}}