{"id":24351,"date":"2025-05-02T12:00:00","date_gmt":"2025-05-02T15:00:00","guid":{"rendered":"https:\/\/sgvaimudar.com.br\/?p=24351"},"modified":"2025-05-02T09:46:53","modified_gmt":"2025-05-02T12:46:53","slug":"secretaria-de-saude-de-sao-goncalo-vacina-grupos-prioritarios-contra-gripe-neste-sabado","status":"publish","type":"post","link":"https:\/\/sgvaimudar.com.br\/index.php\/2025\/05\/02\/secretaria-de-saude-de-sao-goncalo-vacina-grupos-prioritarios-contra-gripe-neste-sabado\/","title":{"rendered":"Secretaria de Sa\u00fade de S\u00e3o Gon\u00e7alo vacina grupos priorit\u00e1rios contra gripe neste s\u00e1bado"},"content":{"rendered":"\n<p><em>Cl\u00ednicas no Mutondo e Arsenal atendem popula\u00e7\u00e3o at\u00e9 13h&nbsp;&nbsp;&nbsp;<\/em><\/p>\n\n\n\n<p>A Secretaria de Sa\u00fade da Prefeitura de S\u00e3o Gon\u00e7alo vacina grupos priorit\u00e1rios contra a gripe. At\u00e9 o \u00faltimo dia 28 de abril, 37.381 doses foram aplicadas nos gon\u00e7alenses. Neste s\u00e1bado (3), as cl\u00ednicas municipais Gon\u00e7alense do Mutondo e da Fam\u00edlia Dr. Zerbini, no Arsenal, abrem das 8h \u00e0s 13h, para a imuniza\u00e7\u00e3o. <\/p>\n\n\n\n<p>A partir da pr\u00f3xima segunda (5), 59 unidades de sa\u00fade estar\u00e3o dispon\u00edveis de segunda a sexta, das 8h \u00e0s 17h. As cl\u00ednicas do Mutondo e Zerbini abrem durante a semana, das 8h \u00e0s 21h.\u00a0<\/p>\n\n\n\n<p>Os grupos priorit\u00e1rios elencados pelo Minist\u00e9rio da Sa\u00fade para a vacina\u00e7\u00e3o da gripe s\u00e3o: professores do ensino b\u00e1sico e superior; povos ind\u00edgenas; quilombolas; pessoas em situa\u00e7\u00e3o de rua; profissionais das for\u00e7as de seguran\u00e7a e salvamento; profissionais das for\u00e7as armadas; pessoas com doen\u00e7as cr\u00f4nicas n\u00e3o transmiss\u00edveis e outras condi\u00e7\u00f5es cl\u00ednicas especiais independentemente da idade.<\/p>\n\n\n\n<p>Pessoas com defici\u00eancia permanente; caminhoneiros; trabalhadores de transporte coletivo rodovi\u00e1rio para passageiros urbanos e de longo curso; trabalhadores portu\u00e1rios; popula\u00e7\u00e3o privada de liberdade e funcion\u00e1rios do sistema de priva\u00e7\u00e3o de liberdade, adolescentes e jovens de 12 a 21 anos de idade sob medidas socioeducativas e trabalhadores dos Correios.<\/p>\n\n\n\n<p>As comorbidades aceitas (pessoas a partir de 6 meses de idade com doen\u00e7as cr\u00f4nicas n\u00e3o transmiss\u00edveis e outras condi\u00e7\u00f5es cl\u00ednicas especiais) s\u00e3o: doen\u00e7a respirat\u00f3ria cr\u00f4nica, doen\u00e7a card\u00edaca cr\u00f4nica, diabetes, doen\u00e7a renal cr\u00f4nica, doen\u00e7a hep\u00e1tica cr\u00f4nica, obesidade, doen\u00e7a neurol\u00f3gica cr\u00f4nica, transplantados, portadores de trissomias e imunossupress\u00e3o.\u00a0<\/p>\n\n\n\n<p>A vacina pode ser administrada com outros imunizantes e medica\u00e7\u00f5es. As contraindica\u00e7\u00f5es s\u00e3o para crian\u00e7as menores de 6 meses de idade e pessoas com hist\u00f3rico de forma grave de alergia a doses anteriores. Os gon\u00e7alenses com febre ou com coronav\u00edrus tamb\u00e9m devem adiar a vacina\u00e7\u00e3o at\u00e9 a resolu\u00e7\u00e3o do caso.<\/p>\n\n\n\n<p>Para se vacinar, \u00e9 preciso apresentar a carteira de vacina\u00e7\u00e3o (adulto e crian\u00e7a), identidade ou certid\u00e3o de nascimento, cart\u00e3o do SUS ou CPF e comprova\u00e7\u00e3o do trabalho ou laudos m\u00e9dicos. Para garantir a vacina\u00e7\u00e3o, os gon\u00e7alenses devem chegar at\u00e9 as 16h30 nas unidades de sa\u00fade durante a semana. Aos s\u00e1bados, at\u00e9 11h30.<\/p>\n\n\n\n<p><strong>Balan\u00e7o<\/strong>\u00a0\u2013 Segundo a Prefeitura, a campanha contra a gripe em S\u00e3o Gon\u00e7alo vacinou 24.993 idosos (13,42% do p\u00fablico, um total de 186.203), 2.630 trabalhadores da sa\u00fade (7,13%, de um total de 36.869), 4.320 crian\u00e7as de seis meses a menores de 6 anos (6,58%, de um total de 65.680), 912 gestantes (14,17%, de um total de 6.438), 127 pu\u00e9rperas (12%, de um total de 1.058), 294 professores (3,14%, de um total de 9.374).<\/p>\n\n\n\n<p>Tamb\u00e9m 3.798 pessoas com comorbidades (15,60%, de um total de 24.344), 115 pessoas com defici\u00eancia permanente (0,26% de um total de 44.853), 11 caminhoneiros (0,21%, de um total de 4.728), 125 trabalhadores de transporte coletivo rodovi\u00e1rio de passageiros urbano e de longo percurso (3,1%, de um total de 3.970), 2 trabalhadores portu\u00e1rios (0,35%, de um total de 556), 9 trabalhadores das for\u00e7as de seguran\u00e7a e salvamento (0,24%, de um total de 3.655), 29 profissionais das for\u00e7as armadas (2,06%, de um total de 1.407).<\/p>\n\n\n\n<p>E ainda dois funcion\u00e1rios do sistema de priva\u00e7\u00e3o de liberdade (1,18%, de um total de 170), oito adolescentes em medidas socioeducativas &#8211; menores de 18 anos (19,51%, de um total de 41), tr\u00eas pessoas da popula\u00e7\u00e3o privada de liberdade (0,10% de um total de 2.989) e tr\u00eas trabalhadores dos Correios.<\/p>\n\n\n\n<p><strong>Locais de vacina\u00e7\u00e3o:<\/strong><\/p>\n\n\n\n<p><em>1 \u2013 Polo Sanit\u00e1rio Paulo Marques Rangel, Porto do Rosa<\/em><\/p>\n\n\n\n<p><em>2 \u2013 USF Jardim Catarina I<\/em><\/p>\n\n\n\n<p><em>3 \u2013 USF Jos\u00e9 Avelino de Souza, Tribob\u00f3<\/em><\/p>\n\n\n\n<p><em>4 \u2013 USF Agenor Jos\u00e9 da Silva, Jardim Catarina<\/em><\/p>\n\n\n\n<p><em>5 \u2013 USF Louis Pasteur, Guaxindiba<\/em><\/p>\n\n\n\n<p><em>6 \u2013 Cl\u00ednica Gon\u00e7alense do Barro Vermelho<\/em><\/p>\n\n\n\n<p><em>7 \u2013 PAM Coelho<\/em><\/p>\n\n\n\n<p><em>8 \u2013 Polo Sanit\u00e1rio Washington Luiz Lopes, Z\u00e9 Garoto<\/em><\/p>\n\n\n\n<p><em>9 \u2013 USF David Capistrano, Ita\u00fana<\/em><\/p>\n\n\n\n<p><em>10 \u2013 USF Barbosa Lima Sobrinho, Boa Vista<\/em><\/p>\n\n\n\n<p><em>11 \u2013 Cl\u00ednica Municipal Gon\u00e7alense do Mutondo<\/em><\/p>\n\n\n\n<p><em>12 \u2013 USF Jos\u00e9 Bruno Neto, Boa Vista<\/em><\/p>\n\n\n\n<p><em>13 \u2013 USF Floren\u00e7a Pereira, Largo da Ideia<\/em><\/p>\n\n\n\n<p><em>14 \u2013 Polo Sanit\u00e1rio H\u00e9lio Cruz, Alc\u00e2ntara<\/em><\/p>\n\n\n\n<p><em>15 \u2013 USF Jos\u00e9 Jorge Cortes Freitas, Itaitindiba<\/em><\/p>\n\n\n\n<p><em>16 \u2013 Polo Sanit\u00e1rio Augusto Sena, Rio do Ouro<\/em><\/p>\n\n\n\n<p><em>17 \u2013 USF Anaia<\/em><\/p>\n\n\n\n<p><em>18 \u2013 USF Ana Nery, Gradim<\/em><\/p>\n\n\n\n<p><em>19 \u2013 Polo Sanit\u00e1rio Jorge Teixeira de Lima, Jardim Catarina<\/em><\/p>\n\n\n\n<p><em>20 \u2013 USF Mahatma Gandhi, Jardim Calif\u00f3rnia<\/em><\/p>\n\n\n\n<p><em>21 \u2013 USF Bento da Cruz, Porto Novo<\/em><\/p>\n\n\n\n<p><em>22 \u2013 USF Altair da Silva, Mutu\u00e1<\/em><\/p>\n\n\n\n<p><em>23 \u2013 USF Madre Teresa de Calcut\u00e1, Estrela do Norte<\/em><\/p>\n\n\n\n<p><em>24 \u2013 USF Juvenil Francisco Ribeiro, Engenho Pequeno<\/em><\/p>\n\n\n\n<p><em>25 \u2013 USF Fl\u00e1vio Henrique de Brito, J\u00f3quei<\/em><\/p>\n\n\n\n<p><em>26 \u2013 USF Irm\u00e3 Dulce, Trindade<\/em><\/p>\n\n\n\n<p><em>27 \u2013 USF Luiz Paulo Guimar\u00e3es, Laranjal<\/em><\/p>\n\n\n\n<p><em>28 \u2013 USF Gladys Rodrigues Ramos Freitas, Santa Isabel<\/em><\/p>\n\n\n\n<p><em>29 \u2013 USF Elza Borges, Santa Luzia<\/em><\/p>\n\n\n\n<p><em>30 \u2013 PAM Neves<\/em><\/p>\n\n\n\n<p><em>31 \u2013 USF Ary Teixeira, Jardim Bom Retiro<\/em><\/p>\n\n\n\n<p><em>32 \u2013 USF Luiz Carlos Prestes, Santa Catarina<\/em><\/p>\n\n\n\n<p><em>33 \u2013 USF Bandeirantes<\/em><\/p>\n\n\n\n<p><em>34 \u2013 USF Haroldo Pereira Nunes, Porto Novo<\/em><\/p>\n\n\n\n<p><em>35 \u2013 Cl\u00ednica Municipal da Fam\u00edlia Dr. Zerbini, Arsenal<\/em><\/p>\n\n\n\n<p><em>36 \u2013 USF Alexander Fleming, Boa\u00e7u<\/em><\/p>\n\n\n\n<p><em>37 \u2013 PAM Neves<\/em><\/p>\n\n\n\n<p><em>38 \u2013 USF Tancredo Neves, Luiz Ca\u00e7ador<\/em><\/p>\n\n\n\n<p><em>39 \u2013 USF Geremias de Mattos Fontes, Jardim Bom Retiro<\/em><\/p>\n\n\n\n<p><em>40 \u2013 USF Quinta Dom Ricardo<\/em><\/p>\n\n\n\n<p><em>41 \u2013 USF Wally Figueira da Silva, Rocha<\/em><\/p>\n\n\n\n<p><em>42 \u2013 USF Hiparco Ferreira, Engenho do Ro\u00e7ado<\/em><\/p>\n\n\n\n<p><em>43 \u2013 USF Almerinda<\/em><\/p>\n\n\n\n<p><em>44 \u2013 USF Lu\u00edsa de Marilac, Novo M\u00e9xico<\/em><\/p>\n\n\n\n<p><em>45 \u2013 Cl\u00ednica Municipal Gon\u00e7alense do Coluband\u00ea<\/em><\/p>\n\n\n\n<p><em>46 \u2013 USF Presidente Get\u00falio Vargas, Boa Vista<\/em><\/p>\n\n\n\n<p><em>47 \u2013 USF Dr. Robert Koch, Porto da Madama<\/em><\/p>\n\n\n\n<p><em>48 \u2013 USF Doutel de Andrade, Maria Paula<\/em><\/p>\n\n\n\n<p><em>49 \u2013 USF Marilea Cardoso, J\u00f3quei<\/em><\/p>\n\n\n\n<p><em>50 \u2013 USF \u00c1gua Mineral<\/em><\/p>\n\n\n\n<p><em>51 \u2013 USF Adolfo Lutz, Amendoeira<\/em><\/p>\n\n\n\n<p><em>52 \u2013 USF Port\u00e3o do Rosa<\/em><\/p>\n\n\n\n<p><em>53 \u2013 USF An\u00edbal Porto, Monjolos<\/em><\/p>\n\n\n\n<p><em>54 \u2013 USF Alberto Constantino Farah, Mutu\u00e1<\/em><\/p>\n\n\n\n<p><em>55 \u2013 USF Floriano Barbosa, Jardim Catarina<\/em><\/p>\n\n\n\n<p><em>56 \u2013 USF Ita\u00fana<\/em><\/p>\n\n\n\n<p><em>57\u2013 USF Victor Chimelly, Paiva<\/em><\/p>\n\n\n\n<p><em>58 \u2013 USF Jardel do Amaral, Venda da Cruz<\/em><\/p>\n\n\n\n<p><em>59 \u2013 USF Armando Le\u00e3o, Morro do Castro<\/em>.<\/p>\n\n\n\n<p><strong><em>S\u00e3o Gon\u00e7alo vai mudar: Not\u00edcias de S\u00e3o Gon\u00e7alo e toda regi\u00e3o.<\/em><\/strong><\/p>\n\n\n\n<figure class=\"wp-block-image size-large\"><img decoding=\"async\" width=\"1024\" height=\"46\" src=\"https:\/\/sgvaimudar.com.br\/wp-content\/uploads\/2023\/08\/Anuncie-Aqui-Sao-Goncalo-vai-mudar-1024x46.png\" alt=\"\" class=\"wp-image-2740\" srcset=\"https:\/\/sgvaimudar.com.br\/wp-content\/uploads\/2023\/08\/Anuncie-Aqui-Sao-Goncalo-vai-mudar-1024x46.png 1024w, https:\/\/sgvaimudar.com.br\/wp-content\/uploads\/2023\/08\/Anuncie-Aqui-Sao-Goncalo-vai-mudar-300x13.png 300w, https:\/\/sgvaimudar.com.br\/wp-content\/uploads\/2023\/08\/Anuncie-Aqui-Sao-Goncalo-vai-mudar-768x35.png 768w, https:\/\/sgvaimudar.com.br\/wp-content\/uploads\/2023\/08\/Anuncie-Aqui-Sao-Goncalo-vai-mudar-1536x69.png 1536w, https:\/\/sgvaimudar.com.br\/wp-content\/uploads\/2023\/08\/Anuncie-Aqui-Sao-Goncalo-vai-mudar.png 2002w\" sizes=\"(max-width: 1024px) 100vw, 1024px\" \/><\/figure>\n","protected":false},"excerpt":{"rendered":"<p>Cl\u00ednicas no Mutondo e Arsenal atendem popula\u00e7\u00e3o at\u00e9 13h&nbsp;&nbsp;&nbsp; A Secretaria de Sa\u00fade da Prefeitura de S\u00e3o Gon\u00e7alo vacina grupos&hellip;<\/p>\n","protected":false},"author":5,"featured_media":14457,"comment_status":"open","ping_status":"open","sticky":false,"template":"","format":"standard","meta":{"fifu_image_url":"","fifu_image_alt":"","footnotes":""},"categories":[7],"tags":[],"class_list":["post-24351","post","type-post","status-publish","format-standard","has-post-thumbnail","hentry","category-saude"],"_links":{"self":[{"href":"https:\/\/sgvaimudar.com.br\/index.php\/wp-json\/wp\/v2\/posts\/24351","targetHints":{"allow":["GET"]}}],"collection":[{"href":"https:\/\/sgvaimudar.com.br\/index.php\/wp-json\/wp\/v2\/posts"}],"about":[{"href":"https:\/\/sgvaimudar.com.br\/index.php\/wp-json\/wp\/v2\/types\/post"}],"author":[{"embeddable":true,"href":"https:\/\/sgvaimudar.com.br\/index.php\/wp-json\/wp\/v2\/users\/5"}],"replies":[{"embeddable":true,"href":"https:\/\/sgvaimudar.com.br\/index.php\/wp-json\/wp\/v2\/comments?post=24351"}],"version-history":[{"count":1,"href":"https:\/\/sgvaimudar.com.br\/index.php\/wp-json\/wp\/v2\/posts\/24351\/revisions"}],"predecessor-version":[{"id":24352,"href":"https:\/\/sgvaimudar.com.br\/index.php\/wp-json\/wp\/v2\/posts\/24351\/revisions\/24352"}],"wp:featuredmedia":[{"embeddable":true,"href":"https:\/\/sgvaimudar.com.br\/index.php\/wp-json\/wp\/v2\/media\/14457"}],"wp:attachment":[{"href":"https:\/\/sgvaimudar.com.br\/index.php\/wp-json\/wp\/v2\/media?parent=24351"}],"wp:term":[{"taxonomy":"category","embeddable":true,"href":"https:\/\/sgvaimudar.com.br\/index.php\/wp-json\/wp\/v2\/categories?post=24351"},{"taxonomy":"post_tag","embeddable":true,"href":"https:\/\/sgvaimudar.com.br\/index.php\/wp-json\/wp\/v2\/tags?post=24351"}],"curies":[{"name":"wp","href":"https:\/\/api.w.org\/{rel}","templated":true}]}}