{"id":24340,"date":"2025-05-02T11:00:00","date_gmt":"2025-05-02T14:00:00","guid":{"rendered":"https:\/\/sgvaimudar.com.br\/?p=24340"},"modified":"2025-05-02T09:22:05","modified_gmt":"2025-05-02T12:22:05","slug":"governo-do-rio-divulga-novo-recorde-de-passageiros-nas-barcas-apos-reducao-das-tarifas","status":"publish","type":"post","link":"https:\/\/sgvaimudar.com.br\/index.php\/2025\/05\/02\/governo-do-rio-divulga-novo-recorde-de-passageiros-nas-barcas-apos-reducao-das-tarifas\/","title":{"rendered":"Governo do Rio divulga novo recorde de passageiros nas barcas ap\u00f3s redu\u00e7\u00e3o das tarifas"},"content":{"rendered":"\n<p><em>\u00daltimo dia \u00fatil de abril registra mais de 54 mil passageiros em todas as linhas<\/em><\/p>\n\n\n\n<p>O transporte aquavi\u00e1rio do Rio de Janeiro, que passou a ter maior controle do Governo do Estado, bateu novo recorde de passageiros transportados em um s\u00f3 dia, registrando um aumento de 18% na quarta-feira (30), \u00faltimo dia \u00fatil de abril.<\/p>\n\n\n\n<p>Ao todo, 54.973 pessoas embarcaram nas linhas de Charitas, Arariboia, Cocot\u00e1, Paquet\u00e1, Angra dos Reis, Ilha Grande e Mangaratiba. A m\u00e9dia do ano de 2024 foi de 46.252 passageiros. O recorde mais recente, em abril, havia registrado a marca de 52.707 usu\u00e1rios transportados.<\/p>\n\n\n\n<p>\u00a0&#8211; Esse dado \u00e9 a prova de que estamos no caminho certo. A redu\u00e7\u00e3o das tarifas, aliada a uma gest\u00e3o mais eficiente e voltada para o cidad\u00e3o, proporciona \u00e0 popula\u00e7\u00e3o um transporte aquavi\u00e1rio de qualidade, acess\u00edvel e confi\u00e1vel. Nosso compromisso \u00e9 com um Rio de Janeiro mais justo e integrado, onde o transporte p\u00fablico seja uma solu\u00e7\u00e3o e n\u00e3o um obst\u00e1culo \u2013 disse o governador Cl\u00e1udio Castro.<\/p>\n\n\n\n<p>O novo operador do transporte, o cons\u00f3rcio Barcas Rio, iniciou a opera\u00e7\u00e3o em 12 de fevereiro, sob o modelo Presta\u00e7\u00e3o de Servi\u00e7os.<br>&#8211; \u00a0Os sucessivos recordes s\u00f3 mostram o sucesso do atual modelo definido pelo Estado, que d\u00e1 liberdade para que a Secretaria de Transporte tome mais decis\u00f5es e promova mais melhorias em prol do usu\u00e1rio. Uma delas foi a redu\u00e7\u00e3o das tarifas, levando al\u00edvio para o bolso de quem depende do transporte &#8211; destacou o secret\u00e1rio Washington Reis.<\/p>\n\n\n\n<p>A linha Charitas tamb\u00e9m registrou o seu maior fluxo, com 7.445 pessoas. No ano passado, a movimenta\u00e7\u00e3o di\u00e1ria era de 3.500 pessoas. O aumento ultrapassa 112%.<br>A redu\u00e7\u00e3o das tarifas foi anunciada em mar\u00e7o pelo Governo do Rio. A tarifa da linha Charitas \u2013 Pra\u00e7a XV reduziu de R$ 21 para R$ 7,70, por meio de um conv\u00eanio com a Prefeitura de Niter\u00f3i; e nos trechos Arariboia \u2013 Pra\u00e7a XV, Cocot\u00e1 \u2013 Pra\u00e7a XV e Paquet\u00e1 \u2013 Pra\u00e7a XV, a redu\u00e7\u00e3o foi de R$ 7,70 para R$ 4,70, representando o passo inicial do Governo do Estado em busca da defini\u00e7\u00e3o de uma tarifa p\u00fablica de transportes mais justa para a popula\u00e7\u00e3o.<\/p>\n\n\n\n<p>Para quem pagava a tarifa cheia na linha Charitas, a economia \u00e9 de mais de R$ 580 por m\u00eas, considerando 22 viagens (ida e volta) no per\u00edodo. Nas demais linhas, a redu\u00e7\u00e3o representou uma economia de R$ 132 por m\u00eas, o equivalente a quase 9% do sal\u00e1rio m\u00ednimo.<\/p>\n\n\n\n<p><strong><em>S\u00e3o Gon\u00e7alo vai mudar: Not\u00edcias de S\u00e3o Gon\u00e7alo e toda regi\u00e3o.<\/em><\/strong><\/p>\n\n\n\n<figure class=\"wp-block-image size-large\"><img fetchpriority=\"high\" decoding=\"async\" width=\"1024\" height=\"252\" src=\"https:\/\/sgvaimudar.com.br\/wp-content\/uploads\/2023\/10\/Anuncie-Aqui-Sao-Goncalo-vai-mudar-2-1024x252.jpg\" alt=\"\" class=\"wp-image-3625\" srcset=\"https:\/\/sgvaimudar.com.br\/wp-content\/uploads\/2023\/10\/Anuncie-Aqui-Sao-Goncalo-vai-mudar-2-1024x252.jpg 1024w, https:\/\/sgvaimudar.com.br\/wp-content\/uploads\/2023\/10\/Anuncie-Aqui-Sao-Goncalo-vai-mudar-2-300x74.jpg 300w, https:\/\/sgvaimudar.com.br\/wp-content\/uploads\/2023\/10\/Anuncie-Aqui-Sao-Goncalo-vai-mudar-2-768x189.jpg 768w, https:\/\/sgvaimudar.com.br\/wp-content\/uploads\/2023\/10\/Anuncie-Aqui-Sao-Goncalo-vai-mudar-2-1536x378.jpg 1536w, https:\/\/sgvaimudar.com.br\/wp-content\/uploads\/2023\/10\/Anuncie-Aqui-Sao-Goncalo-vai-mudar-2-2048x504.jpg 2048w\" sizes=\"(max-width: 1024px) 100vw, 1024px\" \/><\/figure>\n","protected":false},"excerpt":{"rendered":"<p>\u00daltimo dia \u00fatil de abril registra mais de 54 mil passageiros em todas as linhas O transporte aquavi\u00e1rio do Rio&hellip;<\/p>\n","protected":false},"author":5,"featured_media":24341,"comment_status":"open","ping_status":"open","sticky":false,"template":"","format":"standard","meta":{"fifu_image_url":"","fifu_image_alt":"","footnotes":""},"categories":[36],"tags":[],"class_list":["post-24340","post","type-post","status-publish","format-standard","has-post-thumbnail","hentry","category-bem-estar"],"_links":{"self":[{"href":"https:\/\/sgvaimudar.com.br\/index.php\/wp-json\/wp\/v2\/posts\/24340","targetHints":{"allow":["GET"]}}],"collection":[{"href":"https:\/\/sgvaimudar.com.br\/index.php\/wp-json\/wp\/v2\/posts"}],"about":[{"href":"https:\/\/sgvaimudar.com.br\/index.php\/wp-json\/wp\/v2\/types\/post"}],"author":[{"embeddable":true,"href":"https:\/\/sgvaimudar.com.br\/index.php\/wp-json\/wp\/v2\/users\/5"}],"replies":[{"embeddable":true,"href":"https:\/\/sgvaimudar.com.br\/index.php\/wp-json\/wp\/v2\/comments?post=24340"}],"version-history":[{"count":1,"href":"https:\/\/sgvaimudar.com.br\/index.php\/wp-json\/wp\/v2\/posts\/24340\/revisions"}],"predecessor-version":[{"id":24342,"href":"https:\/\/sgvaimudar.com.br\/index.php\/wp-json\/wp\/v2\/posts\/24340\/revisions\/24342"}],"wp:featuredmedia":[{"embeddable":true,"href":"https:\/\/sgvaimudar.com.br\/index.php\/wp-json\/wp\/v2\/media\/24341"}],"wp:attachment":[{"href":"https:\/\/sgvaimudar.com.br\/index.php\/wp-json\/wp\/v2\/media?parent=24340"}],"wp:term":[{"taxonomy":"category","embeddable":true,"href":"https:\/\/sgvaimudar.com.br\/index.php\/wp-json\/wp\/v2\/categories?post=24340"},{"taxonomy":"post_tag","embeddable":true,"href":"https:\/\/sgvaimudar.com.br\/index.php\/wp-json\/wp\/v2\/tags?post=24340"}],"curies":[{"name":"wp","href":"https:\/\/api.w.org\/{rel}","templated":true}]}}