{"id":24299,"date":"2025-05-01T19:00:00","date_gmt":"2025-05-01T22:00:00","guid":{"rendered":"https:\/\/sgvaimudar.com.br\/?p=24299"},"modified":"2025-05-01T10:45:34","modified_gmt":"2025-05-01T13:45:34","slug":"douglas-ruas-repudia-fala-de-vitor-junior-sobre-gestao-de-capitao-nelson","status":"publish","type":"post","link":"https:\/\/sgvaimudar.com.br\/index.php\/2025\/05\/01\/douglas-ruas-repudia-fala-de-vitor-junior-sobre-gestao-de-capitao-nelson\/","title":{"rendered":"Douglas Ruas repudia fala de Vitor J\u00fanior sobre gest\u00e3o de Capit\u00e3o Nelson"},"content":{"rendered":"\n<p><em>Secret\u00e1rio disse que declara\u00e7\u00e3o mostra desconhecimento sobre S\u00e3o Gon\u00e7alo <\/em><\/p>\n\n\n\n<p>O secret\u00e1rio de Estado das Cidades, Douglas Ruas, em v\u00eddeo em suas redes sociais respondeu a fala do deputado estadual Vitor J\u00fanior a respeito da distribui\u00e7\u00e3o dos royalties do petr\u00f3leo e da gest\u00e3o do prefeito Capit\u00e3o Nelson. O v\u00eddeo foi divulgado pelo Instagram na tarde desta quarta-feira (30\/4).<\/p>\n\n\n\n<p>O deputado licenciado destacou que, apesar de n\u00e3o estar na Assembleia Legislativa do Rio de Janeiro (Alerj) para fazer a defesa, as cr\u00edticas de Vitor J\u00fanior foram prontamente rebatidas por diversos deputados de diferente espectros pol\u00edticos. <\/p>\n\n\n\n<figure class=\"wp-block-video\"><video height=\"1280\" style=\"aspect-ratio: 720 \/ 1280;\" width=\"720\" controls src=\"https:\/\/sgvaimudar.com.br\/wp-content\/uploads\/2025\/05\/As-declaracoes-do-deputado-estadual-Vitor-Junior-a-respeito-da-distribuicao-dos-royalties-do-petroleo-e-da-gestao-do-prefeito-Capitao-Nelson-revelam-um-equivoco-completo-e-demonstram-um-profundo-desconhecimento-d.mp4\"><\/video><\/figure>\n\n\n\n<p>&#8220;No entanto venho a p\u00fablico manifestar meu rep\u00fadio ao coment\u00e1rio. Essa declara\u00e7\u00e3o demonstra desconhecimento sobre a nossa regi\u00e3o, especialmente sobre a cidade de S\u00e3o Gon\u00e7alo e mostra um total despreparo para o exerc\u00edcio do mandato parlamentar&#8221;, lamentou Ruas.<\/p>\n\n\n\n<p>Ele disse que o prefeito Capit\u00e3o Nelson, reeleito no ano passado com 87% de aprova\u00e7\u00e3o, teve o maior percentual de votos do Brasil entre as cidades com mais de 500 mil habitantes.<\/p>\n\n\n\n<p>&#8220;\u00c9 uma gest\u00e3o reconhecida pelo povo. H\u00e1 quatro anos, a cidade vem passando por uma grande transforma\u00e7\u00e3o, promovida pela atual gest\u00e3o, com investimentos nunca antes vistos, promovendo o bem-estar da popula\u00e7\u00e3o&#8221;, afirmou o secret\u00e1rio.<\/p>\n\n\n\n<p>Sobre a transforma\u00e7\u00e3o que S\u00e3o Gon\u00e7alo sofre Douglas Ruas deu exemplos que acontecem na \u00e1rea da sa\u00fade como a constru\u00e7\u00e3o de um hospital para o tratamento do c\u00e2ncer e o Centro de Imagens e Especialidades, os investimentos na constru\u00e7\u00e3o de creches e a infraestrutura por todo o munic\u00edpio.<\/p>\n\n\n\n<p>Ele disse que o tema da divis\u00e3o dos royalties n\u00e3o pode ser utilizado como palanque eleitoral. &#8220;N\u00e3o se trata de uma quest\u00e3o partid\u00e1ria, mas sim de fazer justi\u00e7a e reduzir a desigualdade social existente entre as cidades da nossa regi\u00e3o&#8221;, pontuou Ruas.<\/p>\n\n\n\n<p>Segundo o secret\u00e1rio, o discurso de Vitor J\u00fanior n\u00e3o contribui em nada para esse debate. &#8220;Os munic\u00edpios que ingressaram na justi\u00e7a j\u00e1 obtiveram uma senten\u00e7a favor\u00e1vel e n\u00e3o querem nada al\u00e9m do que exercerem os seus direitos e desejam o encerramento das fases recursais para que a popula\u00e7\u00e3o possa usufruir o quanto antes desses recursos leg\u00edtimos&#8221;, explicou Douglas.<\/p>\n\n\n\n<p>De acordo com o secret\u00e1rio, a discuss\u00e3o sobre o tema n\u00e3o deve ser contaminada. &#8220;N\u00e3o vou proferir cr\u00edticas a qualquer um dos envolvidos. Aos contr\u00e1rio de voc\u00ea quero me colocar \u00e0 disposi\u00e7\u00e3o do prefeito Rodrigo Neves e de todos os demais envolvidos, pois acredito que o di\u00e1logo \u00e9 o melhor caminho para buscar uma solu\u00e7\u00e3o s\u00e9ria e respons\u00e1vel&#8221;, enfatizou.<\/p>\n\n\n\n<p>Ruas disse acreditar que o prefeito Rodrigo Neves possa, at\u00e9 a audi\u00eancia no Supremo Tribunal Federal (STF), rever a sua posi\u00e7\u00e3o. &#8220;Ele deve sentar-se \u00e0 mesa e, por meio de um di\u00e1logo moderado e, sem interesse eleitoreiro, contribuir para a constru\u00e7\u00e3o de uma solu\u00e7\u00e3o para a nossa regi\u00e3o&#8221;, pontuou o secret\u00e1rio.<\/p>\n\n\n\n<p>&#8220;Espero sinceramente que o prefeito Rodrigo Neves reconsidere sua posi\u00e7\u00e3o, em favor de um desenvolvimento mais significativo para a nossa regi\u00e3o&#8221;, finalizou Ruas.<\/p>\n\n\n\n<p><strong><em>S\u00e3o Gon\u00e7alo vai mudar: Not\u00edcias de S\u00e3o Gon\u00e7alo e toda regi\u00e3o.<\/em><\/strong><\/p>\n\n\n\n<figure class=\"wp-block-image size-large\"><img fetchpriority=\"high\" decoding=\"async\" width=\"1024\" height=\"252\" src=\"https:\/\/sgvaimudar.com.br\/wp-content\/uploads\/2025\/03\/Anuncie-Aqui-Sao-Goncalo-vai-mudar-1024x252.jpg\" alt=\"\" class=\"wp-image-22693\" srcset=\"https:\/\/sgvaimudar.com.br\/wp-content\/uploads\/2025\/03\/Anuncie-Aqui-Sao-Goncalo-vai-mudar-1024x252.jpg 1024w, https:\/\/sgvaimudar.com.br\/wp-content\/uploads\/2025\/03\/Anuncie-Aqui-Sao-Goncalo-vai-mudar-300x74.jpg 300w, https:\/\/sgvaimudar.com.br\/wp-content\/uploads\/2025\/03\/Anuncie-Aqui-Sao-Goncalo-vai-mudar-768x189.jpg 768w, https:\/\/sgvaimudar.com.br\/wp-content\/uploads\/2025\/03\/Anuncie-Aqui-Sao-Goncalo-vai-mudar-1536x378.jpg 1536w, https:\/\/sgvaimudar.com.br\/wp-content\/uploads\/2025\/03\/Anuncie-Aqui-Sao-Goncalo-vai-mudar-2048x504.jpg 2048w\" sizes=\"(max-width: 1024px) 100vw, 1024px\" \/><\/figure>\n\n\n\n<p><\/p>\n\n\n\n<p>  <\/p>\n\n\n\n<p><\/p>\n","protected":false},"excerpt":{"rendered":"<p>Secret\u00e1rio disse que declara\u00e7\u00e3o mostra desconhecimento sobre S\u00e3o Gon\u00e7alo O secret\u00e1rio de Estado das Cidades, Douglas Ruas, em v\u00eddeo em&hellip;<\/p>\n","protected":false},"author":5,"featured_media":24301,"comment_status":"open","ping_status":"open","sticky":false,"template":"","format":"standard","meta":{"fifu_image_url":"","fifu_image_alt":"","footnotes":""},"categories":[3],"tags":[],"class_list":["post-24299","post","type-post","status-publish","format-standard","has-post-thumbnail","hentry","category-sao-goncalo"],"_links":{"self":[{"href":"https:\/\/sgvaimudar.com.br\/index.php\/wp-json\/wp\/v2\/posts\/24299","targetHints":{"allow":["GET"]}}],"collection":[{"href":"https:\/\/sgvaimudar.com.br\/index.php\/wp-json\/wp\/v2\/posts"}],"about":[{"href":"https:\/\/sgvaimudar.com.br\/index.php\/wp-json\/wp\/v2\/types\/post"}],"author":[{"embeddable":true,"href":"https:\/\/sgvaimudar.com.br\/index.php\/wp-json\/wp\/v2\/users\/5"}],"replies":[{"embeddable":true,"href":"https:\/\/sgvaimudar.com.br\/index.php\/wp-json\/wp\/v2\/comments?post=24299"}],"version-history":[{"count":1,"href":"https:\/\/sgvaimudar.com.br\/index.php\/wp-json\/wp\/v2\/posts\/24299\/revisions"}],"predecessor-version":[{"id":24302,"href":"https:\/\/sgvaimudar.com.br\/index.php\/wp-json\/wp\/v2\/posts\/24299\/revisions\/24302"}],"wp:featuredmedia":[{"embeddable":true,"href":"https:\/\/sgvaimudar.com.br\/index.php\/wp-json\/wp\/v2\/media\/24301"}],"wp:attachment":[{"href":"https:\/\/sgvaimudar.com.br\/index.php\/wp-json\/wp\/v2\/media?parent=24299"}],"wp:term":[{"taxonomy":"category","embeddable":true,"href":"https:\/\/sgvaimudar.com.br\/index.php\/wp-json\/wp\/v2\/categories?post=24299"},{"taxonomy":"post_tag","embeddable":true,"href":"https:\/\/sgvaimudar.com.br\/index.php\/wp-json\/wp\/v2\/tags?post=24299"}],"curies":[{"name":"wp","href":"https:\/\/api.w.org\/{rel}","templated":true}]}}