{"id":24296,"date":"2025-05-01T17:00:00","date_gmt":"2025-05-01T20:00:00","guid":{"rendered":"https:\/\/sgvaimudar.com.br\/?p=24296"},"modified":"2025-05-01T09:44:37","modified_gmt":"2025-05-01T12:44:37","slug":"prefeitura-de-sao-goncalo-faz-acao-nas-escolas-para-atualizar-cadernetas-de-vacinacao","status":"publish","type":"post","link":"https:\/\/sgvaimudar.com.br\/index.php\/2025\/05\/01\/prefeitura-de-sao-goncalo-faz-acao-nas-escolas-para-atualizar-cadernetas-de-vacinacao\/","title":{"rendered":"Prefeitura de S\u00e3o Gon\u00e7alo faz a\u00e7\u00e3o nas escolas para atualizar cadernetas de vacina\u00e7\u00e3o"},"content":{"rendered":"\n<p><em>Alunos e profissionais da rede municipal podem receber os imunizantes<\/em><\/p>\n\n\n\n<p>A Prefeitura do munic\u00edpio de S\u00e3o Gon\u00e7alo, atrav\u00e9s das Secretarias de Sa\u00fade e de Educa\u00e7\u00e3o realiza, atrav\u00e9s do Programa Sa\u00fade na Escola (PSE), a\u00e7\u00f5es de verifica\u00e7\u00e3o e atualiza\u00e7\u00e3o de caderneta vacinal nas unidades de educa\u00e7\u00e3o municipais e conveniadas desde mar\u00e7o. <\/p>\n\n\n\n<p>Todas as vacinas do Programa Nacional de Imuniza\u00e7\u00e3o estar\u00e3o dispon\u00edveis nas escolas ou em unidades de sa\u00fade pr\u00f3ximas e poder\u00e3o ser aplicadas dependendo de cada faixa et\u00e1ria.\u00a0<\/p>\n\n\n\n<p>\u201cA verifica\u00e7\u00e3o das cadernetas de vacina\u00e7\u00e3o segue um planejamento semestral do PSE, onde todas as 167 unidades escolares pactuadas ser\u00e3o contempladas pela a\u00e7\u00e3o, iniciada em mar\u00e7o e com a programa\u00e7\u00e3o de t\u00e9rmino em junho. Todos os profissionais da educa\u00e7\u00e3o e respons\u00e1veis dos estudantes tamb\u00e9m ser\u00e3o beneficiados com a vacina\u00e7\u00e3o\u201d, explicou a coordenadora do PSE da Secretaria de Sa\u00fade, M\u00f4nica Marques.\u00a0\u00a0\u00a0\u00a0\u00a0<\/p>\n\n\n\n<p>&#8220;O objetivo da a\u00e7\u00e3o \u00e9 atualizar a caderneta de vacina\u00e7\u00e3o dos alunos at\u00e9 15 anos, ampliar a cobertura vacinal, reduzir doen\u00e7as que podem ser evitadas por meio da vacina\u00e7\u00e3o, combater a desinforma\u00e7\u00e3o e informa\u00e7\u00f5es incorretas que possam levar \u00e0 recusa vacinal e conscientizar sobre a import\u00e2ncia da imuniza\u00e7\u00e3o&#8221;, disse o Executivo no texto.<\/p>\n\n\n\n<p>As vacinas ser\u00e3o aplicadas conforme a indica\u00e7\u00e3o para cada faixa et\u00e1ria. <\/p>\n\n\n\n<p>\u201cN\u00e3o s\u00e3o todas as vacinas que ser\u00e3o aplicadas nos alunos. Vai depender da faixa et\u00e1ria e necessidade. Os respons\u00e1veis pelos estudantes que est\u00e3o com a caderneta de vacina incompleta poder\u00e3o ser orientados a lev\u00e1-los ao posto de sa\u00fade mais pr\u00f3ximo, caso o imunizante n\u00e3o esteja dispon\u00edvel na escola. Tamb\u00e9m \u00e9 importante que o respons\u00e1vel do aluno esteja presente no dia da vacina\u00e7\u00e3o\u201d, explicou a subsecret\u00e1ria de Aten\u00e7\u00e3o B\u00e1sica, Luene Gon\u00e7alves.<\/p>\n\n\n\n<p><strong><em>S\u00e3o Gon\u00e7alo vai mudar: Not\u00edcias de S\u00e3o Gon\u00e7alo e toda regi\u00e3o.<\/em><\/strong><\/p>\n\n\n\n<figure class=\"wp-block-image size-large\"><img fetchpriority=\"high\" decoding=\"async\" width=\"1024\" height=\"252\" src=\"https:\/\/sgvaimudar.com.br\/wp-content\/uploads\/2025\/03\/Anuncie-Aqui-Sao-Goncalo-vai-mudar-1024x252.jpg\" alt=\"\" class=\"wp-image-22693\" srcset=\"https:\/\/sgvaimudar.com.br\/wp-content\/uploads\/2025\/03\/Anuncie-Aqui-Sao-Goncalo-vai-mudar-1024x252.jpg 1024w, https:\/\/sgvaimudar.com.br\/wp-content\/uploads\/2025\/03\/Anuncie-Aqui-Sao-Goncalo-vai-mudar-300x74.jpg 300w, https:\/\/sgvaimudar.com.br\/wp-content\/uploads\/2025\/03\/Anuncie-Aqui-Sao-Goncalo-vai-mudar-768x189.jpg 768w, https:\/\/sgvaimudar.com.br\/wp-content\/uploads\/2025\/03\/Anuncie-Aqui-Sao-Goncalo-vai-mudar-1536x378.jpg 1536w, https:\/\/sgvaimudar.com.br\/wp-content\/uploads\/2025\/03\/Anuncie-Aqui-Sao-Goncalo-vai-mudar-2048x504.jpg 2048w\" sizes=\"(max-width: 1024px) 100vw, 1024px\" \/><\/figure>\n","protected":false},"excerpt":{"rendered":"<p>Alunos e profissionais da rede municipal podem receber os imunizantes A Prefeitura do munic\u00edpio de S\u00e3o Gon\u00e7alo, atrav\u00e9s das Secretarias&hellip;<\/p>\n","protected":false},"author":5,"featured_media":24297,"comment_status":"open","ping_status":"open","sticky":false,"template":"","format":"standard","meta":{"fifu_image_url":"","fifu_image_alt":"","footnotes":""},"categories":[7],"tags":[],"class_list":["post-24296","post","type-post","status-publish","format-standard","has-post-thumbnail","hentry","category-saude"],"_links":{"self":[{"href":"https:\/\/sgvaimudar.com.br\/index.php\/wp-json\/wp\/v2\/posts\/24296","targetHints":{"allow":["GET"]}}],"collection":[{"href":"https:\/\/sgvaimudar.com.br\/index.php\/wp-json\/wp\/v2\/posts"}],"about":[{"href":"https:\/\/sgvaimudar.com.br\/index.php\/wp-json\/wp\/v2\/types\/post"}],"author":[{"embeddable":true,"href":"https:\/\/sgvaimudar.com.br\/index.php\/wp-json\/wp\/v2\/users\/5"}],"replies":[{"embeddable":true,"href":"https:\/\/sgvaimudar.com.br\/index.php\/wp-json\/wp\/v2\/comments?post=24296"}],"version-history":[{"count":1,"href":"https:\/\/sgvaimudar.com.br\/index.php\/wp-json\/wp\/v2\/posts\/24296\/revisions"}],"predecessor-version":[{"id":24298,"href":"https:\/\/sgvaimudar.com.br\/index.php\/wp-json\/wp\/v2\/posts\/24296\/revisions\/24298"}],"wp:featuredmedia":[{"embeddable":true,"href":"https:\/\/sgvaimudar.com.br\/index.php\/wp-json\/wp\/v2\/media\/24297"}],"wp:attachment":[{"href":"https:\/\/sgvaimudar.com.br\/index.php\/wp-json\/wp\/v2\/media?parent=24296"}],"wp:term":[{"taxonomy":"category","embeddable":true,"href":"https:\/\/sgvaimudar.com.br\/index.php\/wp-json\/wp\/v2\/categories?post=24296"},{"taxonomy":"post_tag","embeddable":true,"href":"https:\/\/sgvaimudar.com.br\/index.php\/wp-json\/wp\/v2\/tags?post=24296"}],"curies":[{"name":"wp","href":"https:\/\/api.w.org\/{rel}","templated":true}]}}