{"id":24292,"date":"2025-05-01T15:00:00","date_gmt":"2025-05-01T18:00:00","guid":{"rendered":"https:\/\/sgvaimudar.com.br\/?p=24292"},"modified":"2025-05-01T09:39:12","modified_gmt":"2025-05-01T12:39:12","slug":"lazer-em-alta-obras-avancam-no-parque-rj-que-ja-comeca-a-ganhar-forma","status":"publish","type":"post","link":"https:\/\/sgvaimudar.com.br\/index.php\/2025\/05\/01\/lazer-em-alta-obras-avancam-no-parque-rj-que-ja-comeca-a-ganhar-forma\/","title":{"rendered":"Lazer em alta: Obras avan\u00e7am no Parque RJ, que j\u00e1 come\u00e7a a ganhar forma"},"content":{"rendered":"\n<p><em>Pista de atletismo do local recebeu concretagem nesta semana<\/em><\/p>\n\n\n\n<p>Ap\u00f3s a conclus\u00e3o das obras no subsolo, com redes de esgoto, drenagem, irriga\u00e7\u00e3o e rede el\u00e9trica, as interven\u00e7\u00f5es no Parque RJ, no espa\u00e7o do antigo piscin\u00e3o, no Boa Vista, no munic\u00edpio de S\u00e3o Gon\u00e7alo come\u00e7am a ganhar forma. Nesta semana, a pista de atletismo recebeu a concretagem e, em breve, vai receber os acabamentos finais.<\/p>\n\n\n\n<p>As equipes tamb\u00e9m trabalham na constru\u00e7\u00e3o do Skate Park, que ter\u00e1 uma \u00e1rea de 1.615,79 metros quadrados e do campo de grama sint\u00e9tica. Al\u00e9m disso, ser\u00e3o instalados mais de 180 postes de ilumina\u00e7\u00e3o em toda a \u00e1rea. As obras est\u00e3o mais de 50% conclu\u00eddas.<\/p>\n\n\n\n<figure class=\"wp-block-image size-full\"><img fetchpriority=\"high\" decoding=\"async\" width=\"1024\" height=\"681\" src=\"https:\/\/sgvaimudar.com.br\/wp-content\/uploads\/2025\/05\/unnamed-6-1.jpg\" alt=\"\" class=\"wp-image-24293\" srcset=\"https:\/\/sgvaimudar.com.br\/wp-content\/uploads\/2025\/05\/unnamed-6-1.jpg 1024w, https:\/\/sgvaimudar.com.br\/wp-content\/uploads\/2025\/05\/unnamed-6-1-300x200.jpg 300w, https:\/\/sgvaimudar.com.br\/wp-content\/uploads\/2025\/05\/unnamed-6-1-768x511.jpg 768w\" sizes=\"(max-width: 1024px) 100vw, 1024px\" \/><\/figure>\n\n\n\n<p>Com 35 mil metros quadrados, o local est\u00e1 sendo revitalizado pela Secretaria de Estado das Cidades, do Governo do Estado, em parceria com a Prefeitura de S\u00e3o Gon\u00e7alo. O projeto possui um investimento de mais de R$ 44 milh\u00f5es.<\/p>\n\n\n\n<p>No local, est\u00e3o sendo constru\u00eddos dois dos tr\u00eas reservat\u00f3rios de \u00e1gua previstos para o local e a \u00e1rea das cascatas. Al\u00e9m disso, o Parque de Eventos j\u00e1 teve seu piso concretado.<\/p>\n\n\n\n<p>No Skate Park, uma equipe especializada em constru\u00e7\u00e3o de pistas de skate est\u00e1 instalando as partes met\u00e1licas. Al\u00e9m disso, a pista de atletismo tamb\u00e9m est\u00e1 tomando forma, juntamente com as quadras polivalente, de grama e de v\u00f4lei de praia. O local ter\u00e1 dois estacionamentos, que est\u00e3o em constru\u00e7\u00e3o. O pr\u00e9dio administrativo e os vesti\u00e1rios, al\u00e9m de banheiros, tamb\u00e9m est\u00e3o sendo desenvolvidos.<\/p>\n\n\n\n<p>O prefeito Capit\u00e3o Nelson destacou a import\u00e2ncia do projeto. &#8220;O projeto do Parque RJ foi elaborado pela Secretaria de Gest\u00e3o Integrada e Projetos Especiais (Semgipe) e est\u00e1 em andamento gra\u00e7as ao governador Cl\u00e1udio Castro e ao secretario de Estado das Cidades, Douglas Ruas. Estou muito feliz de ver as obras avan\u00e7ando e o espa\u00e7o tomando formado. Aqui, o gon\u00e7alense poder\u00e1 viver momentos de lazer e praticar esportes. \u00c9 um desenvolvimento enorme para o munic\u00edpio!&#8221;, disse.<\/p>\n\n\n\n<p>O secret\u00e1rio de Estado das Cidades, Douglas Ruas, lembrou que o Parque RJ vai ser o lugar das fam\u00edlias, oferecendo lazer, entretenimento e cultura \u00e0 popula\u00e7\u00e3o. &#8220;Uma \u00e1rea com mais de 35 mil metros quadrados, com espa\u00e7os para as crian\u00e7as, anfiteatro para shows e eventos, al\u00e9m de quadras poliesportivas, academias de gin\u00e1stica e muito mais. Tudo isso dispon\u00edvel para a popula\u00e7\u00e3o. Recentemente, chegamos aos 50% das obras conclu\u00eddas, e esperamos entregar esse grande equipamento o quanto antes\u201d, ressaltou.<\/p>\n\n\n\n<p><strong>Parque RJ<\/strong>&nbsp;\u2013 O local ser\u00e1 transformado em uma grande \u00e1rea de lazer com skate park, ciclovia, cascatas, quadra poliesportiva, quadra de areia, campo de futebol, \u00e1rea de conviv\u00eancia para piquenique, pista de atletismo, \u00e1rea de eventos para shows e atividades culturais para at\u00e9 15 mil pessoas, parque infantil, academia de jovens e idosos, espa\u00e7o de mem\u00f3rias (para intera\u00e7\u00e3o no local), pr\u00e9dio administrativo e banheiro.<\/p>\n\n\n\n<p>Al\u00e9m disso, ser\u00e1 feito um estacionamento com mais de 150 vagas para carros, com vagas exclusivas para pessoas com defici\u00eancia (PcDs). Um elevador tamb\u00e9m ser\u00e1 instalado no pr\u00e9dio administrativo e rampas de acesso ser\u00e3o constru\u00eddas em diversos pontos, tamb\u00e9m para garantir o acesso de pessoas com defici\u00eancia no local.<\/p>\n\n\n\n<p><em>Foto: Luiz Carvalho<\/em><\/p>\n\n\n\n<p><strong><em>S\u00e3o Gon\u00e7alo vai mudar: Not\u00edcias de S\u00e3o Gon\u00e7alo e toda regi\u00e3o.<\/em><\/strong><\/p>\n\n\n\n<figure class=\"wp-block-image size-large\"><img decoding=\"async\" width=\"1024\" height=\"252\" src=\"https:\/\/sgvaimudar.com.br\/wp-content\/uploads\/2025\/03\/Anuncie-Aqui-Sao-Goncalo-vai-mudar-1024x252.jpg\" alt=\"\" class=\"wp-image-22693\" srcset=\"https:\/\/sgvaimudar.com.br\/wp-content\/uploads\/2025\/03\/Anuncie-Aqui-Sao-Goncalo-vai-mudar-1024x252.jpg 1024w, https:\/\/sgvaimudar.com.br\/wp-content\/uploads\/2025\/03\/Anuncie-Aqui-Sao-Goncalo-vai-mudar-300x74.jpg 300w, https:\/\/sgvaimudar.com.br\/wp-content\/uploads\/2025\/03\/Anuncie-Aqui-Sao-Goncalo-vai-mudar-768x189.jpg 768w, https:\/\/sgvaimudar.com.br\/wp-content\/uploads\/2025\/03\/Anuncie-Aqui-Sao-Goncalo-vai-mudar-1536x378.jpg 1536w, https:\/\/sgvaimudar.com.br\/wp-content\/uploads\/2025\/03\/Anuncie-Aqui-Sao-Goncalo-vai-mudar-2048x504.jpg 2048w\" sizes=\"(max-width: 1024px) 100vw, 1024px\" \/><\/figure>\n","protected":false},"excerpt":{"rendered":"<p>Pista de atletismo do local recebeu concretagem nesta semana Ap\u00f3s a conclus\u00e3o das obras no subsolo, com redes de esgoto,&hellip;<\/p>\n","protected":false},"author":5,"featured_media":24294,"comment_status":"open","ping_status":"open","sticky":false,"template":"","format":"standard","meta":{"fifu_image_url":"","fifu_image_alt":"","footnotes":""},"categories":[3],"tags":[],"class_list":["post-24292","post","type-post","status-publish","format-standard","has-post-thumbnail","hentry","category-sao-goncalo"],"_links":{"self":[{"href":"https:\/\/sgvaimudar.com.br\/index.php\/wp-json\/wp\/v2\/posts\/24292","targetHints":{"allow":["GET"]}}],"collection":[{"href":"https:\/\/sgvaimudar.com.br\/index.php\/wp-json\/wp\/v2\/posts"}],"about":[{"href":"https:\/\/sgvaimudar.com.br\/index.php\/wp-json\/wp\/v2\/types\/post"}],"author":[{"embeddable":true,"href":"https:\/\/sgvaimudar.com.br\/index.php\/wp-json\/wp\/v2\/users\/5"}],"replies":[{"embeddable":true,"href":"https:\/\/sgvaimudar.com.br\/index.php\/wp-json\/wp\/v2\/comments?post=24292"}],"version-history":[{"count":1,"href":"https:\/\/sgvaimudar.com.br\/index.php\/wp-json\/wp\/v2\/posts\/24292\/revisions"}],"predecessor-version":[{"id":24295,"href":"https:\/\/sgvaimudar.com.br\/index.php\/wp-json\/wp\/v2\/posts\/24292\/revisions\/24295"}],"wp:featuredmedia":[{"embeddable":true,"href":"https:\/\/sgvaimudar.com.br\/index.php\/wp-json\/wp\/v2\/media\/24294"}],"wp:attachment":[{"href":"https:\/\/sgvaimudar.com.br\/index.php\/wp-json\/wp\/v2\/media?parent=24292"}],"wp:term":[{"taxonomy":"category","embeddable":true,"href":"https:\/\/sgvaimudar.com.br\/index.php\/wp-json\/wp\/v2\/categories?post=24292"},{"taxonomy":"post_tag","embeddable":true,"href":"https:\/\/sgvaimudar.com.br\/index.php\/wp-json\/wp\/v2\/tags?post=24292"}],"curies":[{"name":"wp","href":"https:\/\/api.w.org\/{rel}","templated":true}]}}