{"id":24243,"date":"2025-04-30T17:00:00","date_gmt":"2025-04-30T20:00:00","guid":{"rendered":"https:\/\/sgvaimudar.com.br\/?p=24243"},"modified":"2025-04-30T09:41:39","modified_gmt":"2025-04-30T12:41:39","slug":"seguranca-dos-trabalhadores-e-item-indispensavel-nas-obras-do-governo-do-rio","status":"publish","type":"post","link":"https:\/\/sgvaimudar.com.br\/index.php\/2025\/04\/30\/seguranca-dos-trabalhadores-e-item-indispensavel-nas-obras-do-governo-do-rio\/","title":{"rendered":"Seguran\u00e7a dos trabalhadores \u00e9 item indispens\u00e1vel nas obras do Governo do Rio"},"content":{"rendered":"\n<p><em>Subsecret\u00e1rio da Secretaria das Cidades Pedro Henrique explica como \u00e9 realizado o trabalho de supervis\u00e3o nas frentes de obra da pasta<\/em><\/p>\n\n\n\n<p>As obras do Governo do Estado do Rio, executadas pela Secretaria das Cidades, somam mais de R$1,4 bilh\u00e3o de investimentos, e transformam a realidade de milh\u00f5es de pessoas em pelo menos cinco regi\u00f5es do territ\u00f3rio fluminense. <\/p>\n\n\n\n<p>Mas para tudo sair como o planejado e as entregas serem feitas \u00e0 popula\u00e7\u00e3o, um tema se torna fundamental: a seguran\u00e7a dos oper\u00e1rios. Desta forma, o subsecret\u00e1rio de Gest\u00e3o e Fiscaliza\u00e7\u00e3o de Obras, Pedro Henrique explica como s\u00e3o realizados o acompanhamento e a supervis\u00e3o dos trabalhos nas frentes de obra.<\/p>\n\n\n\n<figure class=\"wp-block-image size-large\"><img fetchpriority=\"high\" decoding=\"async\" width=\"1024\" height=\"682\" src=\"https:\/\/sgvaimudar.com.br\/wp-content\/uploads\/2025\/04\/Foto-seguranca-no-Trabalho-1-1024x682.jpeg\" alt=\"\" class=\"wp-image-24245\" srcset=\"https:\/\/sgvaimudar.com.br\/wp-content\/uploads\/2025\/04\/Foto-seguranca-no-Trabalho-1-1024x682.jpeg 1024w, https:\/\/sgvaimudar.com.br\/wp-content\/uploads\/2025\/04\/Foto-seguranca-no-Trabalho-1-300x200.jpeg 300w, https:\/\/sgvaimudar.com.br\/wp-content\/uploads\/2025\/04\/Foto-seguranca-no-Trabalho-1-768x512.jpeg 768w, https:\/\/sgvaimudar.com.br\/wp-content\/uploads\/2025\/04\/Foto-seguranca-no-Trabalho-1-1536x1023.jpeg 1536w, https:\/\/sgvaimudar.com.br\/wp-content\/uploads\/2025\/04\/Foto-seguranca-no-Trabalho-1.jpeg 1600w\" sizes=\"(max-width: 1024px) 100vw, 1024px\" \/><\/figure>\n\n\n\n<p>Pedro relata que este trabalho \u00e9 coordenado pelos engenheiros e pela equipe de seguran\u00e7a no trabalho, de acordo com as diretrizes que s\u00e3o regidas pelas Normas Regulamentadoras (NR) federais, que possuem um padr\u00e3o de exig\u00eancia para cada \u00e1rea que for atuar. Ele cita ainda os cuidados adotados com a seguran\u00e7a dos trabalhadores.<br><br>&#8211; Identificamos e trabalhamos em cima do controle de riscos, inclu\u00edmos a sinaliza\u00e7\u00e3o de seguran\u00e7a, realizamos treinamentos peri\u00f3dicos, al\u00e9m de refor\u00e7ar o uso obrigat\u00f3rio de equipamentos de prote\u00e7\u00e3o Individual (EPIS) com inspe\u00e7\u00f5es rotineiras e implementa\u00e7\u00e3o do Programa de Controle M\u00e9dico de Sa\u00fade Ocupacional (PCMSO) e Programa de Gerenciamento de Riscos (PGR) \u2013 detalhou Pedro.<\/p>\n\n\n\n<p>Ele enfatiza ainda que os equipamentos variam de acordo com o servi\u00e7o a ser executado, mas que no geral incluem os seguintes itens: capacete, luvas, botas, protetor auricular, \u00f3culos de prote\u00e7\u00e3o, cinto de seguran\u00e7a, m\u00e1scaras respirat\u00f3rias e um uniforme, onde proteja bra\u00e7os e pernas. Ele revela como essa necessidade de seguran\u00e7a \u00e9 transmitida aos trabalhadores<\/p>\n\n\n\n<p>&nbsp;&#8211; Existem treinamentos que s\u00e3o passados, tem um mecanismo chamado DDS que \u00e9 o (Di\u00e1logo di\u00e1rio de seguran\u00e7a) que consistem em cartilhas ou placas com informa\u00e7\u00f5es (que entram na sinaliza\u00e7\u00e3o de seguran\u00e7a). De certa forma, essa preocupa\u00e7\u00e3o com a seguran\u00e7a reduz os acidentes e aumenta a produtividade nos nossos projetos \u2013 afirmou o subsecret\u00e1rio.<\/p>\n\n\n\n<p>O secret\u00e1rio das Cidades, Douglas Ruas, destacou a import\u00e2ncia de cuidar da seguran\u00e7a dos trabalhadores para que a execu\u00e7\u00e3o dos servi\u00e7os sejam &nbsp;realizadas com excel\u00eancia.<\/p>\n\n\n\n<p>-O cuidado com os cidad\u00e3os fluminenses se estende aos oper\u00e1rios das nossas obras seguindo as determina\u00e7\u00f5es do governador Cl\u00e1udio Castro. A seguran\u00e7a dos trabalhadores \u00e9 uma prioridade e mostra um olhar humano para esse grupo que \u00e9 essencial para desenvolver ainda mais o nosso estado. Desta forma, geramos um ambiente mais qualificado e prazeroso de trabalho, garantindo uma execu\u00e7\u00e3o eficiente nas interven\u00e7\u00f5es da Secretaria das Cidades- afirmou Douglas.<\/p>\n\n\n\n<p>Fotos: Divulga\u00e7\u00e3o\/Secretaria das Cidades<\/p>\n\n\n\n<p><strong><em>S\u00e3o Gon\u00e7alo vai mudar: Not\u00edcias de S\u00e3o Gon\u00e7alo e toda regi\u00e3o.<\/em><\/strong><\/p>\n\n\n\n<figure class=\"wp-block-image size-large\"><img decoding=\"async\" width=\"1024\" height=\"252\" src=\"https:\/\/sgvaimudar.com.br\/wp-content\/uploads\/2025\/03\/Anuncie-Aqui-Sao-Goncalo-vai-mudar-1024x252.jpg\" alt=\"\" class=\"wp-image-22693\" srcset=\"https:\/\/sgvaimudar.com.br\/wp-content\/uploads\/2025\/03\/Anuncie-Aqui-Sao-Goncalo-vai-mudar-1024x252.jpg 1024w, https:\/\/sgvaimudar.com.br\/wp-content\/uploads\/2025\/03\/Anuncie-Aqui-Sao-Goncalo-vai-mudar-300x74.jpg 300w, https:\/\/sgvaimudar.com.br\/wp-content\/uploads\/2025\/03\/Anuncie-Aqui-Sao-Goncalo-vai-mudar-768x189.jpg 768w, https:\/\/sgvaimudar.com.br\/wp-content\/uploads\/2025\/03\/Anuncie-Aqui-Sao-Goncalo-vai-mudar-1536x378.jpg 1536w, https:\/\/sgvaimudar.com.br\/wp-content\/uploads\/2025\/03\/Anuncie-Aqui-Sao-Goncalo-vai-mudar-2048x504.jpg 2048w\" sizes=\"(max-width: 1024px) 100vw, 1024px\" \/><\/figure>\n","protected":false},"excerpt":{"rendered":"<p>Subsecret\u00e1rio da Secretaria das Cidades Pedro Henrique explica como \u00e9 realizado o trabalho de supervis\u00e3o nas frentes de obra da&hellip;<\/p>\n","protected":false},"author":5,"featured_media":24244,"comment_status":"open","ping_status":"open","sticky":false,"template":"","format":"standard","meta":{"fifu_image_url":"","fifu_image_alt":"","footnotes":""},"categories":[4],"tags":[],"class_list":["post-24243","post","type-post","status-publish","format-standard","has-post-thumbnail","hentry","category-brasil"],"_links":{"self":[{"href":"https:\/\/sgvaimudar.com.br\/index.php\/wp-json\/wp\/v2\/posts\/24243","targetHints":{"allow":["GET"]}}],"collection":[{"href":"https:\/\/sgvaimudar.com.br\/index.php\/wp-json\/wp\/v2\/posts"}],"about":[{"href":"https:\/\/sgvaimudar.com.br\/index.php\/wp-json\/wp\/v2\/types\/post"}],"author":[{"embeddable":true,"href":"https:\/\/sgvaimudar.com.br\/index.php\/wp-json\/wp\/v2\/users\/5"}],"replies":[{"embeddable":true,"href":"https:\/\/sgvaimudar.com.br\/index.php\/wp-json\/wp\/v2\/comments?post=24243"}],"version-history":[{"count":1,"href":"https:\/\/sgvaimudar.com.br\/index.php\/wp-json\/wp\/v2\/posts\/24243\/revisions"}],"predecessor-version":[{"id":24246,"href":"https:\/\/sgvaimudar.com.br\/index.php\/wp-json\/wp\/v2\/posts\/24243\/revisions\/24246"}],"wp:featuredmedia":[{"embeddable":true,"href":"https:\/\/sgvaimudar.com.br\/index.php\/wp-json\/wp\/v2\/media\/24244"}],"wp:attachment":[{"href":"https:\/\/sgvaimudar.com.br\/index.php\/wp-json\/wp\/v2\/media?parent=24243"}],"wp:term":[{"taxonomy":"category","embeddable":true,"href":"https:\/\/sgvaimudar.com.br\/index.php\/wp-json\/wp\/v2\/categories?post=24243"},{"taxonomy":"post_tag","embeddable":true,"href":"https:\/\/sgvaimudar.com.br\/index.php\/wp-json\/wp\/v2\/tags?post=24243"}],"curies":[{"name":"wp","href":"https:\/\/api.w.org\/{rel}","templated":true}]}}