{"id":24217,"date":"2025-04-30T11:00:00","date_gmt":"2025-04-30T14:00:00","guid":{"rendered":"https:\/\/sgvaimudar.com.br\/?p=24217"},"modified":"2025-04-30T08:10:28","modified_gmt":"2025-04-30T11:10:28","slug":"briga-dos-royalties-camara-dos-vereadores-aprova-mocao-de-repudio-contra-rodrigo-neves","status":"publish","type":"post","link":"https:\/\/sgvaimudar.com.br\/index.php\/2025\/04\/30\/briga-dos-royalties-camara-dos-vereadores-aprova-mocao-de-repudio-contra-rodrigo-neves\/","title":{"rendered":"Briga dos royalties: C\u00e2mara dos Vereadores aprova Mo\u00e7\u00e3o de Rep\u00fadio contra Rodrigo Neves"},"content":{"rendered":"\n<p><em>Segundo vereador Alexandre Gomes, o prefeito de Niter\u00f3i podia destinar parte dos royalties para sua cidade natal, mas insiste em resolver a quest\u00e3o na justi\u00e7a<\/em><\/p>\n\n\n\n<p>O clima j\u00e1 esquentou em S\u00e3o Gon\u00e7alo. \u00c9 que uma mo\u00e7\u00e3o de rep\u00fadio ao prefeito de Niter\u00f3i, Rodrigo Neves (PDT), foi aprovada pela C\u00e2mara de Vereadores gon\u00e7alenses, na noite de ter\u00e7a-feira. A proposta, veio do vereador e l\u00edder do governo do prefeito Capit\u00e3o Nelson (PL), Alexandre Gomes (Avante).<\/p>\n\n\n\n<p>O documento, que teve a assinatura de todos os vereadores na coautoria da Mo\u00e7\u00e3o de Rep\u00fadio, teve 17 votos a favor, tr\u00eas foram contr\u00e1rios, o presidente n\u00e3o vota e seis faltaram.<\/p>\n\n\n\n<p>A indigna\u00e7\u00e3o dos parlamentares \u00e9 devido ao prefeito de Niter\u00f3i n\u00e3o ter aberto m\u00e3o de parte do royalties do petr\u00f3leo para a cidade vizinha, como fez Washington Quaqu\u00e1 (PT) em Maric\u00e1 e Eduardo Paes (PSD) no Rio. A Prefeitura de Niter\u00f3i recorreu do processo movido pela cidade vizinha \u2014 al\u00e9m de Mag\u00e9 e Guapimirim \u2014, pela redistribui\u00e7\u00e3o das fatias.<\/p>\n\n\n\n<p>\u201cO prefeito Rodrigo Neves, como gon\u00e7alense, podia destinar parte dos royalties para sua cidade natal. Mas insiste em resolver a quest\u00e3o na justi\u00e7a, atrav\u00e9s da cria\u00e7\u00e3o de um fundo para as cidades. Ele n\u00e3o est\u00e1 sendo justo com uma cidade que sempre o acolheu. Ele sabe que S\u00e3o Gon\u00e7alo sempre foi prejudicada por essa divis\u00e3o. Ent\u00e3o est\u00e1 na hora de corrigirmos este erro\u201d, disse Alexandre.<\/p>\n\n\n\n<p><strong>Fundo para S\u00e3o Gon\u00e7alo<\/strong><\/p>\n\n\n\n<p>O prefeito Rodrigo Neves, por sua vez, falou sobre a aprova\u00e7\u00e3o da lei federal do Fuindo de Desenvolvimento Regional e Solid\u00e1rio dos royalties, que pretende beneficiar os munic\u00edpios vizinhos das \u00e1reas de produ\u00e7\u00e3o principal de petr\u00f3leo.<\/p>\n\n\n\n<p>A proposta \u00e9 viabilizar recursos para aplica\u00e7\u00e3o respons\u00e1vel e estrat\u00e9gica do or\u00e7amento p\u00fablico em \u00e1reas essenciais, como sa\u00fade, educa\u00e7\u00e3o, seguran\u00e7a p\u00fablica e mobilidade urbana. <\/p>\n\n\n\n<p>Neves anunciou que Niter\u00f3i est\u00e1 disposta a aportar recursos no fundo, desde que a medida esteja respaldada por uma legisla\u00e7\u00e3o federal que assegure transpar\u00eancia e legalidade, sem comprometer a legisla\u00e7\u00e3o federal e o marco regulat\u00f3rio do setor de petr\u00f3leo e as diretrizes do IBGE e da Ag\u00eancia Nacional do Petr\u00f3leo (ANP).<\/p>\n\n\n\n<p>O projeto de lei que j\u00e1 tramita na C\u00e2mara Federal, estabelece que o fundo dever\u00e1 contar com um comit\u00ea gestor composto por representantes dos poderes Executivo e Legislativo das cidades participantes.<\/p>\n\n\n\n<p>A proposta de cria\u00e7\u00e3o do fundo regional segue em debate entre os munic\u00edpios da regi\u00e3o. Os vereadores de S\u00e3o Gon\u00e7alo devem apresentar em conjunto um projeto autorizativo, na pr\u00f3xima semana, para corroborar com o projeto de lei da C\u00e2mara dos Deputados.<\/p>\n\n\n\n<p><strong><em>S\u00e3o Gon\u00e7alo vai mudar: Not\u00edcias de S\u00e3o Gon\u00e7alo e toda regi\u00e3o.<\/em><\/strong><\/p>\n\n\n\n<figure class=\"wp-block-image size-large\"><img fetchpriority=\"high\" decoding=\"async\" width=\"1024\" height=\"252\" src=\"https:\/\/sgvaimudar.com.br\/wp-content\/uploads\/2025\/03\/Anuncie-Aqui-Sao-Goncalo-vai-mudar-1024x252.jpg\" alt=\"\" class=\"wp-image-22693\" srcset=\"https:\/\/sgvaimudar.com.br\/wp-content\/uploads\/2025\/03\/Anuncie-Aqui-Sao-Goncalo-vai-mudar-1024x252.jpg 1024w, https:\/\/sgvaimudar.com.br\/wp-content\/uploads\/2025\/03\/Anuncie-Aqui-Sao-Goncalo-vai-mudar-300x74.jpg 300w, https:\/\/sgvaimudar.com.br\/wp-content\/uploads\/2025\/03\/Anuncie-Aqui-Sao-Goncalo-vai-mudar-768x189.jpg 768w, https:\/\/sgvaimudar.com.br\/wp-content\/uploads\/2025\/03\/Anuncie-Aqui-Sao-Goncalo-vai-mudar-1536x378.jpg 1536w, https:\/\/sgvaimudar.com.br\/wp-content\/uploads\/2025\/03\/Anuncie-Aqui-Sao-Goncalo-vai-mudar-2048x504.jpg 2048w\" sizes=\"(max-width: 1024px) 100vw, 1024px\" \/><\/figure>\n","protected":false},"excerpt":{"rendered":"<p>Segundo vereador Alexandre Gomes, o prefeito de Niter\u00f3i podia destinar parte dos royalties para sua cidade natal, mas insiste em&hellip;<\/p>\n","protected":false},"author":5,"featured_media":24218,"comment_status":"open","ping_status":"open","sticky":false,"template":"","format":"standard","meta":{"fifu_image_url":"","fifu_image_alt":"","footnotes":""},"categories":[3],"tags":[],"class_list":["post-24217","post","type-post","status-publish","format-standard","has-post-thumbnail","hentry","category-sao-goncalo"],"_links":{"self":[{"href":"https:\/\/sgvaimudar.com.br\/index.php\/wp-json\/wp\/v2\/posts\/24217","targetHints":{"allow":["GET"]}}],"collection":[{"href":"https:\/\/sgvaimudar.com.br\/index.php\/wp-json\/wp\/v2\/posts"}],"about":[{"href":"https:\/\/sgvaimudar.com.br\/index.php\/wp-json\/wp\/v2\/types\/post"}],"author":[{"embeddable":true,"href":"https:\/\/sgvaimudar.com.br\/index.php\/wp-json\/wp\/v2\/users\/5"}],"replies":[{"embeddable":true,"href":"https:\/\/sgvaimudar.com.br\/index.php\/wp-json\/wp\/v2\/comments?post=24217"}],"version-history":[{"count":2,"href":"https:\/\/sgvaimudar.com.br\/index.php\/wp-json\/wp\/v2\/posts\/24217\/revisions"}],"predecessor-version":[{"id":24221,"href":"https:\/\/sgvaimudar.com.br\/index.php\/wp-json\/wp\/v2\/posts\/24217\/revisions\/24221"}],"wp:featuredmedia":[{"embeddable":true,"href":"https:\/\/sgvaimudar.com.br\/index.php\/wp-json\/wp\/v2\/media\/24218"}],"wp:attachment":[{"href":"https:\/\/sgvaimudar.com.br\/index.php\/wp-json\/wp\/v2\/media?parent=24217"}],"wp:term":[{"taxonomy":"category","embeddable":true,"href":"https:\/\/sgvaimudar.com.br\/index.php\/wp-json\/wp\/v2\/categories?post=24217"},{"taxonomy":"post_tag","embeddable":true,"href":"https:\/\/sgvaimudar.com.br\/index.php\/wp-json\/wp\/v2\/tags?post=24217"}],"curies":[{"name":"wp","href":"https:\/\/api.w.org\/{rel}","templated":true}]}}