{"id":24192,"date":"2025-04-29T16:00:00","date_gmt":"2025-04-29T19:00:00","guid":{"rendered":"https:\/\/sgvaimudar.com.br\/?p=24192"},"modified":"2025-04-29T08:43:51","modified_gmt":"2025-04-29T11:43:51","slug":"camara-de-vereadores-de-niteroi-segue-com-exposicao-80-anos-da-libertacao-do-campo-de-exterminio-de-auschwitz-birkenau","status":"publish","type":"post","link":"https:\/\/sgvaimudar.com.br\/index.php\/2025\/04\/29\/camara-de-vereadores-de-niteroi-segue-com-exposicao-80-anos-da-libertacao-do-campo-de-exterminio-de-auschwitz-birkenau\/","title":{"rendered":"C\u00e2mara de Vereadores de Niter\u00f3i segue com exposi\u00e7\u00e3o: \u201c80 anos da Liberta\u00e7\u00e3o do Campo de Exterm\u00ednio de Auschwitz-Birkenau\u201d"},"content":{"rendered":"\n<p><em>A mostra vai continuar aberta ao p\u00fablico durante duas semanas<\/em><\/p>\n\n\n\n<p>A C\u00e2mara de Niter\u00f3i realizou sua 23\u00aa Sess\u00e3o Solene em Homenagem \u00e0s V\u00edtimas do Holocausto, celebrando os 80 anos da liberta\u00e7\u00e3o do campo de exterm\u00ednio de Auschwitz-Birkenau, durante a Segunda Guerra Mundial. <\/p>\n\n\n\n<p>Na ocasi\u00e3o, os soldados aliados libertaram os sobreviventes judeus, bem como outras minorias, do que foi considerado o maior centro de massacre do conflito. A cerim\u00f4nia \u00e9 uma forma de relembrar e alertar a sociedade dos perigos do \u00f3dio e da indiferen\u00e7a, nos conscientizando da necessidade de desenvolvermos empatia para construirmos um futuro melhor, de justi\u00e7a e paz para todos os povos, reafirmando a import\u00e2ncia do compromisso com os direitos humanos.<\/p>\n\n\n\n<p>O evento \u00e9 realizado na C\u00e2mara anualmente desde 2003, sendo precursor deste tipo de movimento dentro e fora do Brasil. Em 2006, a Organiza\u00e7\u00e3o das Na\u00e7\u00f5es Unidas (ONU) passou a dedicar sess\u00f5es \u00e0 causa, e a C\u00e2mara dos Deputados iniciou em 2023 a execu\u00e7\u00e3o de solenidades voltadas ao Dia Nacional de Lembran\u00e7a do Holocausto. <\/p>\n\n\n\n<p>Em Niter\u00f3i, a homenagem foi institu\u00edda atrav\u00e9s da Lei Municipal 2.323, de autoria do vereador Jos\u00e9 Vicente Filho. A norma escolheu a data de 19 de abril, dia do Levante do Gueto de Vars\u00f3via, a ser introduzido no calend\u00e1rio municipal para prestar tributo \u00e0s v\u00edtimas e sobreviventes do Holocausto.<\/p>\n\n\n\n<p>Em conjunto com a reuni\u00e3o, est\u00e1 sendo realizada a exposi\u00e7\u00e3o \u201c80 anos da Liberta\u00e7\u00e3o do Campo de Exterm\u00ednio de Auschwitz-Birkenau\u201d, apresentada pelo Memorial Judaico de Vassouras, que exibe fotos da \u00e9poca e de monumentos dedicados \u00e0s v\u00edtimas dos centros de concentra\u00e7\u00e3o nazista. <\/p>\n\n\n\n<p>A solenidade aconteceu no Plen\u00e1rio Br\u00edgido Tinoco. A mostra foi aberta logo ap\u00f3s a sess\u00e3o e vai continuar aberta ao p\u00fablico durante duas semanas, sendo encaminhada posteriormente para escolas municipais com o objetivo de conscientizar os jovens.<\/p>\n\n\n\n<p><strong><em>S\u00e3o Gon\u00e7alo vai mudar: Not\u00edcias de S\u00e3o Gon\u00e7alo e toda regi\u00e3o.<\/em><\/strong><\/p>\n\n\n\n<figure class=\"wp-block-image size-large\"><img fetchpriority=\"high\" decoding=\"async\" width=\"1024\" height=\"252\" src=\"https:\/\/sgvaimudar.com.br\/wp-content\/uploads\/2025\/03\/Anuncie-Aqui-Sao-Goncalo-vai-mudar-1024x252.jpg\" alt=\"\" class=\"wp-image-22693\" srcset=\"https:\/\/sgvaimudar.com.br\/wp-content\/uploads\/2025\/03\/Anuncie-Aqui-Sao-Goncalo-vai-mudar-1024x252.jpg 1024w, https:\/\/sgvaimudar.com.br\/wp-content\/uploads\/2025\/03\/Anuncie-Aqui-Sao-Goncalo-vai-mudar-300x74.jpg 300w, https:\/\/sgvaimudar.com.br\/wp-content\/uploads\/2025\/03\/Anuncie-Aqui-Sao-Goncalo-vai-mudar-768x189.jpg 768w, https:\/\/sgvaimudar.com.br\/wp-content\/uploads\/2025\/03\/Anuncie-Aqui-Sao-Goncalo-vai-mudar-1536x378.jpg 1536w, https:\/\/sgvaimudar.com.br\/wp-content\/uploads\/2025\/03\/Anuncie-Aqui-Sao-Goncalo-vai-mudar-2048x504.jpg 2048w\" sizes=\"(max-width: 1024px) 100vw, 1024px\" \/><\/figure>\n","protected":false},"excerpt":{"rendered":"<p>A mostra vai continuar aberta ao p\u00fablico durante duas semanas A C\u00e2mara de Niter\u00f3i realizou sua 23\u00aa Sess\u00e3o Solene em&hellip;<\/p>\n","protected":false},"author":5,"featured_media":10258,"comment_status":"open","ping_status":"open","sticky":false,"template":"","format":"standard","meta":{"fifu_image_url":"","fifu_image_alt":"","footnotes":""},"categories":[34],"tags":[],"class_list":["post-24192","post","type-post","status-publish","format-standard","has-post-thumbnail","hentry","category-niteroi"],"_links":{"self":[{"href":"https:\/\/sgvaimudar.com.br\/index.php\/wp-json\/wp\/v2\/posts\/24192","targetHints":{"allow":["GET"]}}],"collection":[{"href":"https:\/\/sgvaimudar.com.br\/index.php\/wp-json\/wp\/v2\/posts"}],"about":[{"href":"https:\/\/sgvaimudar.com.br\/index.php\/wp-json\/wp\/v2\/types\/post"}],"author":[{"embeddable":true,"href":"https:\/\/sgvaimudar.com.br\/index.php\/wp-json\/wp\/v2\/users\/5"}],"replies":[{"embeddable":true,"href":"https:\/\/sgvaimudar.com.br\/index.php\/wp-json\/wp\/v2\/comments?post=24192"}],"version-history":[{"count":1,"href":"https:\/\/sgvaimudar.com.br\/index.php\/wp-json\/wp\/v2\/posts\/24192\/revisions"}],"predecessor-version":[{"id":24193,"href":"https:\/\/sgvaimudar.com.br\/index.php\/wp-json\/wp\/v2\/posts\/24192\/revisions\/24193"}],"wp:featuredmedia":[{"embeddable":true,"href":"https:\/\/sgvaimudar.com.br\/index.php\/wp-json\/wp\/v2\/media\/10258"}],"wp:attachment":[{"href":"https:\/\/sgvaimudar.com.br\/index.php\/wp-json\/wp\/v2\/media?parent=24192"}],"wp:term":[{"taxonomy":"category","embeddable":true,"href":"https:\/\/sgvaimudar.com.br\/index.php\/wp-json\/wp\/v2\/categories?post=24192"},{"taxonomy":"post_tag","embeddable":true,"href":"https:\/\/sgvaimudar.com.br\/index.php\/wp-json\/wp\/v2\/tags?post=24192"}],"curies":[{"name":"wp","href":"https:\/\/api.w.org\/{rel}","templated":true}]}}