{"id":24189,"date":"2025-04-29T21:00:00","date_gmt":"2025-04-30T00:00:00","guid":{"rendered":"https:\/\/sgvaimudar.com.br\/?p=24189"},"modified":"2025-04-29T08:34:39","modified_gmt":"2025-04-29T11:34:39","slug":"em-itaborai-implantacao-do-novo-comercio-popular-promete-mais-organizacao-seguranca-e-qualidade-de-vida","status":"publish","type":"post","link":"https:\/\/sgvaimudar.com.br\/index.php\/2025\/04\/29\/em-itaborai-implantacao-do-novo-comercio-popular-promete-mais-organizacao-seguranca-e-qualidade-de-vida\/","title":{"rendered":"Em Itabora\u00ed, implanta\u00e7\u00e3o do novo Com\u00e9rcio Popular promete mais organiza\u00e7\u00e3o, seguran\u00e7a e qualidade de vida"},"content":{"rendered":"\n<p><em>Autoridades se reuniram para os ajustes finais da implanta\u00e7\u00e3o do Com\u00e9rcio Popular de Manilha<\/em><\/p>\n\n\n\n<p>Ao visar um novo come\u00e7o para o Centro de Manilha, o \u00a0subprefeito de Itabora\u00ed, H\u00e9dio Mataruna e o subprefeito de Manilha, J\u00fanior Abreu, se reuniram, nesta segunda-feira (28\/04), com representantes das secretarias municipais de Transporte (Semtrans), Seguran\u00e7a (Semseg) e Fazenda e Tecnologia (Semfaz), juntamente com suas equipes, para alinhar os ajustes finais da implanta\u00e7\u00e3o do Com\u00e9rcio Popular de Manilha. <\/p>\n\n\n\n<p>O projeto ser\u00e1 um marco hist\u00f3rico na reorganiza\u00e7\u00e3o das vias p\u00fablicas da regi\u00e3o, trazendo mais organiza\u00e7\u00e3o, seguran\u00e7a, qualidade de vida e dignidade para trabalhadores e moradores. A reuni\u00e3o aconteceu na sala de reuni\u00f5es do Enterprise City Center, no Centro.<\/p>\n\n\n\n<p>A previs\u00e3o \u00e9 que a desocupa\u00e7\u00e3o das atuais barracas tenha in\u00edcio na pr\u00f3xima segunda-feira (05\/05), com a abertura oficial do novo espa\u00e7o de com\u00e9rcio popular marcada para o dia 12 de maio. Ainda no dia 05 de maio, a Rua Arthur Souto ser\u00e1 fechada permanentemente, dando espa\u00e7o ao novo modelo de ordenamento urbano.<\/p>\n\n\n\n<p>Os trabalhadores ser\u00e3o divididos em dois setores: o com\u00e9rcio popular migrar\u00e1 para a Rua Arthur Souto, enquanto os vendedores de alimentos, conhecidos como food trucks, ser\u00e3o realocados para a Rua 5, ambas localizadas no Centro de Manilha. At\u00e9 o momento, 39 ambulantes est\u00e3o confirmados para a Rua Arthur Souto e 20 ocupantes de food trucks para a Rua 5. O novo Com\u00e9rcio Popular de Manilha funcionar\u00e1 em dois hor\u00e1rios: das 7h \u00e0s 19h para a feira do dia e das 18h \u00e0s 4h para o com\u00e9rcio aliment\u00edcio.<\/p>\n\n\n\n<p>Essa grande mudan\u00e7a trar\u00e1 benef\u00edcios diretos para a popula\u00e7\u00e3o, como uma melhora visual significativa da regi\u00e3o, mais seguran\u00e7a para quem transita pelo local e melhores condi\u00e7\u00f5es de trabalho para os vendedores. Al\u00e9m disso, o tr\u00e2nsito ser\u00e1 fluido e mais organizado, promovendo o bem-estar de todos.<\/p>\n\n\n\n<p>Como parte do compromisso da Prefeitura de Itabora\u00ed em garantir um espa\u00e7o seguro e adequado para os comerciantes e para a popula\u00e7\u00e3o, ser\u00e1 implantada uma base de apoio na Rua Arthur Souto e dois pontos de apoio, localizados na entrada de Manilha e na Rua 5 (Rua dos Food Trucks). Al\u00e9m disso, haver\u00e1 fiscaliza\u00e7\u00e3o constante e plant\u00e3o de 24 horas com agentes de Postura, Guarda Municipal e Tr\u00e2nsito.<\/p>\n\n\n\n<p>Ainda dentro desse compromisso, as secretarias municipais de Sa\u00fade e Defesa Civil realizar\u00e3o, na pr\u00f3xima ter\u00e7a-feira (06\/05), um treinamento e orienta\u00e7\u00e3o para todos os trabalhadores que atuar\u00e3o no novo espa\u00e7o, refor\u00e7ando a import\u00e2ncia da seguran\u00e7a e boas pr\u00e1ticas no com\u00e9rcio popular.<\/p>\n\n\n\n<p>Representando o prefeito Marcelo Delaroli, o subprefeito H\u00e9dio Mataruna destacou a import\u00e2ncia da implanta\u00e7\u00e3o do novo Com\u00e9rcio Popular de Manilha.<\/p>\n\n\n\n<p>\u201cEste projeto \u00e9 muito mais do que a reorganiza\u00e7\u00e3o do espa\u00e7o urbano. \u00c9 sobre cuidar das pessoas, oferecer dignidade para quem trabalha e seguran\u00e7a para quem passa. Estamos escrevendo um novo cap\u00edtulo para Manilha, com mais organiza\u00e7\u00e3o, sa\u00fade e bem-estar para todos\u201d, afirmou H\u00e9dio Mataruna.<\/p>\n\n\n\n<p>\u00c9 importante destacar que todos os comerciantes da \u00e1rea foram devidamente cadastrados pela Secretaria Municipal de Fazenda e Tecnologia (SEMFAZ). Para isso, foram realizadas duas reuni\u00f5es com os trabalhadores locais, focadas na conscientiza\u00e7\u00e3o e organiza\u00e7\u00e3o para a assinatura do termo de cess\u00e3o de uso do espa\u00e7o no novo Com\u00e9rcio Popular.<\/p>\n\n\n\n<p><\/p>\n","protected":false},"excerpt":{"rendered":"<p>Autoridades se reuniram para os ajustes finais da implanta\u00e7\u00e3o do Com\u00e9rcio Popular de Manilha Ao visar um novo come\u00e7o para&hellip;<\/p>\n","protected":false},"author":5,"featured_media":24190,"comment_status":"open","ping_status":"open","sticky":false,"template":"","format":"standard","meta":{"fifu_image_url":"","fifu_image_alt":"","footnotes":""},"categories":[3],"tags":[],"class_list":["post-24189","post","type-post","status-publish","format-standard","has-post-thumbnail","hentry","category-sao-goncalo"],"_links":{"self":[{"href":"https:\/\/sgvaimudar.com.br\/index.php\/wp-json\/wp\/v2\/posts\/24189","targetHints":{"allow":["GET"]}}],"collection":[{"href":"https:\/\/sgvaimudar.com.br\/index.php\/wp-json\/wp\/v2\/posts"}],"about":[{"href":"https:\/\/sgvaimudar.com.br\/index.php\/wp-json\/wp\/v2\/types\/post"}],"author":[{"embeddable":true,"href":"https:\/\/sgvaimudar.com.br\/index.php\/wp-json\/wp\/v2\/users\/5"}],"replies":[{"embeddable":true,"href":"https:\/\/sgvaimudar.com.br\/index.php\/wp-json\/wp\/v2\/comments?post=24189"}],"version-history":[{"count":1,"href":"https:\/\/sgvaimudar.com.br\/index.php\/wp-json\/wp\/v2\/posts\/24189\/revisions"}],"predecessor-version":[{"id":24191,"href":"https:\/\/sgvaimudar.com.br\/index.php\/wp-json\/wp\/v2\/posts\/24189\/revisions\/24191"}],"wp:featuredmedia":[{"embeddable":true,"href":"https:\/\/sgvaimudar.com.br\/index.php\/wp-json\/wp\/v2\/media\/24190"}],"wp:attachment":[{"href":"https:\/\/sgvaimudar.com.br\/index.php\/wp-json\/wp\/v2\/media?parent=24189"}],"wp:term":[{"taxonomy":"category","embeddable":true,"href":"https:\/\/sgvaimudar.com.br\/index.php\/wp-json\/wp\/v2\/categories?post=24189"},{"taxonomy":"post_tag","embeddable":true,"href":"https:\/\/sgvaimudar.com.br\/index.php\/wp-json\/wp\/v2\/tags?post=24189"}],"curies":[{"name":"wp","href":"https:\/\/api.w.org\/{rel}","templated":true}]}}