{"id":24186,"date":"2025-04-29T19:00:00","date_gmt":"2025-04-29T22:00:00","guid":{"rendered":"https:\/\/sgvaimudar.com.br\/?p=24186"},"modified":"2025-04-29T08:30:55","modified_gmt":"2025-04-29T11:30:55","slug":"ultimas-vagas-em-projeto-com-cuidadores-de-pessoas-com-tea-na-funasg","status":"publish","type":"post","link":"https:\/\/sgvaimudar.com.br\/index.php\/2025\/04\/29\/ultimas-vagas-em-projeto-com-cuidadores-de-pessoas-com-tea-na-funasg\/","title":{"rendered":"\u00daltimas vagas em projeto com cuidadores de pessoas com TEA na Funasg"},"content":{"rendered":"\n<p><em>Grupo &#8216;Cuidando de quem cuida&#8217; tem in\u00edcio previsto para 9 de maio<\/em><\/p>\n\n\n\n<p>Est\u00e3o abertas as inscri\u00e7\u00f5es para o grupo \u201cCuidando de Quem Cuida &#8211; Funasg Azul\u201d, voltado a servidores p\u00fablicos municipais de S\u00e3o Gon\u00e7alo, ativos ou inativos, e seus dependentes. O grupo tem como objetivo acolher e fortalecer quem cuida de pessoas diagnosticadas com Transtorno do Espectro Autista (TEA), como m\u00e3es, pais, av\u00f3s e av\u00f4s, dentre outros.<\/p>\n\n\n\n<p>Com in\u00edcio marcado para o dia 9 de maio, \u00e0s 10h, o grupo ainda conta com vagas dispon\u00edveis para novos participantes. Os encontros acontecer\u00e3o sempre \u00e0s sextas-feiras, das 10h \u00e0s 11h, na sala de fonoaudiologia da Funasg, localizada no Centro de S\u00e3o Gon\u00e7alo.<\/p>\n\n\n\n<p>A iniciativa \u00e9 promovida pela Funda\u00e7\u00e3o de Assist\u00eancia \u00e0 Sa\u00fade dos Servidores de S\u00e3o Gon\u00e7alo (Funasg) e oferece um espa\u00e7o de escuta qualificada, troca de experi\u00eancias, apoio emocional e informa\u00e7\u00f5es cient\u00edficas \u00fateis para quem lida diariamente com os desafios do cuidado. O grupo funcionar\u00e1 at\u00e9 o ano de 2026, com o acompanhamento de uma equipe multidisciplinar, incluindo a fonoaudi\u00f3loga Priscila Silveira e a assistente social C\u00e1ssia Regina.<\/p>\n\n\n\n<p>Para se inscrever no grupo, basta ser um servidor com v\u00ednculo com a Funasg (ou dependente) e procurar a funda\u00e7\u00e3o pelo telefone, atrav\u00e9s dos n\u00fameros (21) 2199-6520 ou (21) 2199-6519 ou pelo Whatsapp (21) 99254-4448, de segunda a sexta-feira, das 8h \u00e0s 17h. Uma outra forma de se inscrever \u00e9 ir at\u00e9 a Funasg, que fica localizada na Rua Alu\u00edsio Neiva, 808, Centro de S\u00e3o Gon\u00e7alo.<\/p>\n\n\n\n<p><em>Foto: Julio Diniz<\/em><\/p>\n\n\n\n<p><strong><em>S\u00e3o Gon\u00e7alo vai mudar: Not\u00edcias de S\u00e3o Gon\u00e7alo e toda regi\u00e3o.<\/em><\/strong><\/p>\n\n\n\n<figure class=\"wp-block-image size-large\"><img fetchpriority=\"high\" decoding=\"async\" width=\"1024\" height=\"252\" src=\"https:\/\/sgvaimudar.com.br\/wp-content\/uploads\/2025\/03\/Anuncie-Aqui-Sao-Goncalo-vai-mudar-1024x252.jpg\" alt=\"\" class=\"wp-image-22693\" srcset=\"https:\/\/sgvaimudar.com.br\/wp-content\/uploads\/2025\/03\/Anuncie-Aqui-Sao-Goncalo-vai-mudar-1024x252.jpg 1024w, https:\/\/sgvaimudar.com.br\/wp-content\/uploads\/2025\/03\/Anuncie-Aqui-Sao-Goncalo-vai-mudar-300x74.jpg 300w, https:\/\/sgvaimudar.com.br\/wp-content\/uploads\/2025\/03\/Anuncie-Aqui-Sao-Goncalo-vai-mudar-768x189.jpg 768w, https:\/\/sgvaimudar.com.br\/wp-content\/uploads\/2025\/03\/Anuncie-Aqui-Sao-Goncalo-vai-mudar-1536x378.jpg 1536w, https:\/\/sgvaimudar.com.br\/wp-content\/uploads\/2025\/03\/Anuncie-Aqui-Sao-Goncalo-vai-mudar-2048x504.jpg 2048w\" sizes=\"(max-width: 1024px) 100vw, 1024px\" \/><\/figure>\n","protected":false},"excerpt":{"rendered":"<p>Grupo &#8216;Cuidando de quem cuida&#8217; tem in\u00edcio previsto para 9 de maio Est\u00e3o abertas as inscri\u00e7\u00f5es para o grupo \u201cCuidando&hellip;<\/p>\n","protected":false},"author":5,"featured_media":24187,"comment_status":"open","ping_status":"open","sticky":false,"template":"","format":"standard","meta":{"fifu_image_url":"","fifu_image_alt":"","footnotes":""},"categories":[7],"tags":[],"class_list":["post-24186","post","type-post","status-publish","format-standard","has-post-thumbnail","hentry","category-saude"],"_links":{"self":[{"href":"https:\/\/sgvaimudar.com.br\/index.php\/wp-json\/wp\/v2\/posts\/24186","targetHints":{"allow":["GET"]}}],"collection":[{"href":"https:\/\/sgvaimudar.com.br\/index.php\/wp-json\/wp\/v2\/posts"}],"about":[{"href":"https:\/\/sgvaimudar.com.br\/index.php\/wp-json\/wp\/v2\/types\/post"}],"author":[{"embeddable":true,"href":"https:\/\/sgvaimudar.com.br\/index.php\/wp-json\/wp\/v2\/users\/5"}],"replies":[{"embeddable":true,"href":"https:\/\/sgvaimudar.com.br\/index.php\/wp-json\/wp\/v2\/comments?post=24186"}],"version-history":[{"count":1,"href":"https:\/\/sgvaimudar.com.br\/index.php\/wp-json\/wp\/v2\/posts\/24186\/revisions"}],"predecessor-version":[{"id":24188,"href":"https:\/\/sgvaimudar.com.br\/index.php\/wp-json\/wp\/v2\/posts\/24186\/revisions\/24188"}],"wp:featuredmedia":[{"embeddable":true,"href":"https:\/\/sgvaimudar.com.br\/index.php\/wp-json\/wp\/v2\/media\/24187"}],"wp:attachment":[{"href":"https:\/\/sgvaimudar.com.br\/index.php\/wp-json\/wp\/v2\/media?parent=24186"}],"wp:term":[{"taxonomy":"category","embeddable":true,"href":"https:\/\/sgvaimudar.com.br\/index.php\/wp-json\/wp\/v2\/categories?post=24186"},{"taxonomy":"post_tag","embeddable":true,"href":"https:\/\/sgvaimudar.com.br\/index.php\/wp-json\/wp\/v2\/tags?post=24186"}],"curies":[{"name":"wp","href":"https:\/\/api.w.org\/{rel}","templated":true}]}}