{"id":24182,"date":"2025-04-29T17:00:00","date_gmt":"2025-04-29T20:00:00","guid":{"rendered":"https:\/\/sgvaimudar.com.br\/?p=24182"},"modified":"2025-04-29T08:27:17","modified_gmt":"2025-04-29T11:27:17","slug":"evento-inedito-reune-varios-sindicatos-em-niteroi-no-dia-1o-de-maio","status":"publish","type":"post","link":"https:\/\/sgvaimudar.com.br\/index.php\/2025\/04\/29\/evento-inedito-reune-varios-sindicatos-em-niteroi-no-dia-1o-de-maio\/","title":{"rendered":"Evento in\u00e9dito re\u00fane v\u00e1rios sindicatos em Niter\u00f3i no dia 1\u00ba de Maio"},"content":{"rendered":"\n<p><em>Representantes de 13 sindicatos e de centrais sindicais confirmaram presen\u00e7a<\/em><\/p>\n\n\n\n<p>Os sindicatos de v\u00e1rias categorias profissionais, pela primeira vez no Leste Fluminense, se reunir\u00e3o para celebrar o Dia do Trabalhador de forma unificada. O evento, que contar\u00e1 com autoridades dos munic\u00edpios de Niter\u00f3i, S\u00e3o Gon\u00e7alo, Itabora\u00ed e Maric\u00e1, ser\u00e1 no dia 1\u00ba de maio de 2025, a partir das 8h, na sede do Sindicato dos Rodovi\u00e1rios de Niter\u00f3i a Arraial do Cabo (Sintronac), no Sap\u00ea, Niter\u00f3i.<\/p>\n\n\n\n<figure class=\"wp-block-image size-large\"><img fetchpriority=\"high\" decoding=\"async\" width=\"724\" height=\"1024\" src=\"https:\/\/sgvaimudar.com.br\/wp-content\/uploads\/2025\/04\/1-de-maio-724x1024.jpg\" alt=\"\" class=\"wp-image-24184\" srcset=\"https:\/\/sgvaimudar.com.br\/wp-content\/uploads\/2025\/04\/1-de-maio-724x1024.jpg 724w, https:\/\/sgvaimudar.com.br\/wp-content\/uploads\/2025\/04\/1-de-maio-212x300.jpg 212w, https:\/\/sgvaimudar.com.br\/wp-content\/uploads\/2025\/04\/1-de-maio-768x1086.jpg 768w, https:\/\/sgvaimudar.com.br\/wp-content\/uploads\/2025\/04\/1-de-maio-1086x1536.jpg 1086w, https:\/\/sgvaimudar.com.br\/wp-content\/uploads\/2025\/04\/1-de-maio-1448x2048.jpg 1448w, https:\/\/sgvaimudar.com.br\/wp-content\/uploads\/2025\/04\/1-de-maio-scaled.jpg 1810w\" sizes=\"(max-width: 724px) 100vw, 724px\" \/><\/figure>\n\n\n\n<p>A previs\u00e3o \u00e9 de participa\u00e7\u00e3o de, pelo menos, 2,5 mil pessoas no evento, que contar\u00e1 com esquema especial de tr\u00e2nsito para n\u00e3o obstruir o acesso ao bairro do Sap\u00ea. Representantes de 13 sindicatos e de centrais sindicais confirmaram presen\u00e7a, que \u00e9 organizado pelo Sintronac e pelo F\u00f3rum Intersindical do Leste Fluminense, abrangendo as categorias: rodovi\u00e1rios, taxistas, trabalhadores em postos de gasolina, empresas de fornecimento de \u00e1gua, petr\u00f3leo, vigilantes, contabilistas, empregados de condom\u00ednios, guardadores de autom\u00f3veis, al\u00e9m das \u00e1rea de Sa\u00fade, Educa\u00e7\u00e3o, T\u00eaxtil e Ind\u00fastria.<\/p>\n\n\n\n<p>\u201cSer\u00e1 um evento hist\u00f3rico, que fortalecer\u00e1 as agendas de lutas de diversas categorias profissionais. Vivemos um momento econ\u00f4mico no Pa\u00eds de extrema fragilidade para a classe trabalhadora. \u00c9 preciso fortalecer os la\u00e7os entre as entidades sindicais\u201d, avalia o presidente do Sintronac, Rubens dos Santos Oliveira.<\/p>\n\n\n\n<p>O coordenador do F\u00f3rum Intersindical do Leste Fluminense, Jos\u00e9 Juvino, acrescenta:<\/p>\n\n\n\n<p>\u201cPretendemos que, a partir deste evento, os pr\u00f3ximos, que celebram o<br>Dia do Trabalhador, tamb\u00e9m sejam unificados, assim como outras datas importantes para os trabalhadores\u201d, diz ele.<\/p>\n\n\n\n<p>Embora o Primeiro de Maio Unificado seja um evento de natureza trabalhista, ele tamb\u00e9m reunir\u00e1 as fam\u00edlias dos trabalhadores, que contar\u00e3o com shows ao vivo, comida e atividades para as crian\u00e7as.<\/p>\n\n\n\n<p><strong><em>S\u00e3o Gon\u00e7alo vai mudar: Not\u00edcias de S\u00e3o Gon\u00e7alo e toda regi\u00e3o.<\/em><\/strong><\/p>\n\n\n\n<figure class=\"wp-block-image size-large\"><img decoding=\"async\" width=\"1024\" height=\"252\" src=\"https:\/\/sgvaimudar.com.br\/wp-content\/uploads\/2025\/03\/Anuncie-Aqui-Sao-Goncalo-vai-mudar-1024x252.jpg\" alt=\"\" class=\"wp-image-22693\" srcset=\"https:\/\/sgvaimudar.com.br\/wp-content\/uploads\/2025\/03\/Anuncie-Aqui-Sao-Goncalo-vai-mudar-1024x252.jpg 1024w, https:\/\/sgvaimudar.com.br\/wp-content\/uploads\/2025\/03\/Anuncie-Aqui-Sao-Goncalo-vai-mudar-300x74.jpg 300w, https:\/\/sgvaimudar.com.br\/wp-content\/uploads\/2025\/03\/Anuncie-Aqui-Sao-Goncalo-vai-mudar-768x189.jpg 768w, https:\/\/sgvaimudar.com.br\/wp-content\/uploads\/2025\/03\/Anuncie-Aqui-Sao-Goncalo-vai-mudar-1536x378.jpg 1536w, https:\/\/sgvaimudar.com.br\/wp-content\/uploads\/2025\/03\/Anuncie-Aqui-Sao-Goncalo-vai-mudar-2048x504.jpg 2048w\" sizes=\"(max-width: 1024px) 100vw, 1024px\" \/><\/figure>\n","protected":false},"excerpt":{"rendered":"<p>Representantes de 13 sindicatos e de centrais sindicais confirmaram presen\u00e7a Os sindicatos de v\u00e1rias categorias profissionais, pela primeira vez no&hellip;<\/p>\n","protected":false},"author":5,"featured_media":24183,"comment_status":"open","ping_status":"open","sticky":false,"template":"","format":"standard","meta":{"fifu_image_url":"","fifu_image_alt":"","footnotes":""},"categories":[34],"tags":[],"class_list":["post-24182","post","type-post","status-publish","format-standard","has-post-thumbnail","hentry","category-niteroi"],"_links":{"self":[{"href":"https:\/\/sgvaimudar.com.br\/index.php\/wp-json\/wp\/v2\/posts\/24182","targetHints":{"allow":["GET"]}}],"collection":[{"href":"https:\/\/sgvaimudar.com.br\/index.php\/wp-json\/wp\/v2\/posts"}],"about":[{"href":"https:\/\/sgvaimudar.com.br\/index.php\/wp-json\/wp\/v2\/types\/post"}],"author":[{"embeddable":true,"href":"https:\/\/sgvaimudar.com.br\/index.php\/wp-json\/wp\/v2\/users\/5"}],"replies":[{"embeddable":true,"href":"https:\/\/sgvaimudar.com.br\/index.php\/wp-json\/wp\/v2\/comments?post=24182"}],"version-history":[{"count":1,"href":"https:\/\/sgvaimudar.com.br\/index.php\/wp-json\/wp\/v2\/posts\/24182\/revisions"}],"predecessor-version":[{"id":24185,"href":"https:\/\/sgvaimudar.com.br\/index.php\/wp-json\/wp\/v2\/posts\/24182\/revisions\/24185"}],"wp:featuredmedia":[{"embeddable":true,"href":"https:\/\/sgvaimudar.com.br\/index.php\/wp-json\/wp\/v2\/media\/24183"}],"wp:attachment":[{"href":"https:\/\/sgvaimudar.com.br\/index.php\/wp-json\/wp\/v2\/media?parent=24182"}],"wp:term":[{"taxonomy":"category","embeddable":true,"href":"https:\/\/sgvaimudar.com.br\/index.php\/wp-json\/wp\/v2\/categories?post=24182"},{"taxonomy":"post_tag","embeddable":true,"href":"https:\/\/sgvaimudar.com.br\/index.php\/wp-json\/wp\/v2\/tags?post=24182"}],"curies":[{"name":"wp","href":"https:\/\/api.w.org\/{rel}","templated":true}]}}