{"id":24176,"date":"2025-04-29T14:00:00","date_gmt":"2025-04-29T17:00:00","guid":{"rendered":"https:\/\/sgvaimudar.com.br\/?p=24176"},"modified":"2025-04-29T08:16:18","modified_gmt":"2025-04-29T11:16:18","slug":"secretaria-de-saude-de-sao-goncalo-faz-treinamento-para-atuacao-em-casos-de-sarampo","status":"publish","type":"post","link":"https:\/\/sgvaimudar.com.br\/index.php\/2025\/04\/29\/secretaria-de-saude-de-sao-goncalo-faz-treinamento-para-atuacao-em-casos-de-sarampo\/","title":{"rendered":"Secretaria de Sa\u00fade de S\u00e3o Gon\u00e7alo faz treinamento para atua\u00e7\u00e3o em casos de sarampo"},"content":{"rendered":"\n<p><em>Munic\u00edpio n\u00e3o tem caso confirmado da doen\u00e7a desde 2021\u00a0\u00a0\u00a0<\/em><\/p>\n\n\n\n<p>O Centro de Informa\u00e7\u00f5es Estrat\u00e9gicas em Vigil\u00e2ncia em Sa\u00fade (Cievs), ligado \u00e0 Secretaria de Sa\u00fade da Prefeitura de S\u00e3o Gon\u00e7alo, iniciou a Oficina de Prepara\u00e7\u00e3o \u00e0 Resposta R\u00e1pida ao Sarampo para enfermeiros das redes p\u00fablicas e privadas da cidade nesta segunda-feira (28). A oficina continua nesta ter\u00e7a-feira (29) na Universidade Est\u00e1cio de S\u00e1, em Alc\u00e2ntara.&nbsp;<\/p>\n\n\n\n<p>\u201cO munic\u00edpio n\u00e3o tem caso confirmado da doen\u00e7a desde 2021. Mas casos surgiram no ano passado e neste ano no Estado do Rio. Por isso, preparamos essa oficina para que os servidores consigam identificar com facilidade se aparecer caso suspeito, principalmente, nos postos de sa\u00fade. A identifica\u00e7\u00e3o precoce evita complica\u00e7\u00f5es e facilita o tratamento\u201d, explicou a coordenadora do Cievs, Andressa Moraes.\u00a0\u00a0<\/p>\n\n\n\n<p>Durante os dois dias de oficina, os enfermeiros v\u00e3o trocar experi\u00eancias e ter\u00e3o treinamento para a identifica\u00e7\u00e3o r\u00e1pida da doen\u00e7a, mesmo que ela esteja no in\u00edcio. Nesta segunda, a apresenta\u00e7\u00e3o come\u00e7ou com um question\u00e1rio entre os participantes para levantar o que cada um sabia sobre o sarampo.<\/p>\n\n\n\n<p>Ap\u00f3s esse momento, come\u00e7aram as palestras das coordena\u00e7\u00f5es de v\u00e1rios setores da sa\u00fade, como epidemiologia, imuniza\u00e7\u00e3o e do pr\u00f3prio Cievs sobre o sarampo, os dados da cidade, modos de preven\u00e7\u00e3o e identifica\u00e7\u00e3o. Tamb\u00e9m aconteceram din\u00e2micas de grupo e avalia\u00e7\u00f5es de casos.&nbsp;<\/p>\n\n\n\n<p>Todo o aprendizado dever\u00e1 ser aplicado na rotina profissional e tamb\u00e9m replicado para os demais funcion\u00e1rios da unidade de sa\u00fade. \u201cEssa oficina tem o objetivo de fortalecer a vigil\u00e2ncia e controle do sarampo. Passamos os dados e como os enfermeiros devem agir. Ap\u00f3s a oficina, eles devem passar para os demais funcion\u00e1rios que lidam diretamente com o p\u00fablico. Quanto mais r\u00e1pida a identifica\u00e7\u00e3o, melhor ser\u00e1 a recupera\u00e7\u00e3o. Tamb\u00e9m temos que lembrar que a popula\u00e7\u00e3o pode e deve fazer a sua parte mantendo a vacina\u00e7\u00e3o em dia\u201d, orientou a subsecret\u00e1ria de Sa\u00fade Coletiva, Thain\u00e1 Fratane.\u00a0<\/p>\n\n\n\n<p>A iniciativa \u00e9 uma parceria do Cievs com o N\u00facleo de Educa\u00e7\u00e3o Permanente em Sa\u00fade (Neps), Subsecretaria de Aten\u00e7\u00e3o B\u00e1sica e Subsecretaria de Sa\u00fade Coletiva com a Coordena\u00e7\u00e3o de Imuniza\u00e7\u00e3o, Vigil\u00e2ncia Epidemiol\u00f3gica e Hospitalar.\u00a0\u00a0\u00a0<\/p>\n\n\n\n<p><strong>Sarampo<\/strong>\u00a0\u2013 A doen\u00e7a infecciosa e contagiosa pode ser prevenida com vacina. A Coordena\u00e7\u00e3o de Imuniza\u00e7\u00e3o da Semsadc realiza a\u00e7\u00e3o de bloqueio em locais p\u00fablicos e privados. O imunizante aplicado \u00e9 o tr\u00edplice viral, que protege contra as formas graves do sarampo, caxumba e rub\u00e9ola. Ele pode ser aplicado nos gon\u00e7alenses entre seis meses e 59 anos que ainda n\u00e3o estejam imunizados. A a\u00e7\u00e3o vai continuar nos pr\u00f3ximos meses.\u00a0<\/p>\n\n\n\n<p>A atualiza\u00e7\u00e3o da caderneta de vacina\u00e7\u00e3o pode ser feita em qualquer sala de vacina\u00e7\u00e3o durante todo o ano. As cadernetas s\u00e3o avaliadas pela equipe, assim como a condi\u00e7\u00e3o cl\u00ednica do paciente para a aplica\u00e7\u00e3o das vacinas. Al\u00e9m da tr\u00edplice viral, todos os outros imunizantes do Programa Nacional de Imuniza\u00e7\u00e3o (PNI) est\u00e3o dispon\u00edveis.\u00a0\u00a0<\/p>\n\n\n\n<p><em>Foto: Julio Dini<\/em>z<\/p>\n\n\n\n<p><strong><em>S\u00e3o Gon\u00e7alo vai mudar: Not\u00edcias de S\u00e3o Gon\u00e7alo e toda regi\u00e3o.<\/em><\/strong><\/p>\n\n\n\n<figure class=\"wp-block-image size-large\"><img fetchpriority=\"high\" decoding=\"async\" width=\"1024\" height=\"252\" src=\"https:\/\/sgvaimudar.com.br\/wp-content\/uploads\/2025\/03\/Anuncie-Aqui-Sao-Goncalo-vai-mudar-1024x252.jpg\" alt=\"\" class=\"wp-image-22693\" srcset=\"https:\/\/sgvaimudar.com.br\/wp-content\/uploads\/2025\/03\/Anuncie-Aqui-Sao-Goncalo-vai-mudar-1024x252.jpg 1024w, https:\/\/sgvaimudar.com.br\/wp-content\/uploads\/2025\/03\/Anuncie-Aqui-Sao-Goncalo-vai-mudar-300x74.jpg 300w, https:\/\/sgvaimudar.com.br\/wp-content\/uploads\/2025\/03\/Anuncie-Aqui-Sao-Goncalo-vai-mudar-768x189.jpg 768w, https:\/\/sgvaimudar.com.br\/wp-content\/uploads\/2025\/03\/Anuncie-Aqui-Sao-Goncalo-vai-mudar-1536x378.jpg 1536w, https:\/\/sgvaimudar.com.br\/wp-content\/uploads\/2025\/03\/Anuncie-Aqui-Sao-Goncalo-vai-mudar-2048x504.jpg 2048w\" sizes=\"(max-width: 1024px) 100vw, 1024px\" \/><\/figure>\n","protected":false},"excerpt":{"rendered":"<p>Munic\u00edpio n\u00e3o tem caso confirmado da doen\u00e7a desde 2021\u00a0\u00a0\u00a0 O Centro de Informa\u00e7\u00f5es Estrat\u00e9gicas em Vigil\u00e2ncia em Sa\u00fade (Cievs), ligado&hellip;<\/p>\n","protected":false},"author":5,"featured_media":24177,"comment_status":"open","ping_status":"open","sticky":false,"template":"","format":"standard","meta":{"fifu_image_url":"","fifu_image_alt":"","footnotes":""},"categories":[7],"tags":[],"class_list":["post-24176","post","type-post","status-publish","format-standard","has-post-thumbnail","hentry","category-saude"],"_links":{"self":[{"href":"https:\/\/sgvaimudar.com.br\/index.php\/wp-json\/wp\/v2\/posts\/24176","targetHints":{"allow":["GET"]}}],"collection":[{"href":"https:\/\/sgvaimudar.com.br\/index.php\/wp-json\/wp\/v2\/posts"}],"about":[{"href":"https:\/\/sgvaimudar.com.br\/index.php\/wp-json\/wp\/v2\/types\/post"}],"author":[{"embeddable":true,"href":"https:\/\/sgvaimudar.com.br\/index.php\/wp-json\/wp\/v2\/users\/5"}],"replies":[{"embeddable":true,"href":"https:\/\/sgvaimudar.com.br\/index.php\/wp-json\/wp\/v2\/comments?post=24176"}],"version-history":[{"count":1,"href":"https:\/\/sgvaimudar.com.br\/index.php\/wp-json\/wp\/v2\/posts\/24176\/revisions"}],"predecessor-version":[{"id":24178,"href":"https:\/\/sgvaimudar.com.br\/index.php\/wp-json\/wp\/v2\/posts\/24176\/revisions\/24178"}],"wp:featuredmedia":[{"embeddable":true,"href":"https:\/\/sgvaimudar.com.br\/index.php\/wp-json\/wp\/v2\/media\/24177"}],"wp:attachment":[{"href":"https:\/\/sgvaimudar.com.br\/index.php\/wp-json\/wp\/v2\/media?parent=24176"}],"wp:term":[{"taxonomy":"category","embeddable":true,"href":"https:\/\/sgvaimudar.com.br\/index.php\/wp-json\/wp\/v2\/categories?post=24176"},{"taxonomy":"post_tag","embeddable":true,"href":"https:\/\/sgvaimudar.com.br\/index.php\/wp-json\/wp\/v2\/tags?post=24176"}],"curies":[{"name":"wp","href":"https:\/\/api.w.org\/{rel}","templated":true}]}}