{"id":24172,"date":"2025-04-29T13:00:00","date_gmt":"2025-04-29T16:00:00","guid":{"rendered":"https:\/\/sgvaimudar.com.br\/?p=24172"},"modified":"2025-04-29T08:09:07","modified_gmt":"2025-04-29T11:09:07","slug":"sao-goncalo-participa-do-ii-encontro-nacional-de-gestores-da-cultura","status":"publish","type":"post","link":"https:\/\/sgvaimudar.com.br\/index.php\/2025\/04\/29\/sao-goncalo-participa-do-ii-encontro-nacional-de-gestores-da-cultura\/","title":{"rendered":"S\u00e3o Gon\u00e7alo participa do II Encontro Nacional de Gestores da Cultura"},"content":{"rendered":"\n<p><em>Evento foi marcado por debates estrat\u00e9gicos sobre o setor<\/em><\/p>\n\n\n\n<p>A secret\u00e1ria de Turismo e Cultura da Prefeitura de S\u00e3o Gon\u00e7alo, Julia Sobreira, participou do II Encontro Nacional de Gestores da Cultura, realizado nesta semana, entre os dias 23 e 25 de abril de 2025, no Centro de Conven\u00e7\u00f5es de Jo\u00e3o Pessoa. <\/p>\n\n\n\n<p>O evento reuniu representantes de todo o Brasil com o objetivo de fortalecer a articula\u00e7\u00e3o em rede entre os entes federativos e discutir os rumos da gest\u00e3o p\u00fablica da cultura no pa\u00eds.<\/p>\n\n\n\n<figure class=\"wp-block-image size-large\"><img fetchpriority=\"high\" decoding=\"async\" width=\"1024\" height=\"768\" src=\"https:\/\/sgvaimudar.com.br\/wp-content\/uploads\/2025\/04\/unnamed-5-15-1024x768.jpg\" alt=\"\" class=\"wp-image-24173\" srcset=\"https:\/\/sgvaimudar.com.br\/wp-content\/uploads\/2025\/04\/unnamed-5-15-1024x768.jpg 1024w, https:\/\/sgvaimudar.com.br\/wp-content\/uploads\/2025\/04\/unnamed-5-15-300x225.jpg 300w, https:\/\/sgvaimudar.com.br\/wp-content\/uploads\/2025\/04\/unnamed-5-15-768x576.jpg 768w, https:\/\/sgvaimudar.com.br\/wp-content\/uploads\/2025\/04\/unnamed-5-15-1536x1152.jpg 1536w, https:\/\/sgvaimudar.com.br\/wp-content\/uploads\/2025\/04\/unnamed-5-15.jpg 1600w\" sizes=\"(max-width: 1024px) 100vw, 1024px\" \/><\/figure>\n\n\n\n<p>Em sua segunda edi\u00e7\u00e3o presencial, o encontro foi marcado por debates estrat\u00e9gicos, laborat\u00f3rios de capacita\u00e7\u00e3o e espa\u00e7os de coopera\u00e7\u00e3o entre gestores p\u00fablicos, promovendo o avan\u00e7o de pol\u00edticas culturais no contexto do novo pacto federativo. A iniciativa tem ganhado relev\u00e2ncia frente aos desafios impostos pela recente implementa\u00e7\u00e3o da Pol\u00edtica Nacional Aldir Blanc (PNAB \u2013 Lei 14.399\/2022) e da Lei Paulo Gustavo (Lei Complementar 195\/2022), que visam ampliar o acesso \u00e0 cultura e descentralizar recursos em todo o territ\u00f3rio nacional.<\/p>\n\n\n\n<p>A participa\u00e7\u00e3o de J\u00falia Sobreira refor\u00e7a o compromisso de S\u00e3o Gon\u00e7alo com a valoriza\u00e7\u00e3o da cultura local e a integra\u00e7\u00e3o de suas pol\u00edticas culturais \u00e0s diretrizes nacionais.&nbsp;<\/p>\n\n\n\n<p>\u201c\u00c9 essencial que estejamos presentes nos espa\u00e7os onde as pol\u00edticas s\u00e3o pensadas e aprimoradas, para garantir que as necessidades e potencialidades do nosso munic\u00edpio sejam ouvidas\u201d, destacou a secret\u00e1ria.<\/p>\n\n\n\n<p>O evento \u00e9 uma realiza\u00e7\u00e3o do F\u00f3rum Nacional de Secret\u00e1rios e Dirigentes Estaduais de Cultura, com co-realiza\u00e7\u00e3o da Secretaria de Estado da Cultura da Para\u00edba, patroc\u00ednio da Funda\u00e7\u00e3o Ita\u00fa e apoio de institui\u00e7\u00f5es como a Unesco, a OEI e o Minist\u00e9rio da Cultura.<\/p>\n\n\n\n<p><strong><em>S\u00e3o Gon\u00e7alo vai mudar: Not\u00edcias de S\u00e3o Gon\u00e7alo e toda regi\u00e3o.<\/em><\/strong><\/p>\n\n\n\n<figure class=\"wp-block-image size-large\"><img decoding=\"async\" width=\"1024\" height=\"46\" src=\"https:\/\/sgvaimudar.com.br\/wp-content\/uploads\/2023\/08\/Anuncie-Aqui-Sao-Goncalo-vai-mudar-1024x46.png\" alt=\"\" class=\"wp-image-2740\" srcset=\"https:\/\/sgvaimudar.com.br\/wp-content\/uploads\/2023\/08\/Anuncie-Aqui-Sao-Goncalo-vai-mudar-1024x46.png 1024w, https:\/\/sgvaimudar.com.br\/wp-content\/uploads\/2023\/08\/Anuncie-Aqui-Sao-Goncalo-vai-mudar-300x13.png 300w, https:\/\/sgvaimudar.com.br\/wp-content\/uploads\/2023\/08\/Anuncie-Aqui-Sao-Goncalo-vai-mudar-768x35.png 768w, https:\/\/sgvaimudar.com.br\/wp-content\/uploads\/2023\/08\/Anuncie-Aqui-Sao-Goncalo-vai-mudar-1536x69.png 1536w, https:\/\/sgvaimudar.com.br\/wp-content\/uploads\/2023\/08\/Anuncie-Aqui-Sao-Goncalo-vai-mudar.png 2002w\" sizes=\"(max-width: 1024px) 100vw, 1024px\" \/><\/figure>\n","protected":false},"excerpt":{"rendered":"<p>Evento foi marcado por debates estrat\u00e9gicos sobre o setor A secret\u00e1ria de Turismo e Cultura da Prefeitura de S\u00e3o Gon\u00e7alo,&hellip;<\/p>\n","protected":false},"author":5,"featured_media":24174,"comment_status":"open","ping_status":"open","sticky":false,"template":"","format":"standard","meta":{"fifu_image_url":"","fifu_image_alt":"","footnotes":""},"categories":[6],"tags":[],"class_list":["post-24172","post","type-post","status-publish","format-standard","has-post-thumbnail","hentry","category-entretenimento"],"_links":{"self":[{"href":"https:\/\/sgvaimudar.com.br\/index.php\/wp-json\/wp\/v2\/posts\/24172","targetHints":{"allow":["GET"]}}],"collection":[{"href":"https:\/\/sgvaimudar.com.br\/index.php\/wp-json\/wp\/v2\/posts"}],"about":[{"href":"https:\/\/sgvaimudar.com.br\/index.php\/wp-json\/wp\/v2\/types\/post"}],"author":[{"embeddable":true,"href":"https:\/\/sgvaimudar.com.br\/index.php\/wp-json\/wp\/v2\/users\/5"}],"replies":[{"embeddable":true,"href":"https:\/\/sgvaimudar.com.br\/index.php\/wp-json\/wp\/v2\/comments?post=24172"}],"version-history":[{"count":1,"href":"https:\/\/sgvaimudar.com.br\/index.php\/wp-json\/wp\/v2\/posts\/24172\/revisions"}],"predecessor-version":[{"id":24175,"href":"https:\/\/sgvaimudar.com.br\/index.php\/wp-json\/wp\/v2\/posts\/24172\/revisions\/24175"}],"wp:featuredmedia":[{"embeddable":true,"href":"https:\/\/sgvaimudar.com.br\/index.php\/wp-json\/wp\/v2\/media\/24174"}],"wp:attachment":[{"href":"https:\/\/sgvaimudar.com.br\/index.php\/wp-json\/wp\/v2\/media?parent=24172"}],"wp:term":[{"taxonomy":"category","embeddable":true,"href":"https:\/\/sgvaimudar.com.br\/index.php\/wp-json\/wp\/v2\/categories?post=24172"},{"taxonomy":"post_tag","embeddable":true,"href":"https:\/\/sgvaimudar.com.br\/index.php\/wp-json\/wp\/v2\/tags?post=24172"}],"curies":[{"name":"wp","href":"https:\/\/api.w.org\/{rel}","templated":true}]}}