{"id":24169,"date":"2025-04-29T12:00:00","date_gmt":"2025-04-29T15:00:00","guid":{"rendered":"https:\/\/sgvaimudar.com.br\/?p=24169"},"modified":"2025-04-29T08:04:37","modified_gmt":"2025-04-29T11:04:37","slug":"habitacao-libera-vagas-para-cadastro-no-minha-casa-minha-vida","status":"publish","type":"post","link":"https:\/\/sgvaimudar.com.br\/index.php\/2025\/04\/29\/habitacao-libera-vagas-para-cadastro-no-minha-casa-minha-vida\/","title":{"rendered":"Habita\u00e7\u00e3o libera vagas para cadastro no Minha Casa Minha Vida"},"content":{"rendered":"\n<p><em>Inscri\u00e7\u00e3o pode ser feita na internet via aplicativo Colab\u00a0<\/em><\/p>\n\n\n\n<p>A Prefeitura de S\u00e3o Gon\u00e7alo, atrav\u00e9s da Secretaria de Habita\u00e7\u00e3o, abriu novo agendamento para inscri\u00e7\u00e3o no programa habitacional \u201cMinha Casa, Minha Vida\u201d pelo aplicativo Colab. Desta vez, foram disponibilizadas 480 vagas para o m\u00eas de maio.<\/p>\n\n\n\n<p>O cadastro no programa pode ser realizado pelos moradores que ainda n\u00e3o est\u00e3o inscritos no \u201cMinha Casa Minha Vida\u201d no munic\u00edpio. O objetivo \u00e9 facilitar o acesso ao programa com informa\u00e7\u00f5es sobre quem tem direito a participar e como se inscrever.<\/p>\n\n\n\n<figure class=\"wp-block-image size-large\"><img fetchpriority=\"high\" decoding=\"async\" width=\"819\" height=\"1024\" src=\"https:\/\/sgvaimudar.com.br\/wp-content\/uploads\/2025\/04\/unnamed-4-17-819x1024.jpg\" alt=\"\" class=\"wp-image-24170\" srcset=\"https:\/\/sgvaimudar.com.br\/wp-content\/uploads\/2025\/04\/unnamed-4-17-819x1024.jpg 819w, https:\/\/sgvaimudar.com.br\/wp-content\/uploads\/2025\/04\/unnamed-4-17-240x300.jpg 240w, https:\/\/sgvaimudar.com.br\/wp-content\/uploads\/2025\/04\/unnamed-4-17-768x960.jpg 768w, https:\/\/sgvaimudar.com.br\/wp-content\/uploads\/2025\/04\/unnamed-4-17.jpg 1080w\" sizes=\"(max-width: 819px) 100vw, 819px\" \/><\/figure>\n\n\n\n<p>A Faixa 1 do Minha Casa Minha Vida (MCMV) destina-se a fam\u00edlias com renda mensal bruta de at\u00e9 R$ 2.850,00. Para esta faixa, o programa oferece subs\u00eddios de at\u00e9 95% do valor do im\u00f3vel. \u00c9 importante destacar que o cidad\u00e3o deve estar com o N\u00famero de Identifica\u00e7\u00e3o Social (NIS) atualizado para a inscri\u00e7\u00e3o.<\/p>\n\n\n\n<p>Pelo aplicativo Colab, os gon\u00e7alenses conseguem agendar a data e o hor\u00e1rio para o atendimento presencial por servidores da Secretaria de Habita\u00e7\u00e3o, quando dever\u00e3o apresentar os documentos necess\u00e1rios para realizar a inscri\u00e7\u00e3o no programa.<\/p>\n\n\n\n<p>A Secretaria de Habita\u00e7\u00e3o fica na Avenida Presidente Kennedy, n\u00b0 425, sala 145, Centro. Mas n\u00e3o haver\u00e1 funcionamento na quinta (01) e sexta-feira (02), por conta do feriado do Dia do Trabalho e ponto facultativo.<\/p>\n\n\n\n<p><strong><em>S\u00e3o Gon\u00e7alo vai mudar: Not\u00edcias de S\u00e3o Gon\u00e7alo e toda regi\u00e3o.<\/em><\/strong><\/p>\n\n\n\n<figure class=\"wp-block-image size-large\"><img decoding=\"async\" width=\"1024\" height=\"252\" src=\"https:\/\/sgvaimudar.com.br\/wp-content\/uploads\/2025\/03\/Anuncie-Aqui-Sao-Goncalo-vai-mudar-1024x252.jpg\" alt=\"\" class=\"wp-image-22693\" srcset=\"https:\/\/sgvaimudar.com.br\/wp-content\/uploads\/2025\/03\/Anuncie-Aqui-Sao-Goncalo-vai-mudar-1024x252.jpg 1024w, https:\/\/sgvaimudar.com.br\/wp-content\/uploads\/2025\/03\/Anuncie-Aqui-Sao-Goncalo-vai-mudar-300x74.jpg 300w, https:\/\/sgvaimudar.com.br\/wp-content\/uploads\/2025\/03\/Anuncie-Aqui-Sao-Goncalo-vai-mudar-768x189.jpg 768w, https:\/\/sgvaimudar.com.br\/wp-content\/uploads\/2025\/03\/Anuncie-Aqui-Sao-Goncalo-vai-mudar-1536x378.jpg 1536w, https:\/\/sgvaimudar.com.br\/wp-content\/uploads\/2025\/03\/Anuncie-Aqui-Sao-Goncalo-vai-mudar-2048x504.jpg 2048w\" sizes=\"(max-width: 1024px) 100vw, 1024px\" \/><\/figure>\n","protected":false},"excerpt":{"rendered":"<p>Inscri\u00e7\u00e3o pode ser feita na internet via aplicativo Colab\u00a0 A Prefeitura de S\u00e3o Gon\u00e7alo, atrav\u00e9s da Secretaria de Habita\u00e7\u00e3o, abriu&hellip;<\/p>\n","protected":false},"author":5,"featured_media":5546,"comment_status":"open","ping_status":"open","sticky":false,"template":"","format":"standard","meta":{"fifu_image_url":"","fifu_image_alt":"","footnotes":""},"categories":[3],"tags":[],"class_list":["post-24169","post","type-post","status-publish","format-standard","has-post-thumbnail","hentry","category-sao-goncalo"],"_links":{"self":[{"href":"https:\/\/sgvaimudar.com.br\/index.php\/wp-json\/wp\/v2\/posts\/24169","targetHints":{"allow":["GET"]}}],"collection":[{"href":"https:\/\/sgvaimudar.com.br\/index.php\/wp-json\/wp\/v2\/posts"}],"about":[{"href":"https:\/\/sgvaimudar.com.br\/index.php\/wp-json\/wp\/v2\/types\/post"}],"author":[{"embeddable":true,"href":"https:\/\/sgvaimudar.com.br\/index.php\/wp-json\/wp\/v2\/users\/5"}],"replies":[{"embeddable":true,"href":"https:\/\/sgvaimudar.com.br\/index.php\/wp-json\/wp\/v2\/comments?post=24169"}],"version-history":[{"count":1,"href":"https:\/\/sgvaimudar.com.br\/index.php\/wp-json\/wp\/v2\/posts\/24169\/revisions"}],"predecessor-version":[{"id":24171,"href":"https:\/\/sgvaimudar.com.br\/index.php\/wp-json\/wp\/v2\/posts\/24169\/revisions\/24171"}],"wp:featuredmedia":[{"embeddable":true,"href":"https:\/\/sgvaimudar.com.br\/index.php\/wp-json\/wp\/v2\/media\/5546"}],"wp:attachment":[{"href":"https:\/\/sgvaimudar.com.br\/index.php\/wp-json\/wp\/v2\/media?parent=24169"}],"wp:term":[{"taxonomy":"category","embeddable":true,"href":"https:\/\/sgvaimudar.com.br\/index.php\/wp-json\/wp\/v2\/categories?post=24169"},{"taxonomy":"post_tag","embeddable":true,"href":"https:\/\/sgvaimudar.com.br\/index.php\/wp-json\/wp\/v2\/tags?post=24169"}],"curies":[{"name":"wp","href":"https:\/\/api.w.org\/{rel}","templated":true}]}}