{"id":24164,"date":"2025-04-29T11:00:00","date_gmt":"2025-04-29T14:00:00","guid":{"rendered":"https:\/\/sgvaimudar.com.br\/?p=24164"},"modified":"2025-04-29T07:52:30","modified_gmt":"2025-04-29T10:52:30","slug":"secretaria-de-transportes-divulga-calendario-para-renovacao-das-licencas-para-taxistas","status":"publish","type":"post","link":"https:\/\/sgvaimudar.com.br\/index.php\/2025\/04\/29\/secretaria-de-transportes-divulga-calendario-para-renovacao-das-licencas-para-taxistas\/","title":{"rendered":"Secretaria de Transportes divulga calend\u00e1rio para renova\u00e7\u00e3o das licen\u00e7as para taxistas"},"content":{"rendered":"\n<p><em>Calend\u00e1rio para realiza\u00e7\u00e3o de vistoria ter\u00e1 in\u00edcio em junho\u00a0<\/em><\/p>\n\n\n\n<p>A Secretaria de Transportes da Prefeitura de S\u00e3o Gon\u00e7alo divulgou o calend\u00e1rio para a renova\u00e7\u00e3o das licen\u00e7as de presta\u00e7\u00e3o do servi\u00e7o de t\u00e1xi no munic\u00edpio, referente ao exerc\u00edcio de 2025. As vistorias dos ve\u00edculos ter\u00e3o in\u00edcio em junho deste ano. No entanto, \u00e9 necess\u00e1rio dar entrada no processo de renova\u00e7\u00e3o da licen\u00e7a no setor de Protocolo Geral, no per\u00edodo desta segunda-feira, 28 de abril, a 30 de maio.<\/p>\n\n\n\n<p>Inicialmente, os autorizados do servi\u00e7o de t\u00e1xi dever\u00e3o realizar o procedimento de renova\u00e7\u00e3o de licen\u00e7a acessando o link:&nbsp;<a href=\"http:\/\/pmsg.rj.gov.br\/transportes\" target=\"_blank\" rel=\"noreferrer noopener\">pmsg.rj.gov.br\/transportes<\/a>&nbsp;(no site da Prefeitura de S\u00e3o Gon\u00e7alo). Em seguida, o usu\u00e1rio dever\u00e1 clicar no bot\u00e3o \u201cFormul\u00e1rio Vistoria T\u00e1xi \u2013 2025\u201d e imprimir o formul\u00e1rio de vistoria.<\/p>\n\n\n\n<p>Em seguida, ele deve comparecer \u00e0 Secretaria Municipal de Fazenda, que fica no Partage Shopping, localizado na Avenida Presidente Kennedy, n\u00ba 425 \u2013 Centro, para obter o &#8220;Documento de Arrecada\u00e7\u00e3o Municipal \u2013 DARM&#8221; referente \u00e0 vistoria 2025.<\/p>\n\n\n\n<p>Com o requerimento devidamente assinado pelo autorizat\u00e1rio, dever\u00e3o ser apresentadas c\u00f3pias dos seguintes documentos:<\/p>\n\n\n\n<p>&#8211; DARM comprovando o pagamento da taxa referente \u00e0 renova\u00e7\u00e3o de licen\u00e7a, no valor de 02 (duas) UFISG e multa, se houver;<\/p>\n\n\n\n<p>&#8211; Carteira Nacional de Habilita\u00e7\u00e3o (CNH) v\u00e1lida e de acordo com a Lei n\u00ba 10.350\/2001, do autorizat\u00e1rio;<\/p>\n\n\n\n<p>&#8211; CRLV vigente;<\/p>\n\n\n\n<p>&#8211; Certificado de aferi\u00e7\u00e3o do tax\u00edmetro expedido pelo IPEM, referente ao ano corrente;<\/p>\n\n\n\n<p>&#8211; Comprovante atualizado do Certificado de Seguran\u00e7a Veicular (CSV), para os ve\u00edculos automotores que utilizam sistema de combust\u00edvel GNV;<\/p>\n\n\n\n<p>&#8211; Certid\u00e3o negativa expedida pelo \u00f3rg\u00e3o estadual competente (Instituto F\u00e9lix Pacheco), quanto aos crimes elencados no art. 329 do C\u00f3digo de Tr\u00e2nsito Brasileiro (CTB).<\/p>\n\n\n\n<p>De posse da documenta\u00e7\u00e3o listada, o requerente dever\u00e1 dar entrada no processo de renova\u00e7\u00e3o de licen\u00e7a 2025 no setor de Protocolo Geral, no Partage Shopping, localizado na Avenida Presidente Kennedy, n\u00ba 425 \u2013 Centro, no per\u00edodo de 28 de abril a 30 de maio.<\/p>\n\n\n\n<p>Ap\u00f3s sete dias, o solicitante dever\u00e1 acessar o site da Prefeitura, clicar no item \u201cT\u00e1xi\u201d, digitar o CPF e a senha, clicar em \u201cProcesso\u201d e verificar o status: DEFERIDO ou INDEFERIDO. Caso indeferido, constar\u00e3o, no mesmo espa\u00e7o, as pend\u00eancias e eventuais multas vencidas. Nessa hip\u00f3tese, o interessado dever\u00e1 comparecer \u00e0 Secretaria de Transportes, setor de T\u00e1xi, para regulariza\u00e7\u00e3o do processo.<\/p>\n\n\n\n<p>Caso o processo d\u00ea deferido, o ve\u00edculo dever\u00e1 ser apresentado para a vistoria na Rua Jo\u00e3o Damasceno, n\u00ba 135, bairro Porto Velho, no hor\u00e1rio de 10h \u00e0s 12h30 e de 13h30 \u00e0s 16h, conforme o calend\u00e1rio divulgado no Di\u00e1rio Oficial, que pode ser acessado pelo link:&nbsp;<a href=\"https:\/\/click.cse360.com.br\/Click\/AddCampaignEmailClick\/78c01062-f627-40c8-2666-08dd836b7d3b\/https%253a%252f%252fdo.pmsg.rj.gov.br%252fdiario%252f2025_04_11.pdf\/ac66966e-2b55-4484-fb2c-08dc491eed5f\/jornalistaws@gmail.com\/False\" rel=\"noreferrer noopener\" target=\"_blank\">https:\/\/do.pmsg.rj.gov.br\/diario\/2025_04_11.pdf<\/a>.<\/p>\n\n\n\n<p>A n\u00e3o observ\u00e2ncia das datas previstas para procedimento da Renova\u00e7\u00e3o de Licen\u00e7a anual importar\u00e1 em san\u00e7\u00f5es previstas na legisla\u00e7\u00e3o vigente.<\/p>\n\n\n\n<p><em>Foto: Luiz Carvalho<\/em><\/p>\n\n\n\n<p><strong><em>S\u00e3o Gon\u00e7alo vai mudar: Not\u00edcias de S\u00e3o Gon\u00e7alo e toda regi\u00e3o.<\/em><\/strong><\/p>\n\n\n\n<figure class=\"wp-block-image size-large\"><img fetchpriority=\"high\" decoding=\"async\" width=\"1024\" height=\"252\" src=\"https:\/\/sgvaimudar.com.br\/wp-content\/uploads\/2025\/03\/Anuncie-Aqui-Sao-Goncalo-vai-mudar-1024x252.jpg\" alt=\"\" class=\"wp-image-22693\" srcset=\"https:\/\/sgvaimudar.com.br\/wp-content\/uploads\/2025\/03\/Anuncie-Aqui-Sao-Goncalo-vai-mudar-1024x252.jpg 1024w, https:\/\/sgvaimudar.com.br\/wp-content\/uploads\/2025\/03\/Anuncie-Aqui-Sao-Goncalo-vai-mudar-300x74.jpg 300w, https:\/\/sgvaimudar.com.br\/wp-content\/uploads\/2025\/03\/Anuncie-Aqui-Sao-Goncalo-vai-mudar-768x189.jpg 768w, https:\/\/sgvaimudar.com.br\/wp-content\/uploads\/2025\/03\/Anuncie-Aqui-Sao-Goncalo-vai-mudar-1536x378.jpg 1536w, https:\/\/sgvaimudar.com.br\/wp-content\/uploads\/2025\/03\/Anuncie-Aqui-Sao-Goncalo-vai-mudar-2048x504.jpg 2048w\" sizes=\"(max-width: 1024px) 100vw, 1024px\" \/><\/figure>\n","protected":false},"excerpt":{"rendered":"<p>Calend\u00e1rio para realiza\u00e7\u00e3o de vistoria ter\u00e1 in\u00edcio em junho\u00a0 A Secretaria de Transportes da Prefeitura de S\u00e3o Gon\u00e7alo divulgou o&hellip;<\/p>\n","protected":false},"author":5,"featured_media":24165,"comment_status":"open","ping_status":"open","sticky":false,"template":"","format":"standard","meta":{"fifu_image_url":"","fifu_image_alt":"","footnotes":""},"categories":[3],"tags":[],"class_list":["post-24164","post","type-post","status-publish","format-standard","has-post-thumbnail","hentry","category-sao-goncalo"],"_links":{"self":[{"href":"https:\/\/sgvaimudar.com.br\/index.php\/wp-json\/wp\/v2\/posts\/24164","targetHints":{"allow":["GET"]}}],"collection":[{"href":"https:\/\/sgvaimudar.com.br\/index.php\/wp-json\/wp\/v2\/posts"}],"about":[{"href":"https:\/\/sgvaimudar.com.br\/index.php\/wp-json\/wp\/v2\/types\/post"}],"author":[{"embeddable":true,"href":"https:\/\/sgvaimudar.com.br\/index.php\/wp-json\/wp\/v2\/users\/5"}],"replies":[{"embeddable":true,"href":"https:\/\/sgvaimudar.com.br\/index.php\/wp-json\/wp\/v2\/comments?post=24164"}],"version-history":[{"count":1,"href":"https:\/\/sgvaimudar.com.br\/index.php\/wp-json\/wp\/v2\/posts\/24164\/revisions"}],"predecessor-version":[{"id":24166,"href":"https:\/\/sgvaimudar.com.br\/index.php\/wp-json\/wp\/v2\/posts\/24164\/revisions\/24166"}],"wp:featuredmedia":[{"embeddable":true,"href":"https:\/\/sgvaimudar.com.br\/index.php\/wp-json\/wp\/v2\/media\/24165"}],"wp:attachment":[{"href":"https:\/\/sgvaimudar.com.br\/index.php\/wp-json\/wp\/v2\/media?parent=24164"}],"wp:term":[{"taxonomy":"category","embeddable":true,"href":"https:\/\/sgvaimudar.com.br\/index.php\/wp-json\/wp\/v2\/categories?post=24164"},{"taxonomy":"post_tag","embeddable":true,"href":"https:\/\/sgvaimudar.com.br\/index.php\/wp-json\/wp\/v2\/tags?post=24164"}],"curies":[{"name":"wp","href":"https:\/\/api.w.org\/{rel}","templated":true}]}}