{"id":24137,"date":"2025-04-27T11:00:00","date_gmt":"2025-04-27T14:00:00","guid":{"rendered":"https:\/\/sgvaimudar.com.br\/?p=24137"},"modified":"2025-04-27T05:38:55","modified_gmt":"2025-04-27T08:38:55","slug":"defesa-civil-faz-simulado-de-desocupacao-no-arsenal","status":"publish","type":"post","link":"https:\/\/sgvaimudar.com.br\/index.php\/2025\/04\/27\/defesa-civil-faz-simulado-de-desocupacao-no-arsenal\/","title":{"rendered":"Defesa Civil faz simulado de desocupa\u00e7\u00e3o no Arsenal"},"content":{"rendered":"\n<p><em>Projeto &#8216;S\u00e3o Gon\u00e7alo Resiliente&#8217; acontece mensalmente<\/em><\/p>\n\n\n\n<p>A Defesa Civil de S\u00e3o Gon\u00e7alo realizou, neste s\u00e1bado (26), um simulado de desocupa\u00e7\u00e3o no bairro Arsenal. Na atividade, os agentes acionaram a sirene do local e orientaram a popula\u00e7\u00e3o sobre os procedimentos de evacua\u00e7\u00e3o, rotas seguras para os pontos de apoio da regi\u00e3o. O simulado acontece mensalmente nas comunidades atendidas pelo Sistema de Alerta e Alarme por sirenes.<\/p>\n\n\n\n<p>A a\u00e7\u00e3o faz parte do projeto \u201cS\u00e3o Gon\u00e7alo Resiliente\u201d, que tem como objetivo garantir a seguran\u00e7a e o bem-estar de todos em caso de risco de deslizamento, preparando a popula\u00e7\u00e3o para agir em situa\u00e7\u00f5es de emerg\u00eancia, em casos de deslizamento ou desastres que atinjam a localidade devido a condi\u00e7\u00f5es clim\u00e1ticas e geogr\u00e1ficas.<\/p>\n\n\n\n<figure class=\"wp-block-image size-large\"><img fetchpriority=\"high\" decoding=\"async\" width=\"1024\" height=\"768\" src=\"https:\/\/sgvaimudar.com.br\/wp-content\/uploads\/2025\/04\/unnamed-14-1-1024x768.jpg\" alt=\"\" class=\"wp-image-24138\" srcset=\"https:\/\/sgvaimudar.com.br\/wp-content\/uploads\/2025\/04\/unnamed-14-1-1024x768.jpg 1024w, https:\/\/sgvaimudar.com.br\/wp-content\/uploads\/2025\/04\/unnamed-14-1-300x225.jpg 300w, https:\/\/sgvaimudar.com.br\/wp-content\/uploads\/2025\/04\/unnamed-14-1-768x576.jpg 768w, https:\/\/sgvaimudar.com.br\/wp-content\/uploads\/2025\/04\/unnamed-14-1-1536x1152.jpg 1536w, https:\/\/sgvaimudar.com.br\/wp-content\/uploads\/2025\/04\/unnamed-14-1.jpg 1600w\" sizes=\"(max-width: 1024px) 100vw, 1024px\" \/><\/figure>\n\n\n\n<p>\u201cFomos de casa em casa para chamar os moradores para participarem desta a\u00e7\u00e3o de preven\u00e7\u00e3o, que \u00e9 t\u00e3o importante. Fizemos a conscientiza\u00e7\u00e3o da popula\u00e7\u00e3o, explicamos como agir quando ouvirem a sirene, indicando que os mun\u00edcipes se encaminhem para um dos dois pontos de apoio da regi\u00e3o, que s\u00e3o o Col\u00e9gio Estadual Professora Dalila de Oliveira da Costa e o CIEP 309 Zuzu Angel\u201d, afirmou o Major Felipe Assump\u00e7\u00e3o, subsecret\u00e1rio de Defesa Civil.<\/p>\n\n\n\n<p>Al\u00e9m disso, a popula\u00e7\u00e3o local tamb\u00e9m teve acesso a servi\u00e7os gratuitos de odontologia, aten\u00e7\u00e3o b\u00e1sica, vigil\u00e2ncia ambiental, al\u00e9m de orienta\u00e7\u00f5es das equipes do Centro de Refer\u00eancia de Assist\u00eancia Social (CRAS).<\/p>\n\n\n\n<p><em>Fotos: Ascom<\/em><\/p>\n\n\n\n<p><strong><em>S\u00e3o Gon\u00e7alo vai mudar: Not\u00edcias de S\u00e3o Gon\u00e7alo e toda regi\u00e3o.<\/em><\/strong><\/p>\n\n\n\n<figure class=\"wp-block-image size-large\"><img decoding=\"async\" width=\"1024\" height=\"252\" src=\"https:\/\/sgvaimudar.com.br\/wp-content\/uploads\/2023\/10\/Anuncie-Aqui-Sao-Goncalo-vai-mudar-2-1024x252.jpg\" alt=\"\" class=\"wp-image-3625\" srcset=\"https:\/\/sgvaimudar.com.br\/wp-content\/uploads\/2023\/10\/Anuncie-Aqui-Sao-Goncalo-vai-mudar-2-1024x252.jpg 1024w, https:\/\/sgvaimudar.com.br\/wp-content\/uploads\/2023\/10\/Anuncie-Aqui-Sao-Goncalo-vai-mudar-2-300x74.jpg 300w, https:\/\/sgvaimudar.com.br\/wp-content\/uploads\/2023\/10\/Anuncie-Aqui-Sao-Goncalo-vai-mudar-2-768x189.jpg 768w, https:\/\/sgvaimudar.com.br\/wp-content\/uploads\/2023\/10\/Anuncie-Aqui-Sao-Goncalo-vai-mudar-2-1536x378.jpg 1536w, https:\/\/sgvaimudar.com.br\/wp-content\/uploads\/2023\/10\/Anuncie-Aqui-Sao-Goncalo-vai-mudar-2-2048x504.jpg 2048w\" sizes=\"(max-width: 1024px) 100vw, 1024px\" \/><\/figure>\n","protected":false},"excerpt":{"rendered":"<p>Projeto &#8216;S\u00e3o Gon\u00e7alo Resiliente&#8217; acontece mensalmente A Defesa Civil de S\u00e3o Gon\u00e7alo realizou, neste s\u00e1bado (26), um simulado de desocupa\u00e7\u00e3o&hellip;<\/p>\n","protected":false},"author":5,"featured_media":24139,"comment_status":"open","ping_status":"open","sticky":false,"template":"","format":"standard","meta":{"fifu_image_url":"","fifu_image_alt":"","footnotes":""},"categories":[3],"tags":[],"class_list":["post-24137","post","type-post","status-publish","format-standard","has-post-thumbnail","hentry","category-sao-goncalo"],"_links":{"self":[{"href":"https:\/\/sgvaimudar.com.br\/index.php\/wp-json\/wp\/v2\/posts\/24137","targetHints":{"allow":["GET"]}}],"collection":[{"href":"https:\/\/sgvaimudar.com.br\/index.php\/wp-json\/wp\/v2\/posts"}],"about":[{"href":"https:\/\/sgvaimudar.com.br\/index.php\/wp-json\/wp\/v2\/types\/post"}],"author":[{"embeddable":true,"href":"https:\/\/sgvaimudar.com.br\/index.php\/wp-json\/wp\/v2\/users\/5"}],"replies":[{"embeddable":true,"href":"https:\/\/sgvaimudar.com.br\/index.php\/wp-json\/wp\/v2\/comments?post=24137"}],"version-history":[{"count":1,"href":"https:\/\/sgvaimudar.com.br\/index.php\/wp-json\/wp\/v2\/posts\/24137\/revisions"}],"predecessor-version":[{"id":24140,"href":"https:\/\/sgvaimudar.com.br\/index.php\/wp-json\/wp\/v2\/posts\/24137\/revisions\/24140"}],"wp:featuredmedia":[{"embeddable":true,"href":"https:\/\/sgvaimudar.com.br\/index.php\/wp-json\/wp\/v2\/media\/24139"}],"wp:attachment":[{"href":"https:\/\/sgvaimudar.com.br\/index.php\/wp-json\/wp\/v2\/media?parent=24137"}],"wp:term":[{"taxonomy":"category","embeddable":true,"href":"https:\/\/sgvaimudar.com.br\/index.php\/wp-json\/wp\/v2\/categories?post=24137"},{"taxonomy":"post_tag","embeddable":true,"href":"https:\/\/sgvaimudar.com.br\/index.php\/wp-json\/wp\/v2\/tags?post=24137"}],"curies":[{"name":"wp","href":"https:\/\/api.w.org\/{rel}","templated":true}]}}