{"id":24130,"date":"2025-04-27T07:00:00","date_gmt":"2025-04-27T10:00:00","guid":{"rendered":"https:\/\/sgvaimudar.com.br\/?p=24130"},"modified":"2025-04-27T05:10:43","modified_gmt":"2025-04-27T08:10:43","slug":"recreacao-em-alta-garotada-da-praca-do-gradim-aproveita-a-caravana-de-arte-e-lazer","status":"publish","type":"post","link":"https:\/\/sgvaimudar.com.br\/index.php\/2025\/04\/27\/recreacao-em-alta-garotada-da-praca-do-gradim-aproveita-a-caravana-de-arte-e-lazer\/","title":{"rendered":"Recrea\u00e7\u00e3o em alta: Garotada da Pra\u00e7a do Gradim aproveita a Caravana de Arte e Lazer"},"content":{"rendered":"\n<p><em>Caravana de Arte e Lazer segue para o Mutu\u00e1 no domingo<\/em><\/p>\n\n\n\n<p>Centenas de fam\u00edlias se reuniram, neste s\u00e1bado (26), na Pra\u00e7a do Gradim, para mais uma edi\u00e7\u00e3o de sucesso da Caravana de Arte e Lazer. O projeto, realizado pela Funda\u00e7\u00e3o de Artes, Esporte e Lazer de S\u00e3o Gon\u00e7alo (Faelsg), leva divers\u00e3o para as principais \u00e1reas de vulnerabilidade social da cidade. Neste domingo (27), a festa continua, desta vez no bairro Mutu\u00e1, das 9h \u00e0s 13h.<\/p>\n\n\n\n<p>O projeto atua oferecendo atividades esportivas e recreativas para a crian\u00e7ada, incluindo contato com personagens vivos, pintura art\u00edstica, barraquinhas de lanche, pula-pula, piscina de bolas, entre outros brinquedos.<\/p>\n\n\n\n<figure class=\"wp-block-image size-large\"><img fetchpriority=\"high\" decoding=\"async\" width=\"1024\" height=\"684\" src=\"https:\/\/sgvaimudar.com.br\/wp-content\/uploads\/2025\/04\/unnamed-10-6-1024x684.jpg\" alt=\"\" class=\"wp-image-24131\" srcset=\"https:\/\/sgvaimudar.com.br\/wp-content\/uploads\/2025\/04\/unnamed-10-6-1024x684.jpg 1024w, https:\/\/sgvaimudar.com.br\/wp-content\/uploads\/2025\/04\/unnamed-10-6-300x200.jpg 300w, https:\/\/sgvaimudar.com.br\/wp-content\/uploads\/2025\/04\/unnamed-10-6-768x513.jpg 768w, https:\/\/sgvaimudar.com.br\/wp-content\/uploads\/2025\/04\/unnamed-10-6-1536x1027.jpg 1536w, https:\/\/sgvaimudar.com.br\/wp-content\/uploads\/2025\/04\/unnamed-10-6.jpg 1616w\" sizes=\"(max-width: 1024px) 100vw, 1024px\" \/><\/figure>\n\n\n\n<p>\u201cEu trouxe a minha neta Maria Luiza, de 4 anos, para brincar aqui hoje, ela adora o pula-pula. Estamos nos divertindo, precisamos disso para alegrar o cora\u00e7\u00e3o da gente. Ela adora a pra\u00e7a e, com esse evento aqui, est\u00e1 gostando mais ainda\u201d, disse a moradora Maria da Concei\u00e7\u00e3o de Aguiar.<\/p>\n\n\n\n<p>A Caravana de Arte e Lazer foi criada com o objetivo de percorrer as principais \u00e1reas de vulnerabilidade social da cidade, levando pr\u00e1ticas sociais, esportivas e recreativas \u00e0s crian\u00e7as. Dezenas de bairros j\u00e1 receberam o projeto, atendendo milhares de gon\u00e7alenses.<\/p>\n\n\n\n<p>\u201cEu sou moradora do Para\u00edso e trouxe meus filhos Pedro e Kauana, toda vez que tem a Caravana eu venho. \u00c9 muito bom para as crian\u00e7as brincarem, eles v\u00e3o em todos os brinquedos, comem o lanche, \u00e9 muito divertido para a gente\u201d, afirmou a m\u00e3e Daiane Diogo.<\/p>\n\n\n\n<p><strong>Servi\u00e7o:<\/strong><\/p>\n\n\n\n<p><strong>. Domingo (27):&nbsp;<\/strong>Rua David Alves com Rua Lib\u00f3rio Viana, no bairro Mutu\u00e1, das 9h \u00e0s 13h.<\/p>\n\n\n\n<p><em>Fotos: Renan Otto<\/em><\/p>\n\n\n\n<p><strong><em>S\u00e3o Gon\u00e7alo vai mudar: Not\u00edcias de S\u00e3o Gon\u00e7alo e toda regi\u00e3o.<\/em><\/strong><\/p>\n\n\n\n<figure class=\"wp-block-image size-large\"><img decoding=\"async\" width=\"1024\" height=\"252\" src=\"https:\/\/sgvaimudar.com.br\/wp-content\/uploads\/2023\/10\/Anuncie-Aqui-Sao-Goncalo-vai-mudar-2-1024x252.jpg\" alt=\"\" class=\"wp-image-3625\" srcset=\"https:\/\/sgvaimudar.com.br\/wp-content\/uploads\/2023\/10\/Anuncie-Aqui-Sao-Goncalo-vai-mudar-2-1024x252.jpg 1024w, https:\/\/sgvaimudar.com.br\/wp-content\/uploads\/2023\/10\/Anuncie-Aqui-Sao-Goncalo-vai-mudar-2-300x74.jpg 300w, https:\/\/sgvaimudar.com.br\/wp-content\/uploads\/2023\/10\/Anuncie-Aqui-Sao-Goncalo-vai-mudar-2-768x189.jpg 768w, https:\/\/sgvaimudar.com.br\/wp-content\/uploads\/2023\/10\/Anuncie-Aqui-Sao-Goncalo-vai-mudar-2-1536x378.jpg 1536w, https:\/\/sgvaimudar.com.br\/wp-content\/uploads\/2023\/10\/Anuncie-Aqui-Sao-Goncalo-vai-mudar-2-2048x504.jpg 2048w\" sizes=\"(max-width: 1024px) 100vw, 1024px\" \/><\/figure>\n","protected":false},"excerpt":{"rendered":"<p>Caravana de Arte e Lazer segue para o Mutu\u00e1 no domingo Centenas de fam\u00edlias se reuniram, neste s\u00e1bado (26), na&hellip;<\/p>\n","protected":false},"author":5,"featured_media":24132,"comment_status":"open","ping_status":"open","sticky":false,"template":"","format":"standard","meta":{"fifu_image_url":"","fifu_image_alt":"","footnotes":""},"categories":[6],"tags":[],"class_list":["post-24130","post","type-post","status-publish","format-standard","has-post-thumbnail","hentry","category-entretenimento"],"_links":{"self":[{"href":"https:\/\/sgvaimudar.com.br\/index.php\/wp-json\/wp\/v2\/posts\/24130","targetHints":{"allow":["GET"]}}],"collection":[{"href":"https:\/\/sgvaimudar.com.br\/index.php\/wp-json\/wp\/v2\/posts"}],"about":[{"href":"https:\/\/sgvaimudar.com.br\/index.php\/wp-json\/wp\/v2\/types\/post"}],"author":[{"embeddable":true,"href":"https:\/\/sgvaimudar.com.br\/index.php\/wp-json\/wp\/v2\/users\/5"}],"replies":[{"embeddable":true,"href":"https:\/\/sgvaimudar.com.br\/index.php\/wp-json\/wp\/v2\/comments?post=24130"}],"version-history":[{"count":1,"href":"https:\/\/sgvaimudar.com.br\/index.php\/wp-json\/wp\/v2\/posts\/24130\/revisions"}],"predecessor-version":[{"id":24133,"href":"https:\/\/sgvaimudar.com.br\/index.php\/wp-json\/wp\/v2\/posts\/24130\/revisions\/24133"}],"wp:featuredmedia":[{"embeddable":true,"href":"https:\/\/sgvaimudar.com.br\/index.php\/wp-json\/wp\/v2\/media\/24132"}],"wp:attachment":[{"href":"https:\/\/sgvaimudar.com.br\/index.php\/wp-json\/wp\/v2\/media?parent=24130"}],"wp:term":[{"taxonomy":"category","embeddable":true,"href":"https:\/\/sgvaimudar.com.br\/index.php\/wp-json\/wp\/v2\/categories?post=24130"},{"taxonomy":"post_tag","embeddable":true,"href":"https:\/\/sgvaimudar.com.br\/index.php\/wp-json\/wp\/v2\/tags?post=24130"}],"curies":[{"name":"wp","href":"https:\/\/api.w.org\/{rel}","templated":true}]}}