{"id":24127,"date":"2025-04-27T09:00:00","date_gmt":"2025-04-27T12:00:00","guid":{"rendered":"https:\/\/sgvaimudar.com.br\/?p=24127"},"modified":"2025-04-27T05:06:36","modified_gmt":"2025-04-27T08:06:36","slug":"estado-do-rio-atinge-menor-indice-de-roubo-de-veiculos-em-34-anos","status":"publish","type":"post","link":"https:\/\/sgvaimudar.com.br\/index.php\/2025\/04\/27\/estado-do-rio-atinge-menor-indice-de-roubo-de-veiculos-em-34-anos\/","title":{"rendered":"Estado do Rio atinge menor \u00edndice de roubo de ve\u00edculos em 34 anos"},"content":{"rendered":"\n<p><em>Dados do ISP mostram ainda queda hist\u00f3rica no n\u00famero de roubo de cargas<\/em><\/p>\n\n\n\n<p>O Estado do Rio de Janeiro registrou, em mar\u00e7o de 2025, o menor n\u00famero de roubos de ve\u00edculos para o m\u00eas desde o in\u00edcio da s\u00e9rie hist\u00f3rica, em 1991. Segundo dados divulgados pelo Instituto de Seguran\u00e7a P\u00fablica (ISP), foram 1.483 ocorr\u00eancias no terceiro m\u00eas deste ano, o que representa uma queda de 38% em compara\u00e7\u00e3o com o mesmo per\u00edodo do ano passado, quando 2.391 casos foram registrados nas delegacias do estado.<\/p>\n\n\n\n<p>Outros indicadores tamb\u00e9m apresentaram redu\u00e7\u00e3o. O n\u00famero de roubos de carga caiu 2,3%, com 216 registros \u2013 o menor para mar\u00e7o desde 1999. J\u00e1 os homic\u00eddios dolosos somaram 270 mortes, uma redu\u00e7\u00e3o de 3,2% em rela\u00e7\u00e3o a mar\u00e7o de 2024, atingindo o menor patamar para o m\u00eas desde 2022.<\/p>\n\n\n\n<p>-Esse resultado reflete o esfor\u00e7o di\u00e1rio das pol\u00edcias, que t\u00eam atuado em opera\u00e7\u00f5es voltadas ao combate desses tipos de crimes, como \u00e9 o caso da Torniquete e da Impacto. Vamos continuar investindo em intelig\u00eancia, investiga\u00e7\u00e3o e tecnologia, para diminuirmos ainda mais esses indicadores estrat\u00e9gicos &#8211; afirmou o governador Cl\u00e1udio Castro.<\/p>\n\n\n\n<p><strong>Mais de 11 mil pris\u00f5es<br><\/strong><br>O esfor\u00e7o integrado das Pol\u00edcias Civil e Militar tamb\u00e9m apresentaram \u00f3timos resultados na produtividade policial nos primeiros tr\u00eas meses deste ano. Mais de 11 mil pessoas foram presas em flagrante, uma m\u00e9dia de 122 por dia. Al\u00e9m disso, foram 6.090 registros de apreens\u00e3o de drogas; 5.041 ve\u00edculos recuperados, um aumento de 29% em rela\u00e7\u00e3o ao mesmo per\u00edodo do ano anterior. No primeiro trimestre, os policiais apreenderam ainda 1.491 armas, sendo 189 fuzis.<\/p>\n\n\n\n<p>-A queda nos principais indicadores de criminalidade, somada ao avan\u00e7o da produtividade policial, refor\u00e7a que estamos na dire\u00e7\u00e3o correta. A integra\u00e7\u00e3o das for\u00e7as de seguran\u00e7a e o investimento em intelig\u00eancia e tecnologia s\u00e3o pontos determinantes neste processo &#8211; destaca a diretora-presidente do ISP, Marcela Ortiz.<\/p>\n\n\n\n<p><strong>Resumo dos indicadores:<\/strong><\/p>\n\n\n\n<p><strong>Roubo de ve\u00edculo:<\/strong>&nbsp;1.483 casos em mar\u00e7o de 2025, na compara\u00e7\u00e3o com o mesmo per\u00edodo do ano anterior, a queda foi de 38%. Esse foi o menor n\u00famero para o m\u00eas desde 1991.<\/p>\n\n\n\n<p><strong>Roubo de carga:<\/strong>&nbsp;216 casos em mar\u00e7o de 2025, na compara\u00e7\u00e3o com o mesmo per\u00edodo do ano anterior, a queda foi de 2,3%. Esse foi o menor n\u00famero para o m\u00eas desde 1999.<\/p>\n\n\n\n<p><strong>Homic\u00eddio doloso:<\/strong>&nbsp;270 mortes em mar\u00e7o de 2025, na compara\u00e7\u00e3o com o mesmo per\u00edodo do ano anterior, a queda foi de 3,2%. Esse foi o menor n\u00famero para o m\u00eas desde 2022.<br><strong><br>Apreens\u00e3o de drogas:&nbsp;<\/strong>6.090 registros no primeiro trimestre de 2025, m\u00e9dia de 68 apreens\u00f5es por dia. Aumento de 5% em rela\u00e7\u00e3o ao mesmo per\u00edodo de 2024.<\/p>\n\n\n\n<p><strong>Apreens\u00e3o de fuzis:<\/strong>&nbsp;189 armas de longo calibre recolhidas nos tr\u00eas primeiros meses de 2025, uma m\u00e9dia de 2 por dia.<\/p>\n\n\n\n<p><strong>Recupera\u00e7\u00e3o de ve\u00edculo:<\/strong>&nbsp;5.041 ve\u00edculos recuperados nos tr\u00eas primeiros meses de 2025, uma m\u00e9dia de 56 por dia. Na compara\u00e7\u00e3o com o mesmo per\u00edodo do ano passado, o aumento foi de 29%.<\/p>\n\n\n\n<p><strong>Pris\u00f5es em flagrante:<\/strong>&nbsp;11.011 registros no primeiro trimestre, m\u00e9dia de 122 por dia. Aumento de 3,8% em rela\u00e7\u00e3o ao mesmo per\u00edodo de 2024.<\/p>\n\n\n\n<p>Os dados divulgados pelo Instituto de Seguran\u00e7a P\u00fablica s\u00e3o referentes aos Registros de Ocorr\u00eancia (ROs) lavrados nas delegacias de Pol\u00edcia Civil do Estado do Rio de Janeiro.<\/p>\n\n\n\n<p><strong><em>Fa\u00e7a sua den\u00fancia pelo nosso WhatsApp: (21) <\/em><\/strong><strong><em>99744 5345<\/em><\/strong><strong><em><\/em><\/strong><\/p>\n\n\n\n<p><strong><em>S\u00e3o Gon\u00e7alo vai mudar: Not\u00edcias de S\u00e3o Gon\u00e7alo e toda regi\u00e3o.<\/em><\/strong><\/p>\n\n\n\n<figure class=\"wp-block-image size-large\"><img decoding=\"async\" width=\"1024\" height=\"46\" src=\"https:\/\/sgvaimudar.com.br\/wp-content\/uploads\/2023\/08\/Anuncie-Aqui-Sao-Goncalo-vai-mudar-1024x46.png\" alt=\"\" class=\"wp-image-2740\" srcset=\"https:\/\/sgvaimudar.com.br\/wp-content\/uploads\/2023\/08\/Anuncie-Aqui-Sao-Goncalo-vai-mudar-1024x46.png 1024w, https:\/\/sgvaimudar.com.br\/wp-content\/uploads\/2023\/08\/Anuncie-Aqui-Sao-Goncalo-vai-mudar-300x13.png 300w, https:\/\/sgvaimudar.com.br\/wp-content\/uploads\/2023\/08\/Anuncie-Aqui-Sao-Goncalo-vai-mudar-768x35.png 768w, https:\/\/sgvaimudar.com.br\/wp-content\/uploads\/2023\/08\/Anuncie-Aqui-Sao-Goncalo-vai-mudar-1536x69.png 1536w, https:\/\/sgvaimudar.com.br\/wp-content\/uploads\/2023\/08\/Anuncie-Aqui-Sao-Goncalo-vai-mudar.png 2002w\" sizes=\"(max-width: 1024px) 100vw, 1024px\" \/><\/figure>\n","protected":false},"excerpt":{"rendered":"<p>Dados do ISP mostram ainda queda hist\u00f3rica no n\u00famero de roubo de cargas O Estado do Rio de Janeiro registrou,&hellip;<\/p>\n","protected":false},"author":5,"featured_media":24128,"comment_status":"open","ping_status":"open","sticky":false,"template":"","format":"standard","meta":{"fifu_image_url":"","fifu_image_alt":"","footnotes":""},"categories":[32],"tags":[],"class_list":["post-24127","post","type-post","status-publish","format-standard","has-post-thumbnail","hentry","category-casos-de-policia"],"_links":{"self":[{"href":"https:\/\/sgvaimudar.com.br\/index.php\/wp-json\/wp\/v2\/posts\/24127","targetHints":{"allow":["GET"]}}],"collection":[{"href":"https:\/\/sgvaimudar.com.br\/index.php\/wp-json\/wp\/v2\/posts"}],"about":[{"href":"https:\/\/sgvaimudar.com.br\/index.php\/wp-json\/wp\/v2\/types\/post"}],"author":[{"embeddable":true,"href":"https:\/\/sgvaimudar.com.br\/index.php\/wp-json\/wp\/v2\/users\/5"}],"replies":[{"embeddable":true,"href":"https:\/\/sgvaimudar.com.br\/index.php\/wp-json\/wp\/v2\/comments?post=24127"}],"version-history":[{"count":1,"href":"https:\/\/sgvaimudar.com.br\/index.php\/wp-json\/wp\/v2\/posts\/24127\/revisions"}],"predecessor-version":[{"id":24129,"href":"https:\/\/sgvaimudar.com.br\/index.php\/wp-json\/wp\/v2\/posts\/24127\/revisions\/24129"}],"wp:featuredmedia":[{"embeddable":true,"href":"https:\/\/sgvaimudar.com.br\/index.php\/wp-json\/wp\/v2\/media\/24128"}],"wp:attachment":[{"href":"https:\/\/sgvaimudar.com.br\/index.php\/wp-json\/wp\/v2\/media?parent=24127"}],"wp:term":[{"taxonomy":"category","embeddable":true,"href":"https:\/\/sgvaimudar.com.br\/index.php\/wp-json\/wp\/v2\/categories?post=24127"},{"taxonomy":"post_tag","embeddable":true,"href":"https:\/\/sgvaimudar.com.br\/index.php\/wp-json\/wp\/v2\/tags?post=24127"}],"curies":[{"name":"wp","href":"https:\/\/api.w.org\/{rel}","templated":true}]}}