{"id":24116,"date":"2025-04-26T13:00:00","date_gmt":"2025-04-26T16:00:00","guid":{"rendered":"https:\/\/sgvaimudar.com.br\/?p=24116"},"modified":"2025-04-26T05:36:38","modified_gmt":"2025-04-26T08:36:38","slug":"comerciantes-da-praia-das-pedrinhas-celebram-obras-de-revitalizacao","status":"publish","type":"post","link":"https:\/\/sgvaimudar.com.br\/index.php\/2025\/04\/26\/comerciantes-da-praia-das-pedrinhas-celebram-obras-de-revitalizacao\/","title":{"rendered":"Comerciantes da Praia das Pedrinhas celebram obras de revitaliza\u00e7\u00e3o"},"content":{"rendered":"\n<p><em>Expectativa \u00e9 de que a nova orla de S\u00e3o Gon\u00e7alo receba mais visitantes<\/em><\/p>\n\n\n\n<p>Os moradores e comerciantes da Praia das Pedrinhas vem acompanhando de perto o progresso das obras na orla do local. Segundo eles, as interven\u00e7\u00f5es, que est\u00e3o sendo feitas pela Prefeitura de S\u00e3o Gon\u00e7alo, podem atrair mais turistas e clientes para a regi\u00e3o e melhorar o visual do local.<\/p>\n\n\n\n<p>\u00c9 o que afirma Alexandre Ara\u00fajo, comerciante que trabalha nas Pedrinhas h\u00e1 15 anos.<\/p>\n\n\n\n<p>&#8220;Tenho visto a obra todo dia. Se ficar do jeito que o projeto est\u00e1 prometendo, vai ficar bom. Estamos na torcida e na expectativa. Para os bares e restaurantes que ficam aqui, vai ser \u00f3timo. Imagina o quanto de pessoas v\u00e3o vir para tirar foto e aproveitar o novo espa\u00e7o? Vai &#8216;bombar&#8217;, essa \u00e9 a esperan\u00e7a. Aqui sempre deu um bom movimento e agora esperamos que venham ainda mais pessoas, de todos os lugares&#8221;, disse.<\/p>\n\n\n\n<figure class=\"wp-block-image size-large\"><img fetchpriority=\"high\" decoding=\"async\" width=\"1024\" height=\"684\" src=\"https:\/\/sgvaimudar.com.br\/wp-content\/uploads\/2025\/04\/unnamed-5-14-1024x684.jpg\" alt=\"\" class=\"wp-image-24117\" srcset=\"https:\/\/sgvaimudar.com.br\/wp-content\/uploads\/2025\/04\/unnamed-5-14-1024x684.jpg 1024w, https:\/\/sgvaimudar.com.br\/wp-content\/uploads\/2025\/04\/unnamed-5-14-300x200.jpg 300w, https:\/\/sgvaimudar.com.br\/wp-content\/uploads\/2025\/04\/unnamed-5-14-768x513.jpg 768w, https:\/\/sgvaimudar.com.br\/wp-content\/uploads\/2025\/04\/unnamed-5-14-1536x1027.jpg 1536w, https:\/\/sgvaimudar.com.br\/wp-content\/uploads\/2025\/04\/unnamed-5-14.jpg 1616w\" sizes=\"(max-width: 1024px) 100vw, 1024px\" \/><\/figure>\n\n\n\n<p>A primeira parte da obra, do lado esquerdo, j\u00e1 recebeu asfalto, redes de drenagem, padroniza\u00e7\u00e3o das cal\u00e7adas, esgotamento sanit\u00e1rio e abastecimento de \u00e1gua, numa interven\u00e7\u00e3o simult\u00e2nea com a concession\u00e1ria \u00c1guas do Rio.<\/p>\n\n\n\n<p>As obras na segunda parte da orla tiveram in\u00edcio em janeiro deste ano e ter\u00e3o um muro de conten\u00e7\u00e3o, decks pergolados, tanque de areia elevado e uma arquibancada para contempla\u00e7\u00e3o da ba\u00eda. Al\u00e9m disso, haver\u00e1 \u00e1reas intercaladas de paisagismo com \u00e1rvores de v\u00e1rias esp\u00e9cies.<\/p>\n\n\n\n<p>Para Alexandre, est\u00e1 sendo feita uma verdadeira transforma\u00e7\u00e3o na Praia das Pedrinhas e no munic\u00edpio de S\u00e3o Gon\u00e7alo. &#8220;Antes, n\u00e3o tinha obra aqui. Agora, com o prefeito Capit\u00e3o Nelson, isso mudou. O prefeito asfaltou tamb\u00e9m muitas ruas do munic\u00edpios, ruas que antes eram de terra. \u00c9 uma melhoria!&#8221;, afirmou.<\/p>\n\n\n\n<figure class=\"wp-block-image size-large\"><img decoding=\"async\" width=\"1024\" height=\"664\" src=\"https:\/\/sgvaimudar.com.br\/wp-content\/uploads\/2025\/04\/unnamed-7-10-1024x664.jpg\" alt=\"\" class=\"wp-image-24119\" srcset=\"https:\/\/sgvaimudar.com.br\/wp-content\/uploads\/2025\/04\/unnamed-7-10-1024x664.jpg 1024w, https:\/\/sgvaimudar.com.br\/wp-content\/uploads\/2025\/04\/unnamed-7-10-300x195.jpg 300w, https:\/\/sgvaimudar.com.br\/wp-content\/uploads\/2025\/04\/unnamed-7-10-768x498.jpg 768w, https:\/\/sgvaimudar.com.br\/wp-content\/uploads\/2025\/04\/unnamed-7-10.jpg 1500w\" sizes=\"(max-width: 1024px) 100vw, 1024px\" \/><\/figure>\n\n\n\n<p>A Prefeitura destacou que, enquanto as obras da Praia das Pedrinhas est\u00e3o ocorrendo, os bares e restaurantes da orla seguem funcionando normalmente.<\/p>\n\n\n\n<p>&#8220;Toda a orla est\u00e1 sendo revitalizada desde julho de 2024. A obra tem um investimento de quase R$ 5 milh\u00f5es. A capta\u00e7\u00e3o de recursos para a realiza\u00e7\u00e3o do projeto foi feita pela Secretaria de Gest\u00e3o Integrada e Projetos Especiais (Semgipe) da Prefeitura de S\u00e3o Gon\u00e7alo, junto ao Governo Federal, por meio dos Minist\u00e9rios das Cidades e do Minist\u00e9rio do Turismo&#8221;, disse no texto o poder p\u00fablico.<\/p>\n\n\n\n<p>O projeto de obras recebeu men\u00e7\u00e3o honrosa do Pr\u00eamio ABAP Roberto Burle Marx, na Modalidade Projeto, Categoria Espa\u00e7o P\u00fablico e Preserva\u00e7\u00e3o Hist\u00f3rico-Cultural.<\/p>\n\n\n\n<p><em>Foto: Renan Otto<\/em><\/p>\n\n\n\n<p><strong><em>S\u00e3o Gon\u00e7alo vai mudar: Not\u00edcias de S\u00e3o Gon\u00e7alo e toda regi\u00e3o.<\/em><\/strong><\/p>\n\n\n\n<figure class=\"wp-block-image size-large\"><img decoding=\"async\" width=\"1024\" height=\"252\" src=\"https:\/\/sgvaimudar.com.br\/wp-content\/uploads\/2025\/03\/Anuncie-Aqui-Sao-Goncalo-vai-mudar-1024x252.jpg\" alt=\"\" class=\"wp-image-22693\" srcset=\"https:\/\/sgvaimudar.com.br\/wp-content\/uploads\/2025\/03\/Anuncie-Aqui-Sao-Goncalo-vai-mudar-1024x252.jpg 1024w, https:\/\/sgvaimudar.com.br\/wp-content\/uploads\/2025\/03\/Anuncie-Aqui-Sao-Goncalo-vai-mudar-300x74.jpg 300w, https:\/\/sgvaimudar.com.br\/wp-content\/uploads\/2025\/03\/Anuncie-Aqui-Sao-Goncalo-vai-mudar-768x189.jpg 768w, https:\/\/sgvaimudar.com.br\/wp-content\/uploads\/2025\/03\/Anuncie-Aqui-Sao-Goncalo-vai-mudar-1536x378.jpg 1536w, https:\/\/sgvaimudar.com.br\/wp-content\/uploads\/2025\/03\/Anuncie-Aqui-Sao-Goncalo-vai-mudar-2048x504.jpg 2048w\" sizes=\"(max-width: 1024px) 100vw, 1024px\" \/><\/figure>\n","protected":false},"excerpt":{"rendered":"<p>Expectativa \u00e9 de que a nova orla de S\u00e3o Gon\u00e7alo receba mais visitantes Os moradores e comerciantes da Praia das&hellip;<\/p>\n","protected":false},"author":5,"featured_media":24118,"comment_status":"open","ping_status":"open","sticky":false,"template":"","format":"standard","meta":{"fifu_image_url":"","fifu_image_alt":"","footnotes":""},"categories":[3],"tags":[],"class_list":["post-24116","post","type-post","status-publish","format-standard","has-post-thumbnail","hentry","category-sao-goncalo"],"_links":{"self":[{"href":"https:\/\/sgvaimudar.com.br\/index.php\/wp-json\/wp\/v2\/posts\/24116","targetHints":{"allow":["GET"]}}],"collection":[{"href":"https:\/\/sgvaimudar.com.br\/index.php\/wp-json\/wp\/v2\/posts"}],"about":[{"href":"https:\/\/sgvaimudar.com.br\/index.php\/wp-json\/wp\/v2\/types\/post"}],"author":[{"embeddable":true,"href":"https:\/\/sgvaimudar.com.br\/index.php\/wp-json\/wp\/v2\/users\/5"}],"replies":[{"embeddable":true,"href":"https:\/\/sgvaimudar.com.br\/index.php\/wp-json\/wp\/v2\/comments?post=24116"}],"version-history":[{"count":1,"href":"https:\/\/sgvaimudar.com.br\/index.php\/wp-json\/wp\/v2\/posts\/24116\/revisions"}],"predecessor-version":[{"id":24120,"href":"https:\/\/sgvaimudar.com.br\/index.php\/wp-json\/wp\/v2\/posts\/24116\/revisions\/24120"}],"wp:featuredmedia":[{"embeddable":true,"href":"https:\/\/sgvaimudar.com.br\/index.php\/wp-json\/wp\/v2\/media\/24118"}],"wp:attachment":[{"href":"https:\/\/sgvaimudar.com.br\/index.php\/wp-json\/wp\/v2\/media?parent=24116"}],"wp:term":[{"taxonomy":"category","embeddable":true,"href":"https:\/\/sgvaimudar.com.br\/index.php\/wp-json\/wp\/v2\/categories?post=24116"},{"taxonomy":"post_tag","embeddable":true,"href":"https:\/\/sgvaimudar.com.br\/index.php\/wp-json\/wp\/v2\/tags?post=24116"}],"curies":[{"name":"wp","href":"https:\/\/api.w.org\/{rel}","templated":true}]}}