{"id":24113,"date":"2025-04-26T12:00:00","date_gmt":"2025-04-26T15:00:00","guid":{"rendered":"https:\/\/sgvaimudar.com.br\/?p=24113"},"modified":"2025-04-26T05:31:04","modified_gmt":"2025-04-26T08:31:04","slug":"sao-goncalo-capacita-profissionais-de-saude-para-casos-de-sarampo","status":"publish","type":"post","link":"https:\/\/sgvaimudar.com.br\/index.php\/2025\/04\/26\/sao-goncalo-capacita-profissionais-de-saude-para-casos-de-sarampo\/","title":{"rendered":"S\u00e3o Gon\u00e7alo capacita profissionais de sa\u00fade para casos de sarampo"},"content":{"rendered":"\n<p><em>Munic\u00edpio n\u00e3o tem registro da doen\u00e7a desde 2021, mas atualiza orienta\u00e7\u00f5es<\/em><\/p>\n\n\n\n<p>O Centro de Informa\u00e7\u00f5es Estrat\u00e9gicas em Vigil\u00e2ncia em Sa\u00fade (Cievs), ligado \u00e0 Secretaria de Sa\u00fade e Defesa Civil da Prefeitura de S\u00e3o Gon\u00e7alo, vai realizar a Oficina de Prepara\u00e7\u00e3o \u00e0 Resposta R\u00e1pida ao Sarampo para enfermeiros das redes p\u00fablicas e privadas da cidade.<\/p>\n\n\n\n<p>Apesar do munic\u00edpio n\u00e3o ter registro da doen\u00e7a desde 2021, a a\u00e7\u00e3o se faz necess\u00e1ria para orientar os profissionais de sa\u00fade sobre como proceder se casos suspeitos aparecerem. A oficina vai acontecer na Universidade Est\u00e1cio de S\u00e1, em Alc\u00e2ntara, nos dias 28 e 29 de abril.\u00a0<\/p>\n\n\n\n<p>\u00a0A oficina vai oferecer treinamento para identifica\u00e7\u00e3o com clareza, mesmo que a doen\u00e7a esteja no in\u00edcio, garantindo resposta r\u00e1pida e eficaz a qualquer caso suspeito de sarampo. Durante a oficina, os participantes tamb\u00e9m far\u00e3o din\u00e2micas de grupo e avalia\u00e7\u00f5es de casos. O aprendizado dever\u00e1 ser aplicado na rotina profissional e tamb\u00e9m replicado para os demais funcion\u00e1rios da unidade de sa\u00fade.\u00a0<\/p>\n\n\n\n<p>\u00a0\u201cVamos ensinar, mas tamb\u00e9m trocar experi\u00eancias. A inten\u00e7\u00e3o \u00e9 fortalecer a vigil\u00e2ncia e controle do sarampo. O Minist\u00e9rio da Sa\u00fade ofereceu essa oficina para alguns munic\u00edpios do Estado do Rio no ano passado com o objetivo de que os presentes repassassem as informa\u00e7\u00f5es para as unidades de sa\u00fade. E \u00e9 isso que vamos fazer nessa oficina municipal, j\u00e1 que h\u00e1 casos confirmados em outros munic\u00edpios\u201d, explicou a coordenadora do Cievs, Andressa Moraes.\u00a0\u00a0<\/p>\n\n\n\n<p>A iniciativa \u00e9 uma parceria do Cievs com o N\u00facleo de Educa\u00e7\u00e3o Permanente em Sa\u00fade (Neps), Subsecretaria de Aten\u00e7\u00e3o B\u00e1sica e Subsecretaria de Sa\u00fade Coletiva com a Coordena\u00e7\u00e3o de Imuniza\u00e7\u00e3o, Vigil\u00e2ncia Epidemiol\u00f3gica e Hospitalar.\u00a0\u00a0\u00a0<\/p>\n\n\n\n<p><strong>Sarampo<\/strong>\u00a0\u2013 A doen\u00e7a infecciosa e contagiosa pode ser prevenida com vacina. Desde o in\u00edcio deste m\u00eas, a Coordena\u00e7\u00e3o de Imuniza\u00e7\u00e3o da Secretaria realiza a\u00e7\u00e3o de bloqueio em locais p\u00fablicos e privados. O imunizante aplicado \u00e9 o tr\u00edplice viral, que protege contra as formas graves do sarampo, caxumba e rub\u00e9ola. Ele pode ser aplicado nos gon\u00e7alenses entre seis meses e 59 anos que ainda n\u00e3o estejam imunizados. A a\u00e7\u00e3o vai continuar nos pr\u00f3ximos meses.\u00a0<\/p>\n\n\n\n<p>A atualiza\u00e7\u00e3o da caderneta de vacina\u00e7\u00e3o pode ser feita em qualquer sala de vacina\u00e7\u00e3o durante todo o ano. As cadernetas s\u00e3o avaliadas pela equipe, assim como a condi\u00e7\u00e3o cl\u00ednica do paciente para a aplica\u00e7\u00e3o das vacinas. Al\u00e9m da tr\u00edplice viral, todos os outros imunizantes do Programa Nacional de Imuniza\u00e7\u00e3o (PNI) est\u00e3o dispon\u00edveis.\u00a0\u00a0<\/p>\n\n\n\n<p><em>Foto: Renan Otto<\/em><\/p>\n\n\n\n<p><strong><em>S\u00e3o Gon\u00e7alo vai mudar: Not\u00edcias de S\u00e3o Gon\u00e7alo e toda regi\u00e3o.<\/em><\/strong><\/p>\n\n\n\n<figure class=\"wp-block-image size-large\"><img fetchpriority=\"high\" decoding=\"async\" width=\"1024\" height=\"252\" src=\"https:\/\/sgvaimudar.com.br\/wp-content\/uploads\/2025\/03\/Anuncie-Aqui-Sao-Goncalo-vai-mudar-1024x252.jpg\" alt=\"\" class=\"wp-image-22693\" srcset=\"https:\/\/sgvaimudar.com.br\/wp-content\/uploads\/2025\/03\/Anuncie-Aqui-Sao-Goncalo-vai-mudar-1024x252.jpg 1024w, https:\/\/sgvaimudar.com.br\/wp-content\/uploads\/2025\/03\/Anuncie-Aqui-Sao-Goncalo-vai-mudar-300x74.jpg 300w, https:\/\/sgvaimudar.com.br\/wp-content\/uploads\/2025\/03\/Anuncie-Aqui-Sao-Goncalo-vai-mudar-768x189.jpg 768w, https:\/\/sgvaimudar.com.br\/wp-content\/uploads\/2025\/03\/Anuncie-Aqui-Sao-Goncalo-vai-mudar-1536x378.jpg 1536w, https:\/\/sgvaimudar.com.br\/wp-content\/uploads\/2025\/03\/Anuncie-Aqui-Sao-Goncalo-vai-mudar-2048x504.jpg 2048w\" sizes=\"(max-width: 1024px) 100vw, 1024px\" \/><\/figure>\n","protected":false},"excerpt":{"rendered":"<p>Munic\u00edpio n\u00e3o tem registro da doen\u00e7a desde 2021, mas atualiza orienta\u00e7\u00f5es O Centro de Informa\u00e7\u00f5es Estrat\u00e9gicas em Vigil\u00e2ncia em Sa\u00fade&hellip;<\/p>\n","protected":false},"author":5,"featured_media":24114,"comment_status":"open","ping_status":"open","sticky":false,"template":"","format":"standard","meta":{"fifu_image_url":"","fifu_image_alt":"","footnotes":""},"categories":[7],"tags":[],"class_list":["post-24113","post","type-post","status-publish","format-standard","has-post-thumbnail","hentry","category-saude"],"_links":{"self":[{"href":"https:\/\/sgvaimudar.com.br\/index.php\/wp-json\/wp\/v2\/posts\/24113","targetHints":{"allow":["GET"]}}],"collection":[{"href":"https:\/\/sgvaimudar.com.br\/index.php\/wp-json\/wp\/v2\/posts"}],"about":[{"href":"https:\/\/sgvaimudar.com.br\/index.php\/wp-json\/wp\/v2\/types\/post"}],"author":[{"embeddable":true,"href":"https:\/\/sgvaimudar.com.br\/index.php\/wp-json\/wp\/v2\/users\/5"}],"replies":[{"embeddable":true,"href":"https:\/\/sgvaimudar.com.br\/index.php\/wp-json\/wp\/v2\/comments?post=24113"}],"version-history":[{"count":1,"href":"https:\/\/sgvaimudar.com.br\/index.php\/wp-json\/wp\/v2\/posts\/24113\/revisions"}],"predecessor-version":[{"id":24115,"href":"https:\/\/sgvaimudar.com.br\/index.php\/wp-json\/wp\/v2\/posts\/24113\/revisions\/24115"}],"wp:featuredmedia":[{"embeddable":true,"href":"https:\/\/sgvaimudar.com.br\/index.php\/wp-json\/wp\/v2\/media\/24114"}],"wp:attachment":[{"href":"https:\/\/sgvaimudar.com.br\/index.php\/wp-json\/wp\/v2\/media?parent=24113"}],"wp:term":[{"taxonomy":"category","embeddable":true,"href":"https:\/\/sgvaimudar.com.br\/index.php\/wp-json\/wp\/v2\/categories?post=24113"},{"taxonomy":"post_tag","embeddable":true,"href":"https:\/\/sgvaimudar.com.br\/index.php\/wp-json\/wp\/v2\/tags?post=24113"}],"curies":[{"name":"wp","href":"https:\/\/api.w.org\/{rel}","templated":true}]}}