{"id":24110,"date":"2025-04-26T11:00:00","date_gmt":"2025-04-26T14:00:00","guid":{"rendered":"https:\/\/sgvaimudar.com.br\/?p=24110"},"modified":"2025-04-26T05:28:11","modified_gmt":"2025-04-26T08:28:11","slug":"jardim-alcantara-vai-receber-mais-uma-etapa-de-obras-de-revitalizacao","status":"publish","type":"post","link":"https:\/\/sgvaimudar.com.br\/index.php\/2025\/04\/26\/jardim-alcantara-vai-receber-mais-uma-etapa-de-obras-de-revitalizacao\/","title":{"rendered":"Jardim Alc\u00e2ntara vai receber mais uma etapa de obras de revitaliza\u00e7\u00e3o"},"content":{"rendered":"\n<p><em>Moradores e comerciantes da regi\u00e3o receberam informativos nesta sexta-feira&nbsp;<\/em><\/p>\n\n\n\n<p>A Secretaria de Desenvolvimento Urbano da Prefeitura de S\u00e3o Gon\u00e7alo vai iniciar, a partir do dia 5 de maio, as obras de revitaliza\u00e7\u00e3o em mais um trecho do Jardim Alc\u00e2ntara. Na tarde desta sexta-feira (25), as equipes da Secretaria de Comunica\u00e7\u00e3o Social distribu\u00edram panfletos informativos sobre as mudan\u00e7as que v\u00e3o ocorrer no local.<\/p>\n\n\n\n<p>Na Rua Capit\u00e3o Juvenal Figueiredo, os m\u00f3dulos 1 e 3 j\u00e1 receberam mais de 120 vagas de estacionamento. A nova etapa, no m\u00f3dulo 2, vai incluir cerca de cem novas vagas de estacionamento, cal\u00e7adas renovadas, ilumina\u00e7\u00e3o p\u00fablica de LED e paisagismo, garantindo mais conforto e seguran\u00e7a para a popula\u00e7\u00e3o.<\/p>\n\n\n\n<p>Durante as obras, os clientes e os funcion\u00e1rios do tradicional polo de autope\u00e7as da regi\u00e3o poder\u00e3o estacionar os ve\u00edculos nas vagas dispon\u00edveis em frente \u00e0s lojas por, no m\u00e1ximo, 30 minutos, conforme determina\u00e7\u00e3o da Secretaria de Meio Ambiente e Transportes. Para evitar multas, \u00e9 indicado que os motoristas utilizem os estacionamentos dos m\u00f3dulos 1 e 3.&nbsp;<\/p>\n\n\n\n<p>As interven\u00e7\u00f5es est\u00e3o sendo realizadas com o apoio das Secretarias de Desenvolvimento Econ\u00f4mico, Ordem P\u00fablica e Meio Ambiente e Transportes.<\/p>\n\n\n\n<p><em>Foto: Fabio Guimar\u00e3es<\/em><\/p>\n\n\n\n<p><strong><em>S\u00e3o Gon\u00e7alo vai mudar: Not\u00edcias de S\u00e3o Gon\u00e7alo e toda regi\u00e3o.<\/em><\/strong><\/p>\n\n\n\n<figure class=\"wp-block-image size-large\"><img decoding=\"async\" width=\"1024\" height=\"46\" src=\"https:\/\/sgvaimudar.com.br\/wp-content\/uploads\/2023\/08\/Anuncie-Aqui-Sao-Goncalo-vai-mudar-1024x46.png\" alt=\"\" class=\"wp-image-2740\" srcset=\"https:\/\/sgvaimudar.com.br\/wp-content\/uploads\/2023\/08\/Anuncie-Aqui-Sao-Goncalo-vai-mudar-1024x46.png 1024w, https:\/\/sgvaimudar.com.br\/wp-content\/uploads\/2023\/08\/Anuncie-Aqui-Sao-Goncalo-vai-mudar-300x13.png 300w, https:\/\/sgvaimudar.com.br\/wp-content\/uploads\/2023\/08\/Anuncie-Aqui-Sao-Goncalo-vai-mudar-768x35.png 768w, https:\/\/sgvaimudar.com.br\/wp-content\/uploads\/2023\/08\/Anuncie-Aqui-Sao-Goncalo-vai-mudar-1536x69.png 1536w, https:\/\/sgvaimudar.com.br\/wp-content\/uploads\/2023\/08\/Anuncie-Aqui-Sao-Goncalo-vai-mudar.png 2002w\" sizes=\"(max-width: 1024px) 100vw, 1024px\" \/><\/figure>\n","protected":false},"excerpt":{"rendered":"<p>Moradores e comerciantes da regi\u00e3o receberam informativos nesta sexta-feira&nbsp; A Secretaria de Desenvolvimento Urbano da Prefeitura de S\u00e3o Gon\u00e7alo vai&hellip;<\/p>\n","protected":false},"author":5,"featured_media":24111,"comment_status":"open","ping_status":"open","sticky":false,"template":"","format":"standard","meta":{"fifu_image_url":"","fifu_image_alt":"","footnotes":""},"categories":[3],"tags":[],"class_list":["post-24110","post","type-post","status-publish","format-standard","has-post-thumbnail","hentry","category-sao-goncalo"],"_links":{"self":[{"href":"https:\/\/sgvaimudar.com.br\/index.php\/wp-json\/wp\/v2\/posts\/24110","targetHints":{"allow":["GET"]}}],"collection":[{"href":"https:\/\/sgvaimudar.com.br\/index.php\/wp-json\/wp\/v2\/posts"}],"about":[{"href":"https:\/\/sgvaimudar.com.br\/index.php\/wp-json\/wp\/v2\/types\/post"}],"author":[{"embeddable":true,"href":"https:\/\/sgvaimudar.com.br\/index.php\/wp-json\/wp\/v2\/users\/5"}],"replies":[{"embeddable":true,"href":"https:\/\/sgvaimudar.com.br\/index.php\/wp-json\/wp\/v2\/comments?post=24110"}],"version-history":[{"count":1,"href":"https:\/\/sgvaimudar.com.br\/index.php\/wp-json\/wp\/v2\/posts\/24110\/revisions"}],"predecessor-version":[{"id":24112,"href":"https:\/\/sgvaimudar.com.br\/index.php\/wp-json\/wp\/v2\/posts\/24110\/revisions\/24112"}],"wp:featuredmedia":[{"embeddable":true,"href":"https:\/\/sgvaimudar.com.br\/index.php\/wp-json\/wp\/v2\/media\/24111"}],"wp:attachment":[{"href":"https:\/\/sgvaimudar.com.br\/index.php\/wp-json\/wp\/v2\/media?parent=24110"}],"wp:term":[{"taxonomy":"category","embeddable":true,"href":"https:\/\/sgvaimudar.com.br\/index.php\/wp-json\/wp\/v2\/categories?post=24110"},{"taxonomy":"post_tag","embeddable":true,"href":"https:\/\/sgvaimudar.com.br\/index.php\/wp-json\/wp\/v2\/tags?post=24110"}],"curies":[{"name":"wp","href":"https:\/\/api.w.org\/{rel}","templated":true}]}}