{"id":24100,"date":"2025-04-26T09:00:00","date_gmt":"2025-04-26T12:00:00","guid":{"rendered":"https:\/\/sgvaimudar.com.br\/?p=24100"},"modified":"2025-04-26T05:16:37","modified_gmt":"2025-04-26T08:16:37","slug":"policia-civil-prende-dois-criminosos-envolvidos-em-latrocinio-de-motorista-de-aplicativo","status":"publish","type":"post","link":"https:\/\/sgvaimudar.com.br\/index.php\/2025\/04\/26\/policia-civil-prende-dois-criminosos-envolvidos-em-latrocinio-de-motorista-de-aplicativo\/","title":{"rendered":"Pol\u00edcia Civil prende dois criminosos envolvidos em latroc\u00ednio de motorista de aplicativo"},"content":{"rendered":"\n<p>Os policiais civis da Delegacia de Homic\u00eddios da Capital (DHC) prenderam, nesta sexta-feira (25\/04), dois envolvidos no latroc\u00ednio que vitimou o motorista de aplicativo Patrick Scialom Fran\u00e7a, no in\u00edcio de abril, no Rio Comprido. Os criminosos foram capturados na comunidade Praia da Rosa, na Ilha do Governador, na Zona Norte do Rio.<\/p>\n\n\n\n<p>Segundo os agentes, ap\u00f3s informa\u00e7\u00f5es de intelig\u00eancia, foi realizada uma a\u00e7\u00e3o na localidade, onde foi poss\u00edvel encontrar e prender os dois homens. Ele foi detido em flagrante com uma motocicleta vermelha, produto de roubo, e vai responder pelo crime de recepta\u00e7\u00e3o. <\/p>\n\n\n\n<p>De acordo com as investiga\u00e7\u00f5es, o homem \u00e9 apontado como o batedor do bando e a moto apreendida nesta sexta foi utilizada no latroc\u00ednio. A autoridade policial j\u00e1 representou por sua pris\u00e3o tempor\u00e1ria.<\/p>\n\n\n\n<p>O segundo autor foi localizado em um outro ponto da comunidade. Contra ele, havia um mandado de pris\u00e3o tempor\u00e1ria.<\/p>\n\n\n\n<p>A dupla est\u00e1 envolvida no crime que aconteceu no dia 6 de abril. Os criminosos subtra\u00edram os pertences da v\u00edtima e a mataram. Na ocasi\u00e3o, o motorista entrou em luta corporal com um dos autores, e outro efetuou um disparo fatal. Ele faleceu ainda no local.<\/p>\n\n\n\n<p>As investiga\u00e7\u00f5es continuam para identificar os demais envolvidos no crime.<\/p>\n\n\n\n<p><strong><em>Fa\u00e7a sua den\u00fancia pelo nosso WhatsApp: (21) <\/em><\/strong><strong><em>99744 5345<\/em><\/strong><strong><em><\/em><\/strong><\/p>\n\n\n\n<p><strong><em>S\u00e3o Gon\u00e7alo vai mudar: Not\u00edcias de S\u00e3o Gon\u00e7alo e toda regi\u00e3o.<\/em><\/strong><\/p>\n\n\n\n<figure class=\"wp-block-image size-large\"><img decoding=\"async\" width=\"1024\" height=\"46\" src=\"https:\/\/sgvaimudar.com.br\/wp-content\/uploads\/2023\/08\/Anuncie-Aqui-Sao-Goncalo-vai-mudar-1024x46.png\" alt=\"\" class=\"wp-image-2740\" srcset=\"https:\/\/sgvaimudar.com.br\/wp-content\/uploads\/2023\/08\/Anuncie-Aqui-Sao-Goncalo-vai-mudar-1024x46.png 1024w, https:\/\/sgvaimudar.com.br\/wp-content\/uploads\/2023\/08\/Anuncie-Aqui-Sao-Goncalo-vai-mudar-300x13.png 300w, https:\/\/sgvaimudar.com.br\/wp-content\/uploads\/2023\/08\/Anuncie-Aqui-Sao-Goncalo-vai-mudar-768x35.png 768w, https:\/\/sgvaimudar.com.br\/wp-content\/uploads\/2023\/08\/Anuncie-Aqui-Sao-Goncalo-vai-mudar-1536x69.png 1536w, https:\/\/sgvaimudar.com.br\/wp-content\/uploads\/2023\/08\/Anuncie-Aqui-Sao-Goncalo-vai-mudar.png 2002w\" sizes=\"(max-width: 1024px) 100vw, 1024px\" \/><\/figure>\n","protected":false},"excerpt":{"rendered":"<p>Os policiais civis da Delegacia de Homic\u00eddios da Capital (DHC) prenderam, nesta sexta-feira (25\/04), dois envolvidos no latroc\u00ednio que vitimou&hellip;<\/p>\n","protected":false},"author":5,"featured_media":14386,"comment_status":"open","ping_status":"open","sticky":false,"template":"","format":"standard","meta":{"fifu_image_url":"","fifu_image_alt":"","footnotes":""},"categories":[32],"tags":[],"class_list":["post-24100","post","type-post","status-publish","format-standard","has-post-thumbnail","hentry","category-casos-de-policia"],"_links":{"self":[{"href":"https:\/\/sgvaimudar.com.br\/index.php\/wp-json\/wp\/v2\/posts\/24100","targetHints":{"allow":["GET"]}}],"collection":[{"href":"https:\/\/sgvaimudar.com.br\/index.php\/wp-json\/wp\/v2\/posts"}],"about":[{"href":"https:\/\/sgvaimudar.com.br\/index.php\/wp-json\/wp\/v2\/types\/post"}],"author":[{"embeddable":true,"href":"https:\/\/sgvaimudar.com.br\/index.php\/wp-json\/wp\/v2\/users\/5"}],"replies":[{"embeddable":true,"href":"https:\/\/sgvaimudar.com.br\/index.php\/wp-json\/wp\/v2\/comments?post=24100"}],"version-history":[{"count":1,"href":"https:\/\/sgvaimudar.com.br\/index.php\/wp-json\/wp\/v2\/posts\/24100\/revisions"}],"predecessor-version":[{"id":24101,"href":"https:\/\/sgvaimudar.com.br\/index.php\/wp-json\/wp\/v2\/posts\/24100\/revisions\/24101"}],"wp:featuredmedia":[{"embeddable":true,"href":"https:\/\/sgvaimudar.com.br\/index.php\/wp-json\/wp\/v2\/media\/14386"}],"wp:attachment":[{"href":"https:\/\/sgvaimudar.com.br\/index.php\/wp-json\/wp\/v2\/media?parent=24100"}],"wp:term":[{"taxonomy":"category","embeddable":true,"href":"https:\/\/sgvaimudar.com.br\/index.php\/wp-json\/wp\/v2\/categories?post=24100"},{"taxonomy":"post_tag","embeddable":true,"href":"https:\/\/sgvaimudar.com.br\/index.php\/wp-json\/wp\/v2\/tags?post=24100"}],"curies":[{"name":"wp","href":"https:\/\/api.w.org\/{rel}","templated":true}]}}