{"id":24091,"date":"2025-04-25T19:00:00","date_gmt":"2025-04-25T22:00:00","guid":{"rendered":"https:\/\/sgvaimudar.com.br\/?p=24091"},"modified":"2025-04-25T11:39:28","modified_gmt":"2025-04-25T14:39:28","slug":"linhas-intermunicipais-de-onibus-serao-licitadas-em-12-lotes-e-processos-separados","status":"publish","type":"post","link":"https:\/\/sgvaimudar.com.br\/index.php\/2025\/04\/25\/linhas-intermunicipais-de-onibus-serao-licitadas-em-12-lotes-e-processos-separados\/","title":{"rendered":"Linhas intermunicipais de \u00f4nibus ser\u00e3o licitadas em 12 lotes e processos separados"},"content":{"rendered":"\n<p><em>Com a licita\u00e7\u00e3o in\u00e9dita, todas as linhas intermunicipais de \u00f4nibus que circulam no Estado do Rio estar\u00e3o cobertas por contrato, passando a cumprir regras de qualidade mais rigorosas e transparentes<\/em><\/p>\n\n\n\n<p>O Departamento de Transportes Rodovi\u00e1rios do Estado do Rio de Janeiro (Detro-RJ) definiu que o processo licitat\u00f3rio do sistema intermunicipal de transporte de passageiros por \u00f4nibus ser\u00e1 realizado em 12 lotes e processos distintos. Ser\u00e3o oito lotes na Regi\u00e3o Metropolitana e quatro no interior. O objetivo \u00e9 acelerar os tr\u00e2mites e respeitar as especificidades regionais do transporte intermunicipal.&nbsp;<\/p>\n\n\n\n<p>O primeiro processo foi enviado nesta quinta-feira (17\/04) \u00e0 Secretaria de Estado de Transporte e Mobilidade Urbana (Setram). Na sequ\u00eancia, passar\u00e1 pela an\u00e1lise dos \u00f3rg\u00e3os de controle, como a Procuradoria Geral do Estado (PGE) e o Minist\u00e9rio P\u00fablico do Estado do Rio de Janeiro (MPRJ). <\/p>\n\n\n\n<p>Somente ap\u00f3s essa aprova\u00e7\u00e3o ocorrer\u00e1 a publica\u00e7\u00e3o do edital de licita\u00e7\u00e3o. O primeiro lote abrange 48 linhas operadas na Baixada Fluminense, com uma frota m\u00ednima estimada em 361 ve\u00edculos e estimativa de atendimento a tr\u00eas milh\u00f5es de passageiros transportados por m\u00eas.<\/p>\n\n\n\n<p><strong>O que muda<\/strong><\/p>\n\n\n\n<p>Entre os avan\u00e7os previstos na nova licita\u00e7\u00e3o est\u00e3o a exig\u00eancia de uma frota com ar-condicionado em 100% dos ve\u00edculos e idade m\u00e9dia de 4,5 anos (m\u00e1xima de 8 anos) para \u00f4nibus urbanos e de 6 anos (m\u00e1xima de 12 anos) para os rodovi\u00e1rios. O sistema, que transporta atualmente cerca de 32 milh\u00f5es de passageiros por m\u00eas, tamb\u00e9m vai contar com incentivos \u00e0 mudan\u00e7a da matriz energ\u00e9tica, prevendo a utiliza\u00e7\u00e3o de ve\u00edculos movidos a g\u00e1s e eletricidade. No total, ao menos 313 coletivos dever\u00e3o contar com essas tecnologias.&nbsp;<\/p>\n\n\n\n<p>Com a licita\u00e7\u00e3o in\u00e9dita, todas as linhas intermunicipais de \u00f4nibus que circulam no Estado do Rio de Janeiro estar\u00e3o cobertas por contrato, passando a cumprir regras de qualidade mais rigorosas e claras.<\/p>\n\n\n\n<p>A previs\u00e3o \u00e9 que os processos licitat\u00f3rios dos demais lotes sejam finalizados e encaminhados nos pr\u00f3ximos dias, consolidando um passo hist\u00f3rico na reestrutura\u00e7\u00e3o do transporte intermunicipal fluminense. A medida atende a uma demanda antiga da popula\u00e7\u00e3o, representando al\u00edvio para os trabalhadores e garantindo um transporte mais digno e moderno.<\/p>\n\n\n\n<p><strong><em>S\u00e3o Gon\u00e7alo vai mudar: Not\u00edcias de S\u00e3o Gon\u00e7alo e toda regi\u00e3o.<\/em><\/strong><\/p>\n\n\n\n<figure class=\"wp-block-image size-large\"><img decoding=\"async\" width=\"1024\" height=\"46\" src=\"https:\/\/sgvaimudar.com.br\/wp-content\/uploads\/2023\/08\/Anuncie-Aqui-Sao-Goncalo-vai-mudar-1024x46.png\" alt=\"\" class=\"wp-image-2740\" srcset=\"https:\/\/sgvaimudar.com.br\/wp-content\/uploads\/2023\/08\/Anuncie-Aqui-Sao-Goncalo-vai-mudar-1024x46.png 1024w, https:\/\/sgvaimudar.com.br\/wp-content\/uploads\/2023\/08\/Anuncie-Aqui-Sao-Goncalo-vai-mudar-300x13.png 300w, https:\/\/sgvaimudar.com.br\/wp-content\/uploads\/2023\/08\/Anuncie-Aqui-Sao-Goncalo-vai-mudar-768x35.png 768w, https:\/\/sgvaimudar.com.br\/wp-content\/uploads\/2023\/08\/Anuncie-Aqui-Sao-Goncalo-vai-mudar-1536x69.png 1536w, https:\/\/sgvaimudar.com.br\/wp-content\/uploads\/2023\/08\/Anuncie-Aqui-Sao-Goncalo-vai-mudar.png 2002w\" sizes=\"(max-width: 1024px) 100vw, 1024px\" \/><\/figure>\n","protected":false},"excerpt":{"rendered":"<p>Com a licita\u00e7\u00e3o in\u00e9dita, todas as linhas intermunicipais de \u00f4nibus que circulam no Estado do Rio estar\u00e3o cobertas por contrato,&hellip;<\/p>\n","protected":false},"author":5,"featured_media":24092,"comment_status":"open","ping_status":"open","sticky":false,"template":"","format":"standard","meta":{"fifu_image_url":"","fifu_image_alt":"","footnotes":""},"categories":[36],"tags":[],"class_list":["post-24091","post","type-post","status-publish","format-standard","has-post-thumbnail","hentry","category-bem-estar"],"_links":{"self":[{"href":"https:\/\/sgvaimudar.com.br\/index.php\/wp-json\/wp\/v2\/posts\/24091","targetHints":{"allow":["GET"]}}],"collection":[{"href":"https:\/\/sgvaimudar.com.br\/index.php\/wp-json\/wp\/v2\/posts"}],"about":[{"href":"https:\/\/sgvaimudar.com.br\/index.php\/wp-json\/wp\/v2\/types\/post"}],"author":[{"embeddable":true,"href":"https:\/\/sgvaimudar.com.br\/index.php\/wp-json\/wp\/v2\/users\/5"}],"replies":[{"embeddable":true,"href":"https:\/\/sgvaimudar.com.br\/index.php\/wp-json\/wp\/v2\/comments?post=24091"}],"version-history":[{"count":2,"href":"https:\/\/sgvaimudar.com.br\/index.php\/wp-json\/wp\/v2\/posts\/24091\/revisions"}],"predecessor-version":[{"id":24094,"href":"https:\/\/sgvaimudar.com.br\/index.php\/wp-json\/wp\/v2\/posts\/24091\/revisions\/24094"}],"wp:featuredmedia":[{"embeddable":true,"href":"https:\/\/sgvaimudar.com.br\/index.php\/wp-json\/wp\/v2\/media\/24092"}],"wp:attachment":[{"href":"https:\/\/sgvaimudar.com.br\/index.php\/wp-json\/wp\/v2\/media?parent=24091"}],"wp:term":[{"taxonomy":"category","embeddable":true,"href":"https:\/\/sgvaimudar.com.br\/index.php\/wp-json\/wp\/v2\/categories?post=24091"},{"taxonomy":"post_tag","embeddable":true,"href":"https:\/\/sgvaimudar.com.br\/index.php\/wp-json\/wp\/v2\/tags?post=24091"}],"curies":[{"name":"wp","href":"https:\/\/api.w.org\/{rel}","templated":true}]}}