{"id":24070,"date":"2025-04-25T10:59:00","date_gmt":"2025-04-25T13:59:00","guid":{"rendered":"https:\/\/sgvaimudar.com.br\/?p=24070"},"modified":"2025-04-25T10:32:38","modified_gmt":"2025-04-25T13:32:38","slug":"motocicleta-roubada-em-alagoas-e-recuperada-em-silva-jardim-pelo-35o-bpm","status":"publish","type":"post","link":"https:\/\/sgvaimudar.com.br\/index.php\/2025\/04\/25\/motocicleta-roubada-em-alagoas-e-recuperada-em-silva-jardim-pelo-35o-bpm\/","title":{"rendered":"Motocicleta roubada em Alagoas \u00e9 recuperada em Silva Jardim pelo 35\u00ba BPM"},"content":{"rendered":"\n<p><em>Ve\u00edculo, com placa clonada, estava estacionado na Rua Jos\u00e9 Correia de Freitas, no bairro Varginha<\/em><\/p>\n\n\n\n<p>Os policiais do 35\u00ba Batalh\u00e3o de Pol\u00edcia Militar (Itabora\u00ed) recuperaram, na tarde desta quinta-feira (24\/4), uma motocicleta que havia sido roubada em Alagoas. O ve\u00edculo, estava com uma placa clonada e estava estacionado na Rua Jos\u00e9 Correia de Freitas, no bairro Varginha, em Silva Jardim. Um homem, identificado como Renam Pereira Moraes foi preso por recepta\u00e7\u00e3o.<\/p>\n\n\n\n<p>Os agentes estavam em patrulhamento no Bairro Varginha, quando tiveram a aten\u00e7\u00e3o voltada para uma motocicleta XRE, cor preta, ostentando a placa\u00a0 LMJ 2G19,\u00a0estacionada. <\/p>\n\n\n\n<figure class=\"wp-block-video\"><video height=\"850\" style=\"aspect-ratio: 478 \/ 850;\" width=\"478\" controls src=\"https:\/\/sgvaimudar.com.br\/wp-content\/uploads\/2025\/04\/WhatsApp-Video-2025-04-25-at-09.35.54.mp4\"><\/video><\/figure>\n\n\n\n<p>Suspeitando de alguma irregularidade, os agentes fizeram uma consulta pelo n\u00famero do chassi do ve\u00edculo e descobriram que o n\u00famero do motor constava como produto de roubo, pertencente a uma XRE 300, vermelha, placa QLA-4155, R.O. 544\/2018, em Alagoas.<\/p>\n\n\n\n<p>Diante dos fatos foi identificado o propriet\u00e1rio e conduzido \u00e0 120\u00aa DP, onde o acusado permaneceu preso, enquadrado no Art. 180 do CP.<\/p>\n\n\n\n<p>Segundo o comandante do 35\u00ba BPM, tenente coronel J\u00falio Cesar, as opera\u00e7\u00f5es de fiscaliza\u00e7\u00e3o seguem cont\u00ednuas na regi\u00e3o. &#8220;Uma motocicleta roubada, sem placa e que possivelmente estava sendo utilizada para a pr\u00e1tica delituosa. Parab\u00e9ns aos nossos guerreiros das ruas, que est\u00e3o sempre ligados a qualquer sinal de irregularidade e prontos para a a\u00e7\u00e3o. Retirar esses ve\u00edculos das ruas \u00e9 mais seguran\u00e7a para a popula\u00e7\u00e3o&#8221;, assegurou o comandante.<\/p>\n\n\n\n<p>Diante dos fatos foi identificado o propriet\u00e1rio e conduzido \u00e0 120\u00aa DP (Silva Jardim), onde o acusado permaneceu preso, enquadrado no Art. 180 do CP.<\/p>\n\n\n\n<p><strong><em>Fa\u00e7a sua den\u00fancia pelo nosso WhatsApp: (21) <\/em><\/strong><strong><em>99744 5345<\/em><\/strong><strong><em><\/em><\/strong><\/p>\n\n\n\n<p><strong><em>S\u00e3o Gon\u00e7alo vai mudar: Not\u00edcias de S\u00e3o Gon\u00e7alo e toda regi\u00e3o.<\/em><\/strong><\/p>\n\n\n\n<figure class=\"wp-block-image size-large\"><img fetchpriority=\"high\" decoding=\"async\" width=\"1024\" height=\"252\" src=\"https:\/\/sgvaimudar.com.br\/wp-content\/uploads\/2025\/03\/Anuncie-Aqui-Sao-Goncalo-vai-mudar-1024x252.jpg\" alt=\"\" class=\"wp-image-22693\" srcset=\"https:\/\/sgvaimudar.com.br\/wp-content\/uploads\/2025\/03\/Anuncie-Aqui-Sao-Goncalo-vai-mudar-1024x252.jpg 1024w, https:\/\/sgvaimudar.com.br\/wp-content\/uploads\/2025\/03\/Anuncie-Aqui-Sao-Goncalo-vai-mudar-300x74.jpg 300w, https:\/\/sgvaimudar.com.br\/wp-content\/uploads\/2025\/03\/Anuncie-Aqui-Sao-Goncalo-vai-mudar-768x189.jpg 768w, https:\/\/sgvaimudar.com.br\/wp-content\/uploads\/2025\/03\/Anuncie-Aqui-Sao-Goncalo-vai-mudar-1536x378.jpg 1536w, https:\/\/sgvaimudar.com.br\/wp-content\/uploads\/2025\/03\/Anuncie-Aqui-Sao-Goncalo-vai-mudar-2048x504.jpg 2048w\" sizes=\"(max-width: 1024px) 100vw, 1024px\" \/><\/figure>\n","protected":false},"excerpt":{"rendered":"<p>Ve\u00edculo, com placa clonada, estava estacionado na Rua Jos\u00e9 Correia de Freitas, no bairro Varginha Os policiais do 35\u00ba Batalh\u00e3o&hellip;<\/p>\n","protected":false},"author":5,"featured_media":24071,"comment_status":"open","ping_status":"open","sticky":false,"template":"","format":"standard","meta":{"fifu_image_url":"","fifu_image_alt":"","footnotes":""},"categories":[32],"tags":[],"class_list":["post-24070","post","type-post","status-publish","format-standard","has-post-thumbnail","hentry","category-casos-de-policia"],"_links":{"self":[{"href":"https:\/\/sgvaimudar.com.br\/index.php\/wp-json\/wp\/v2\/posts\/24070","targetHints":{"allow":["GET"]}}],"collection":[{"href":"https:\/\/sgvaimudar.com.br\/index.php\/wp-json\/wp\/v2\/posts"}],"about":[{"href":"https:\/\/sgvaimudar.com.br\/index.php\/wp-json\/wp\/v2\/types\/post"}],"author":[{"embeddable":true,"href":"https:\/\/sgvaimudar.com.br\/index.php\/wp-json\/wp\/v2\/users\/5"}],"replies":[{"embeddable":true,"href":"https:\/\/sgvaimudar.com.br\/index.php\/wp-json\/wp\/v2\/comments?post=24070"}],"version-history":[{"count":1,"href":"https:\/\/sgvaimudar.com.br\/index.php\/wp-json\/wp\/v2\/posts\/24070\/revisions"}],"predecessor-version":[{"id":24074,"href":"https:\/\/sgvaimudar.com.br\/index.php\/wp-json\/wp\/v2\/posts\/24070\/revisions\/24074"}],"wp:featuredmedia":[{"embeddable":true,"href":"https:\/\/sgvaimudar.com.br\/index.php\/wp-json\/wp\/v2\/media\/24071"}],"wp:attachment":[{"href":"https:\/\/sgvaimudar.com.br\/index.php\/wp-json\/wp\/v2\/media?parent=24070"}],"wp:term":[{"taxonomy":"category","embeddable":true,"href":"https:\/\/sgvaimudar.com.br\/index.php\/wp-json\/wp\/v2\/categories?post=24070"},{"taxonomy":"post_tag","embeddable":true,"href":"https:\/\/sgvaimudar.com.br\/index.php\/wp-json\/wp\/v2\/tags?post=24070"}],"curies":[{"name":"wp","href":"https:\/\/api.w.org\/{rel}","templated":true}]}}