{"id":24052,"date":"2025-04-25T10:00:00","date_gmt":"2025-04-25T13:00:00","guid":{"rendered":"https:\/\/sgvaimudar.com.br\/?p=24052"},"modified":"2025-04-25T09:26:10","modified_gmt":"2025-04-25T12:26:10","slug":"moradores-do-mutuaguacu-celebram-diminuicao-de-alagamentos-gracas-as-obras-da-prefeitura","status":"publish","type":"post","link":"https:\/\/sgvaimudar.com.br\/index.php\/2025\/04\/25\/moradores-do-mutuaguacu-celebram-diminuicao-de-alagamentos-gracas-as-obras-da-prefeitura\/","title":{"rendered":"Moradores do Mutuagua\u00e7u celebram diminui\u00e7\u00e3o de alagamentos gra\u00e7as \u00e0s obras da Prefeitura"},"content":{"rendered":"\n<p><em>Pacote de obras de macrodrenagem inclui tamb\u00e9m os bairros Mutu\u00e1 e Porto do Rosa<\/em><\/p>\n\n\n\n<p>Os moradores dos bairros Mutu\u00e1, Mutuagua\u00e7u e Porto do Rosa est\u00e3o rindo \u00e0 toa. Eles acompanham diariamente a rotina das obras que transformam a regi\u00e3o. A principal mudan\u00e7a est\u00e1 no fato de as obras, mesmo n\u00e3o tendo sido finalizadas ainda, j\u00e1 estarem resolvendo um dos problemas cr\u00f4nicos que assolam a regi\u00e3o h\u00e1 anos: os alagamentos.<\/p>\n\n\n\n<p>\u00c9 o que afirma a aposentada Clarinda Rodrigues, de 70 anos, que mora no bairro Mutuagua\u00e7u h\u00e1 65 anos. &#8220;As obras est\u00e3o uma b\u00ean\u00e7\u00e3o! Minha m\u00e3e morreu lamentando que n\u00e3o ia ver isso aqui asfaltado, mas eu vou ver. O Capit\u00e3o Nelson \u00e9 uma b\u00ean\u00e7\u00e3o. Nunca havia tido nenhuma obra aqui. O bairro alagava muito e era complicado para a gente sair, mas com a obra isso mudou. As \u00faltimas chuvas j\u00e1 n\u00e3o alagaram tanto o nosso bairro. Os meninos aqui da obra trabalham todos os dias, fa\u00e7a chuva ou fa\u00e7a sol e eu sempre dou um lanchinho para eles pelo belo trabalho&#8221;, ressaltou.<\/p>\n\n\n\n<figure class=\"wp-block-image size-large\"><img fetchpriority=\"high\" decoding=\"async\" width=\"1024\" height=\"681\" src=\"https:\/\/sgvaimudar.com.br\/wp-content\/uploads\/2025\/04\/unnamed-7-9-1024x681.jpg\" alt=\"\" class=\"wp-image-24053\" srcset=\"https:\/\/sgvaimudar.com.br\/wp-content\/uploads\/2025\/04\/unnamed-7-9-1024x681.jpg 1024w, https:\/\/sgvaimudar.com.br\/wp-content\/uploads\/2025\/04\/unnamed-7-9-300x199.jpg 300w, https:\/\/sgvaimudar.com.br\/wp-content\/uploads\/2025\/04\/unnamed-7-9-768x511.jpg 768w, https:\/\/sgvaimudar.com.br\/wp-content\/uploads\/2025\/04\/unnamed-7-9-1536x1021.jpg 1536w, https:\/\/sgvaimudar.com.br\/wp-content\/uploads\/2025\/04\/unnamed-7-9-2048x1362.jpg 2048w\" sizes=\"(max-width: 1024px) 100vw, 1024px\" \/><\/figure>\n\n\n\n<p>Para Edinaldo Pereira de Azevedo, de 79 anos, que mora na Rua Lib\u00f3rio Viana, no Mutuagua\u00e7u, h\u00e1 50 anos, a obra tamb\u00e9m \u00e9 sin\u00f4nimo de melhoria.<\/p>\n\n\n\n<p>&#8220;As obras est\u00e3o muito boas! Est\u00e1 melhorando! Nosso bairro alagava muito e j\u00e1 n\u00e3o alaga mais. Aqui, era ch\u00e3o de terra, n\u00e3o tinha asfalto e agora vamos ter. Era ruim at\u00e9 para o carro passar aqui e agora vai melhorar&#8221;, disse.<\/p>\n\n\n\n<p>O pacote de obras inclui ainda constru\u00e7\u00e3o de cal\u00e7adas e pavimenta\u00e7\u00e3o.<\/p>\n\n\n\n<p><strong>Sobre as interven\u00e7\u00f5es<\/strong>&nbsp;&#8211; As interven\u00e7\u00f5es, que v\u00eam sendo feitas pela Prefeitura de S\u00e3o Gon\u00e7alo, est\u00e3o recebendo um investimento de R$ 38 milh\u00f5es e v\u00e3o beneficiar mais de 10 mil gon\u00e7alenses, entre moradores e pessoas que circulam pela regi\u00e3o.<\/p>\n\n\n\n<p>Ao todo, 16 vias j\u00e1 estavam inclusas no projeto da obra, sendo elas: Avenida Paula Lemos (parte) e ruas General Canrobert, Professor Altivo (parte), Padre Nicolau Luiz, Lib\u00f3rio Viana, \u00c1lvaro Costa, David Alves, Ismael Passos, Cust\u00f3dio Duarte, Capit\u00e3o Crisanto Bastos, Ricardo Jorge, Guimar\u00e3es Passos, Diogo Pereira, Fernandes Mendon\u00e7a, In\u00e1cio Feij\u00f3 e uma via sem nome.<\/p>\n\n\n\n<p>Recentemente foram inclu\u00eddos trechos de novas ruas no projeto: Avenida Professor Josu\u00e9 de Castro, Rua Maria Batista da Costa, Travessa Jo\u00e3o Correia, Rua Coronel. Camis\u00e3o e Rua Florisbela Palmier.<\/p>\n\n\n\n<p><em>Foto: Julio Diniz<\/em><\/p>\n\n\n\n<p><strong><em>S\u00e3o Gon\u00e7alo vai mudar: Not\u00edcias de S\u00e3o Gon\u00e7alo e toda regi\u00e3o.<\/em><\/strong><\/p>\n\n\n\n<figure class=\"wp-block-image size-large\"><img decoding=\"async\" width=\"1024\" height=\"252\" src=\"https:\/\/sgvaimudar.com.br\/wp-content\/uploads\/2025\/03\/Anuncie-Aqui-Sao-Goncalo-vai-mudar-1024x252.jpg\" alt=\"\" class=\"wp-image-22693\" srcset=\"https:\/\/sgvaimudar.com.br\/wp-content\/uploads\/2025\/03\/Anuncie-Aqui-Sao-Goncalo-vai-mudar-1024x252.jpg 1024w, https:\/\/sgvaimudar.com.br\/wp-content\/uploads\/2025\/03\/Anuncie-Aqui-Sao-Goncalo-vai-mudar-300x74.jpg 300w, https:\/\/sgvaimudar.com.br\/wp-content\/uploads\/2025\/03\/Anuncie-Aqui-Sao-Goncalo-vai-mudar-768x189.jpg 768w, https:\/\/sgvaimudar.com.br\/wp-content\/uploads\/2025\/03\/Anuncie-Aqui-Sao-Goncalo-vai-mudar-1536x378.jpg 1536w, https:\/\/sgvaimudar.com.br\/wp-content\/uploads\/2025\/03\/Anuncie-Aqui-Sao-Goncalo-vai-mudar-2048x504.jpg 2048w\" sizes=\"(max-width: 1024px) 100vw, 1024px\" \/><\/figure>\n","protected":false},"excerpt":{"rendered":"<p>Pacote de obras de macrodrenagem inclui tamb\u00e9m os bairros Mutu\u00e1 e Porto do Rosa Os moradores dos bairros Mutu\u00e1, Mutuagua\u00e7u&hellip;<\/p>\n","protected":false},"author":5,"featured_media":24054,"comment_status":"open","ping_status":"open","sticky":false,"template":"","format":"standard","meta":{"fifu_image_url":"","fifu_image_alt":"","footnotes":""},"categories":[3],"tags":[],"class_list":["post-24052","post","type-post","status-publish","format-standard","has-post-thumbnail","hentry","category-sao-goncalo"],"_links":{"self":[{"href":"https:\/\/sgvaimudar.com.br\/index.php\/wp-json\/wp\/v2\/posts\/24052","targetHints":{"allow":["GET"]}}],"collection":[{"href":"https:\/\/sgvaimudar.com.br\/index.php\/wp-json\/wp\/v2\/posts"}],"about":[{"href":"https:\/\/sgvaimudar.com.br\/index.php\/wp-json\/wp\/v2\/types\/post"}],"author":[{"embeddable":true,"href":"https:\/\/sgvaimudar.com.br\/index.php\/wp-json\/wp\/v2\/users\/5"}],"replies":[{"embeddable":true,"href":"https:\/\/sgvaimudar.com.br\/index.php\/wp-json\/wp\/v2\/comments?post=24052"}],"version-history":[{"count":2,"href":"https:\/\/sgvaimudar.com.br\/index.php\/wp-json\/wp\/v2\/posts\/24052\/revisions"}],"predecessor-version":[{"id":24057,"href":"https:\/\/sgvaimudar.com.br\/index.php\/wp-json\/wp\/v2\/posts\/24052\/revisions\/24057"}],"wp:featuredmedia":[{"embeddable":true,"href":"https:\/\/sgvaimudar.com.br\/index.php\/wp-json\/wp\/v2\/media\/24054"}],"wp:attachment":[{"href":"https:\/\/sgvaimudar.com.br\/index.php\/wp-json\/wp\/v2\/media?parent=24052"}],"wp:term":[{"taxonomy":"category","embeddable":true,"href":"https:\/\/sgvaimudar.com.br\/index.php\/wp-json\/wp\/v2\/categories?post=24052"},{"taxonomy":"post_tag","embeddable":true,"href":"https:\/\/sgvaimudar.com.br\/index.php\/wp-json\/wp\/v2\/tags?post=24052"}],"curies":[{"name":"wp","href":"https:\/\/api.w.org\/{rel}","templated":true}]}}