{"id":24037,"date":"2025-04-25T08:27:36","date_gmt":"2025-04-25T11:27:36","guid":{"rendered":"https:\/\/sgvaimudar.com.br\/?p=24037"},"modified":"2025-04-25T08:27:37","modified_gmt":"2025-04-25T11:27:37","slug":"mais-duas-creches-serao-entregues-pela-prefeitura","status":"publish","type":"post","link":"https:\/\/sgvaimudar.com.br\/index.php\/2025\/04\/25\/mais-duas-creches-serao-entregues-pela-prefeitura\/","title":{"rendered":"Mais duas creches ser\u00e3o entregues pela Prefeitura"},"content":{"rendered":"\n<p><em>Unidades da educa\u00e7\u00e3o infantil funcionar\u00e3o em hor\u00e1rio integral<\/em><\/p>\n\n\n\n<p>As constru\u00e7\u00f5es de duas novas creches municipais de S\u00e3o Gon\u00e7alo avan\u00e7am. No bairro Porto do Rosa, a obra est\u00e1 em fase de finaliza\u00e7\u00e3o, com ajustes, aplica\u00e7\u00e3o de rejunte e instala\u00e7\u00e3o de ar condicionado. No bairro Jardim Miriambi, a creche est\u00e1 recebendo pintura, acabamentos de cer\u00e2mica, al\u00e9m da constru\u00e7\u00e3o de um campo de futebol society e uma pra\u00e7a para a comunidade.<\/p>\n\n\n\n<p>A\u00a0iniciativa garante o aumento da oferta de vagas na modalidade Educa\u00e7\u00e3o Infantil, em pontos estrat\u00e9gicos da cidade. A Prefeitura de S\u00e3o Gon\u00e7alo j\u00e1 entregou, recentemente, tr\u00eas novas creches, nos bairros Marambaia, Almerinda e Jardim Bom Retiro que atendem, cada uma, a 100 alunos em hor\u00e1rio integral. As obras das novas unidades est\u00e3o previstas para serem entregues ainda no primeiro semestre de 2025.<\/p>\n\n\n\n<figure class=\"wp-block-image size-large\"><img fetchpriority=\"high\" decoding=\"async\" width=\"1024\" height=\"684\" src=\"https:\/\/sgvaimudar.com.br\/wp-content\/uploads\/2025\/04\/unnamed-5-13-1024x684.jpg\" alt=\"\" class=\"wp-image-24038\" srcset=\"https:\/\/sgvaimudar.com.br\/wp-content\/uploads\/2025\/04\/unnamed-5-13-1024x684.jpg 1024w, https:\/\/sgvaimudar.com.br\/wp-content\/uploads\/2025\/04\/unnamed-5-13-300x200.jpg 300w, https:\/\/sgvaimudar.com.br\/wp-content\/uploads\/2025\/04\/unnamed-5-13-768x513.jpg 768w, https:\/\/sgvaimudar.com.br\/wp-content\/uploads\/2025\/04\/unnamed-5-13-1536x1027.jpg 1536w, https:\/\/sgvaimudar.com.br\/wp-content\/uploads\/2025\/04\/unnamed-5-13.jpg 1616w\" sizes=\"(max-width: 1024px) 100vw, 1024px\" \/><\/figure>\n\n\n\n<p>O projeto das novas unidades escolares \u00e9 padronizado, contando com oito salas de aula com banheiros adaptados infantis, frald\u00e1rio, cozinha, refeit\u00f3rio, salas para espa\u00e7os alternativos e toda a estrutura para atender aos alunos.<\/p>\n\n\n\n<p>As constru\u00e7\u00f5es cumprem uma das metas do Plano Estrat\u00e9gico Novos Rumos e s\u00e3o fruto de um projeto de capta\u00e7\u00e3o de recursos da Secretaria de Gest\u00e3o Integrada e Projetos Especiais (Semgipe), em parceria com a Secretaria de Educa\u00e7\u00e3o da Prefeitura de S\u00e3o Gon\u00e7alo.<\/p>\n\n\n\n<figure class=\"wp-block-image size-large\"><img decoding=\"async\" width=\"1024\" height=\"684\" src=\"https:\/\/sgvaimudar.com.br\/wp-content\/uploads\/2025\/04\/unnamed-6-10-1024x684.jpg\" alt=\"\" class=\"wp-image-24040\" srcset=\"https:\/\/sgvaimudar.com.br\/wp-content\/uploads\/2025\/04\/unnamed-6-10-1024x684.jpg 1024w, https:\/\/sgvaimudar.com.br\/wp-content\/uploads\/2025\/04\/unnamed-6-10-300x200.jpg 300w, https:\/\/sgvaimudar.com.br\/wp-content\/uploads\/2025\/04\/unnamed-6-10-768x513.jpg 768w, https:\/\/sgvaimudar.com.br\/wp-content\/uploads\/2025\/04\/unnamed-6-10-1536x1027.jpg 1536w, https:\/\/sgvaimudar.com.br\/wp-content\/uploads\/2025\/04\/unnamed-6-10.jpg 1616w\" sizes=\"(max-width: 1024px) 100vw, 1024px\" \/><\/figure>\n\n\n\n<p><em>Fotos: Renan Otto<\/em><\/p>\n\n\n\n<p><strong><em>S\u00e3o Gon\u00e7alo vai mudar: Not\u00edcias de S\u00e3o Gon\u00e7alo e toda regi\u00e3o.<\/em><\/strong><\/p>\n\n\n\n<figure class=\"wp-block-image size-large\"><img decoding=\"async\" width=\"1024\" height=\"252\" src=\"https:\/\/sgvaimudar.com.br\/wp-content\/uploads\/2025\/03\/Anuncie-Aqui-Sao-Goncalo-vai-mudar-1024x252.jpg\" alt=\"\" class=\"wp-image-22693\" srcset=\"https:\/\/sgvaimudar.com.br\/wp-content\/uploads\/2025\/03\/Anuncie-Aqui-Sao-Goncalo-vai-mudar-1024x252.jpg 1024w, https:\/\/sgvaimudar.com.br\/wp-content\/uploads\/2025\/03\/Anuncie-Aqui-Sao-Goncalo-vai-mudar-300x74.jpg 300w, https:\/\/sgvaimudar.com.br\/wp-content\/uploads\/2025\/03\/Anuncie-Aqui-Sao-Goncalo-vai-mudar-768x189.jpg 768w, https:\/\/sgvaimudar.com.br\/wp-content\/uploads\/2025\/03\/Anuncie-Aqui-Sao-Goncalo-vai-mudar-1536x378.jpg 1536w, https:\/\/sgvaimudar.com.br\/wp-content\/uploads\/2025\/03\/Anuncie-Aqui-Sao-Goncalo-vai-mudar-2048x504.jpg 2048w\" sizes=\"(max-width: 1024px) 100vw, 1024px\" \/><\/figure>\n","protected":false},"excerpt":{"rendered":"<p>Unidades da educa\u00e7\u00e3o infantil funcionar\u00e3o em hor\u00e1rio integral As constru\u00e7\u00f5es de duas novas creches municipais de S\u00e3o Gon\u00e7alo avan\u00e7am. No&hellip;<\/p>\n","protected":false},"author":5,"featured_media":24039,"comment_status":"open","ping_status":"open","sticky":false,"template":"","format":"standard","meta":{"fifu_image_url":"","fifu_image_alt":"","footnotes":""},"categories":[3],"tags":[],"class_list":["post-24037","post","type-post","status-publish","format-standard","has-post-thumbnail","hentry","category-sao-goncalo"],"_links":{"self":[{"href":"https:\/\/sgvaimudar.com.br\/index.php\/wp-json\/wp\/v2\/posts\/24037","targetHints":{"allow":["GET"]}}],"collection":[{"href":"https:\/\/sgvaimudar.com.br\/index.php\/wp-json\/wp\/v2\/posts"}],"about":[{"href":"https:\/\/sgvaimudar.com.br\/index.php\/wp-json\/wp\/v2\/types\/post"}],"author":[{"embeddable":true,"href":"https:\/\/sgvaimudar.com.br\/index.php\/wp-json\/wp\/v2\/users\/5"}],"replies":[{"embeddable":true,"href":"https:\/\/sgvaimudar.com.br\/index.php\/wp-json\/wp\/v2\/comments?post=24037"}],"version-history":[{"count":1,"href":"https:\/\/sgvaimudar.com.br\/index.php\/wp-json\/wp\/v2\/posts\/24037\/revisions"}],"predecessor-version":[{"id":24041,"href":"https:\/\/sgvaimudar.com.br\/index.php\/wp-json\/wp\/v2\/posts\/24037\/revisions\/24041"}],"wp:featuredmedia":[{"embeddable":true,"href":"https:\/\/sgvaimudar.com.br\/index.php\/wp-json\/wp\/v2\/media\/24039"}],"wp:attachment":[{"href":"https:\/\/sgvaimudar.com.br\/index.php\/wp-json\/wp\/v2\/media?parent=24037"}],"wp:term":[{"taxonomy":"category","embeddable":true,"href":"https:\/\/sgvaimudar.com.br\/index.php\/wp-json\/wp\/v2\/categories?post=24037"},{"taxonomy":"post_tag","embeddable":true,"href":"https:\/\/sgvaimudar.com.br\/index.php\/wp-json\/wp\/v2\/tags?post=24037"}],"curies":[{"name":"wp","href":"https:\/\/api.w.org\/{rel}","templated":true}]}}