{"id":24005,"date":"2025-04-24T12:00:00","date_gmt":"2025-04-24T15:00:00","guid":{"rendered":"https:\/\/sgvaimudar.com.br\/?p=24005"},"modified":"2025-04-24T09:34:53","modified_gmt":"2025-04-24T12:34:53","slug":"itaborai-participa-de-forum-regional-sobre-agricultura-sustentavel-e-reforca-compromisso-com-desenvolvimento-rural","status":"publish","type":"post","link":"https:\/\/sgvaimudar.com.br\/index.php\/2025\/04\/24\/itaborai-participa-de-forum-regional-sobre-agricultura-sustentavel-e-reforca-compromisso-com-desenvolvimento-rural\/","title":{"rendered":"Itabora\u00ed participa de F\u00f3rum Regional sobre Agricultura Sustent\u00e1vel e refor\u00e7a compromisso com desenvolvimento rural"},"content":{"rendered":"\n<p>A Prefeitura de Itabora\u00ed, representada pela Secretaria Municipal de Agricultura (Semagri), marcou presen\u00e7a no III F\u00f3rum Tem\u00e1tico da C\u00e2mara T\u00e9cnica de Agricultura e Pesca do Conleste (CTAP), realizado recentemente em Guapimirim. O evento, teve como tema \u201cSistemas Agroalimentares Sustent\u00e1veis\u201d e reuniu especialistas e gestores p\u00fablicos para discutir inova\u00e7\u00f5es e solu\u00e7\u00f5es voltadas ao fortalecimento da bioeconomia agr\u00edcola na regi\u00e3o.<\/p>\n\n\n\n<p>O destaque do f\u00f3rum foi a assinatura da Carta de Inten\u00e7\u00f5es para um Acordo de Coopera\u00e7\u00e3o T\u00e9cnica entre a Embrapa e o Conleste, que abriu caminho para futuras parcerias em pesquisa e desenvolvimento rural. <\/p>\n\n\n\n<p>O secret\u00e1rio municipal de Agricultura de Itabora\u00ed e Presidente da C\u00e2mara T\u00e9cnica de Agricultura e Pesca do Conleste, Ab\u00edlio Pereira, presente no evento, refor\u00e7ou o papel estrat\u00e9gico do munic\u00edpio e do estado.<\/p>\n\n\n\n<p>\u201cO Rio de Janeiro \u00e9 o \u00fanico estado onde todos os munic\u00edpios praticam pelo menos uma atividade de produ\u00e7\u00e3o rural, como agricultura, pesca, pecu\u00e1ria bovina e pecu\u00e1ria leiteira. E fazemos com que isso seja refer\u00eancia n\u00e3o s\u00f3 em quantidade, mas em qualidade. Itabora\u00ed est\u00e1 comprometida em ampliar essa excel\u00eancia, aliando tradi\u00e7\u00e3o e sustentabilidade\u201d, declarou o secret\u00e1rio.<\/p>\n\n\n\n<p>O f\u00f3rum contou com palestras de especialistas da Embrapa. Entre elas, explana\u00e7\u00f5es da Dra. Cristhiane Am\u00e2ncio, Embrapa Agrobiologia; da Dra. Edna Oliveira, da Embrapa Agroind\u00fastria de Alimentos; e Dra. Gizele Bedendo, da Embrapa Solos.<\/p>\n\n\n\n<p>As discuss\u00f5es abordaram desde t\u00e9cnicas de manejo sustent\u00e1vel at\u00e9 pol\u00edticas p\u00fablicas para fortalecer a cadeia agroalimentar regional. A Prefeitura de Itabora\u00ed, por meio da Semagri, j\u00e1 planeja disseminar as informa\u00e7\u00f5es t\u00e9cnicas debatidas no f\u00f3rum para produtores rurais locais, com capacita\u00e7\u00f5es e projetos alinhados ao acordo com a Embrapa.<\/p>\n\n\n\n<p><strong><em>S\u00e3o Gon\u00e7alo vai mudar: Not\u00edcias de S\u00e3o Gon\u00e7alo e toda regi\u00e3o.<\/em><\/strong><\/p>\n\n\n\n<figure class=\"wp-block-image size-large\"><img fetchpriority=\"high\" decoding=\"async\" width=\"1024\" height=\"252\" src=\"https:\/\/sgvaimudar.com.br\/wp-content\/uploads\/2025\/03\/Anuncie-Aqui-Sao-Goncalo-vai-mudar-1024x252.jpg\" alt=\"\" class=\"wp-image-22693\" srcset=\"https:\/\/sgvaimudar.com.br\/wp-content\/uploads\/2025\/03\/Anuncie-Aqui-Sao-Goncalo-vai-mudar-1024x252.jpg 1024w, https:\/\/sgvaimudar.com.br\/wp-content\/uploads\/2025\/03\/Anuncie-Aqui-Sao-Goncalo-vai-mudar-300x74.jpg 300w, https:\/\/sgvaimudar.com.br\/wp-content\/uploads\/2025\/03\/Anuncie-Aqui-Sao-Goncalo-vai-mudar-768x189.jpg 768w, https:\/\/sgvaimudar.com.br\/wp-content\/uploads\/2025\/03\/Anuncie-Aqui-Sao-Goncalo-vai-mudar-1536x378.jpg 1536w, https:\/\/sgvaimudar.com.br\/wp-content\/uploads\/2025\/03\/Anuncie-Aqui-Sao-Goncalo-vai-mudar-2048x504.jpg 2048w\" sizes=\"(max-width: 1024px) 100vw, 1024px\" \/><\/figure>\n","protected":false},"excerpt":{"rendered":"<p>A Prefeitura de Itabora\u00ed, representada pela Secretaria Municipal de Agricultura (Semagri), marcou presen\u00e7a no III F\u00f3rum Tem\u00e1tico da C\u00e2mara T\u00e9cnica&hellip;<\/p>\n","protected":false},"author":5,"featured_media":24006,"comment_status":"open","ping_status":"open","sticky":false,"template":"","format":"standard","meta":{"fifu_image_url":"","fifu_image_alt":"","footnotes":""},"categories":[36],"tags":[],"class_list":["post-24005","post","type-post","status-publish","format-standard","has-post-thumbnail","hentry","category-bem-estar"],"_links":{"self":[{"href":"https:\/\/sgvaimudar.com.br\/index.php\/wp-json\/wp\/v2\/posts\/24005","targetHints":{"allow":["GET"]}}],"collection":[{"href":"https:\/\/sgvaimudar.com.br\/index.php\/wp-json\/wp\/v2\/posts"}],"about":[{"href":"https:\/\/sgvaimudar.com.br\/index.php\/wp-json\/wp\/v2\/types\/post"}],"author":[{"embeddable":true,"href":"https:\/\/sgvaimudar.com.br\/index.php\/wp-json\/wp\/v2\/users\/5"}],"replies":[{"embeddable":true,"href":"https:\/\/sgvaimudar.com.br\/index.php\/wp-json\/wp\/v2\/comments?post=24005"}],"version-history":[{"count":1,"href":"https:\/\/sgvaimudar.com.br\/index.php\/wp-json\/wp\/v2\/posts\/24005\/revisions"}],"predecessor-version":[{"id":24007,"href":"https:\/\/sgvaimudar.com.br\/index.php\/wp-json\/wp\/v2\/posts\/24005\/revisions\/24007"}],"wp:featuredmedia":[{"embeddable":true,"href":"https:\/\/sgvaimudar.com.br\/index.php\/wp-json\/wp\/v2\/media\/24006"}],"wp:attachment":[{"href":"https:\/\/sgvaimudar.com.br\/index.php\/wp-json\/wp\/v2\/media?parent=24005"}],"wp:term":[{"taxonomy":"category","embeddable":true,"href":"https:\/\/sgvaimudar.com.br\/index.php\/wp-json\/wp\/v2\/categories?post=24005"},{"taxonomy":"post_tag","embeddable":true,"href":"https:\/\/sgvaimudar.com.br\/index.php\/wp-json\/wp\/v2\/tags?post=24005"}],"curies":[{"name":"wp","href":"https:\/\/api.w.org\/{rel}","templated":true}]}}