{"id":23990,"date":"2025-04-24T08:29:00","date_gmt":"2025-04-24T11:29:00","guid":{"rendered":"https:\/\/sgvaimudar.com.br\/?p=23990"},"modified":"2025-04-24T08:31:48","modified_gmt":"2025-04-24T11:31:48","slug":"suspeito-de-gerenciar-trafico-em-comunidade-de-marica-e-preso-em-carro-de-particular","status":"publish","type":"post","link":"https:\/\/sgvaimudar.com.br\/index.php\/2025\/04\/24\/suspeito-de-gerenciar-trafico-em-comunidade-de-marica-e-preso-em-carro-de-particular\/","title":{"rendered":"Suspeito de gerenciar tr\u00e1fico em comunidade de Maric\u00e1 \u00e9 preso em carro de particular"},"content":{"rendered":"\n<p><em>Bruno de Oliveira Brito, de 32 anos, vulgo <strong>BR<\/strong>, \u00e9 apontado como gerente geral da Linha em S\u00e3o Jos\u00e9 de Imbassa\u00ed<\/em><\/p>\n\n\n\n<p>Apontado como gerente geral da Comunidade da Linha, em S\u00e3o Jos\u00e9 de Imbassa\u00ed, em Maric\u00e1, Bruno de Oliveira Brito, de 32 anos, vulgo <strong><em>BR<\/em><\/strong>, foi preso, na noite desta quarta-feira (23), por policiais do 12\u00ba Batalh\u00e3o de Pol\u00edcia Militar. Ele estava dentro de um carro particular de transportes quando foi abordado. <\/p>\n\n\n\n<p>O suspeito estava com uma pistola. Bruno havia fugido do sistema prisional, onde cumpria pena pelos crimes de roubo, tr\u00e1fico de drogas, recepta\u00e7\u00e3o. De acordo com a Pol\u00edcia Militar, o suspeito tem perfil violento e j\u00e1 havia cometido um homic\u00eddio. <\/p>\n\n\n\n<figure class=\"wp-block-image size-large\"><img fetchpriority=\"high\" decoding=\"async\" width=\"1024\" height=\"768\" src=\"https:\/\/sgvaimudar.com.br\/wp-content\/uploads\/2025\/04\/WhatsApp-Image-2025-04-24-at-07.57.52-1-1024x768.jpeg\" alt=\"\" class=\"wp-image-23991\" srcset=\"https:\/\/sgvaimudar.com.br\/wp-content\/uploads\/2025\/04\/WhatsApp-Image-2025-04-24-at-07.57.52-1-1024x768.jpeg 1024w, https:\/\/sgvaimudar.com.br\/wp-content\/uploads\/2025\/04\/WhatsApp-Image-2025-04-24-at-07.57.52-1-300x225.jpeg 300w, https:\/\/sgvaimudar.com.br\/wp-content\/uploads\/2025\/04\/WhatsApp-Image-2025-04-24-at-07.57.52-1-768x576.jpeg 768w, https:\/\/sgvaimudar.com.br\/wp-content\/uploads\/2025\/04\/WhatsApp-Image-2025-04-24-at-07.57.52-1-1536x1152.jpeg 1536w, https:\/\/sgvaimudar.com.br\/wp-content\/uploads\/2025\/04\/WhatsApp-Image-2025-04-24-at-07.57.52-1-2048x1536.jpeg 2048w\" sizes=\"(max-width: 1024px) 100vw, 1024px\" \/><\/figure>\n\n\n\n<p><strong>DIN\u00c2MICA<\/strong>: De acordo com os militares, uma guarni\u00e7\u00e3o em patrulhamento teve a aten\u00e7\u00e3o voltada para o ve\u00edculo Ford KA, branco, placa BAN9F32, que ao perceber a presen\u00e7a dos policiais levantou suspeitas, pois o passageiro que estava no banco de tr\u00e1s tentou se esconder se abaixando e fazendo movimentos bruscos.<\/p>\n\n\n\n<p>Na a\u00e7\u00e3o, ap\u00f3s os pms darem a ordem de parada, de abaixar os vidros e desembarcar, o motorista n\u00e3o acatou a ordem e ap\u00f3s o realizar cerco t\u00e1tico o ve\u00edculo foi abordado.<\/p>\n\n\n\n<p>Ao desembarcar, <strong><em>BR<\/em><\/strong> foi encontrado com um coldre de pistola na cintura e confessou ter deixado a arma no ve\u00edculo, j\u00e1 o motorista relatou que fazia viagens particulares para o passageiro, sem o uso dos aplicativos de viagens.<\/p>\n\n\n\n<p>No mesmo momento foi feito contato com o servi\u00e7o reservado (P2) e solicitado a vida pregressa de <strong><em>BR<\/em><\/strong> onde foi constatado um mandado de pris\u00e3o pendente pelo crime de roubo, tr\u00e1fico de drogas, recepta\u00e7\u00e3o.<\/p>\n\n\n\n<p>Diante dos fatos os policiais procederam para \u00e0 82\u00aa DP com os envolvidos. <strong><em>BR<\/em><\/strong> foi  autuado pelo crime de porte ilegal de arma de fogo e foi cumprido o mandado de pris\u00e3o dele.<\/p>\n\n\n\n<p><strong><em>Fa\u00e7a sua den\u00fancia pelo nosso WhatsApp: (21) <\/em><\/strong><strong><em>99744 5345<\/em><\/strong><strong><em><\/em><\/strong><\/p>\n\n\n\n<p><strong><em>S\u00e3o Gon\u00e7alo vai mudar: Not\u00edcias de S\u00e3o Gon\u00e7alo e toda regi\u00e3o.<\/em><\/strong><\/p>\n\n\n\n<figure class=\"wp-block-image size-large\"><img decoding=\"async\" width=\"1024\" height=\"252\" src=\"https:\/\/sgvaimudar.com.br\/wp-content\/uploads\/2025\/03\/Anuncie-Aqui-Sao-Goncalo-vai-mudar-1024x252.jpg\" alt=\"\" class=\"wp-image-22693\" srcset=\"https:\/\/sgvaimudar.com.br\/wp-content\/uploads\/2025\/03\/Anuncie-Aqui-Sao-Goncalo-vai-mudar-1024x252.jpg 1024w, https:\/\/sgvaimudar.com.br\/wp-content\/uploads\/2025\/03\/Anuncie-Aqui-Sao-Goncalo-vai-mudar-300x74.jpg 300w, https:\/\/sgvaimudar.com.br\/wp-content\/uploads\/2025\/03\/Anuncie-Aqui-Sao-Goncalo-vai-mudar-768x189.jpg 768w, https:\/\/sgvaimudar.com.br\/wp-content\/uploads\/2025\/03\/Anuncie-Aqui-Sao-Goncalo-vai-mudar-1536x378.jpg 1536w, https:\/\/sgvaimudar.com.br\/wp-content\/uploads\/2025\/03\/Anuncie-Aqui-Sao-Goncalo-vai-mudar-2048x504.jpg 2048w\" sizes=\"(max-width: 1024px) 100vw, 1024px\" \/><\/figure>\n","protected":false},"excerpt":{"rendered":"<p>Bruno de Oliveira Brito, de 32 anos, vulgo BR, \u00e9 apontado como gerente geral da Linha em S\u00e3o Jos\u00e9 de&hellip;<\/p>\n","protected":false},"author":5,"featured_media":23992,"comment_status":"open","ping_status":"open","sticky":false,"template":"","format":"standard","meta":{"fifu_image_url":"","fifu_image_alt":"","footnotes":""},"categories":[32],"tags":[],"class_list":["post-23990","post","type-post","status-publish","format-standard","has-post-thumbnail","hentry","category-casos-de-policia"],"_links":{"self":[{"href":"https:\/\/sgvaimudar.com.br\/index.php\/wp-json\/wp\/v2\/posts\/23990","targetHints":{"allow":["GET"]}}],"collection":[{"href":"https:\/\/sgvaimudar.com.br\/index.php\/wp-json\/wp\/v2\/posts"}],"about":[{"href":"https:\/\/sgvaimudar.com.br\/index.php\/wp-json\/wp\/v2\/types\/post"}],"author":[{"embeddable":true,"href":"https:\/\/sgvaimudar.com.br\/index.php\/wp-json\/wp\/v2\/users\/5"}],"replies":[{"embeddable":true,"href":"https:\/\/sgvaimudar.com.br\/index.php\/wp-json\/wp\/v2\/comments?post=23990"}],"version-history":[{"count":2,"href":"https:\/\/sgvaimudar.com.br\/index.php\/wp-json\/wp\/v2\/posts\/23990\/revisions"}],"predecessor-version":[{"id":23994,"href":"https:\/\/sgvaimudar.com.br\/index.php\/wp-json\/wp\/v2\/posts\/23990\/revisions\/23994"}],"wp:featuredmedia":[{"embeddable":true,"href":"https:\/\/sgvaimudar.com.br\/index.php\/wp-json\/wp\/v2\/media\/23992"}],"wp:attachment":[{"href":"https:\/\/sgvaimudar.com.br\/index.php\/wp-json\/wp\/v2\/media?parent=23990"}],"wp:term":[{"taxonomy":"category","embeddable":true,"href":"https:\/\/sgvaimudar.com.br\/index.php\/wp-json\/wp\/v2\/categories?post=23990"},{"taxonomy":"post_tag","embeddable":true,"href":"https:\/\/sgvaimudar.com.br\/index.php\/wp-json\/wp\/v2\/tags?post=23990"}],"curies":[{"name":"wp","href":"https:\/\/api.w.org\/{rel}","templated":true}]}}