{"id":23963,"date":"2025-04-23T11:00:00","date_gmt":"2025-04-23T14:00:00","guid":{"rendered":"https:\/\/sgvaimudar.com.br\/?p=23963"},"modified":"2025-04-23T09:16:12","modified_gmt":"2025-04-23T12:16:12","slug":"obras-do-governo-do-estado-transformam-a-mobilidade-urbana-com-ciclovias-na-regiao-metropolitana","status":"publish","type":"post","link":"https:\/\/sgvaimudar.com.br\/index.php\/2025\/04\/23\/obras-do-governo-do-estado-transformam-a-mobilidade-urbana-com-ciclovias-na-regiao-metropolitana\/","title":{"rendered":"Obras do Governo do Estado transformam a mobilidade urbana com ciclovias na Regi\u00e3o Metropolitana"},"content":{"rendered":"\n<p><em>Projetos da Secretaria das Cidades em Itabora\u00ed e S\u00e3o Gon\u00e7alo promovem alternativas sustent\u00e1veis de transporte para os moradores<\/em><\/p>\n\n\n\n<p>Diante do crescente desafio frente aos eventos clim\u00e1ticos extremos, o Governo do Estado do Rio de Janeiro se empenha em preparar suas cidades para um futuro mais sustent\u00e1vel. Um exemplo dessa preocupa\u00e7\u00e3o \u00e9 a implementa\u00e7\u00e3o de mais de 30 km de ciclovias na Regi\u00e3o Metropolitana, em projetos da Secretaria das Cidades que tem o objetivo de transformar a mobilidade urbana. A iniciativa alcan\u00e7a os munic\u00edpios de Itabora\u00ed e S\u00e3o Gon\u00e7alo.<\/p>\n\n\n\n<p>Um dos projetos destacados \u00e9 o da Avenida 22 de Maio, em Itabora\u00ed, que conta com um investimento superior a R$ 264 milh\u00f5es, beneficiando diretamente cerca de 225 mil moradores. As obras incluem pavimenta\u00e7\u00e3o, reurbaniza\u00e7\u00e3o, drenagem, sinaliza\u00e7\u00e3o vi\u00e1ria e arboriza\u00e7\u00e3o, e abrangem a implanta\u00e7\u00e3o de 9,6 km de ciclovias. <\/p>\n\n\n\n<figure class=\"wp-block-image size-large\"><img fetchpriority=\"high\" decoding=\"async\" width=\"1024\" height=\"768\" src=\"https:\/\/sgvaimudar.com.br\/wp-content\/uploads\/2025\/04\/WhatsApp-Image-2025-04-22-at-19.13.26-1024x768.jpeg\" alt=\"\" class=\"wp-image-23964\" srcset=\"https:\/\/sgvaimudar.com.br\/wp-content\/uploads\/2025\/04\/WhatsApp-Image-2025-04-22-at-19.13.26-1024x768.jpeg 1024w, https:\/\/sgvaimudar.com.br\/wp-content\/uploads\/2025\/04\/WhatsApp-Image-2025-04-22-at-19.13.26-300x225.jpeg 300w, https:\/\/sgvaimudar.com.br\/wp-content\/uploads\/2025\/04\/WhatsApp-Image-2025-04-22-at-19.13.26-768x576.jpeg 768w, https:\/\/sgvaimudar.com.br\/wp-content\/uploads\/2025\/04\/WhatsApp-Image-2025-04-22-at-19.13.26-1536x1152.jpeg 1536w, https:\/\/sgvaimudar.com.br\/wp-content\/uploads\/2025\/04\/WhatsApp-Image-2025-04-22-at-19.13.26.jpeg 1600w\" sizes=\"(max-width: 1024px) 100vw, 1024px\" \/><\/figure>\n\n\n\n<p>Al\u00e9m disso, o projeto contempla \u00e1reas de lazer e esportes, como uma quadra de v\u00f4lei de areia e espa\u00e7os dedicados ao futmesa, juntamente com a constru\u00e7\u00e3o de um laj\u00e3o sobre a via. Ao todo, cinco bairros e 16 vias ser\u00e3o integrados.<\/p>\n\n\n\n<p>-A constru\u00e7\u00e3o desses mais de 30 quil\u00f4metros de ciclovias na Regi\u00e3o Metropolitana faz parte de um investimento estrat\u00e9gico que alia infraestrutura moderna, sustentabilidade ambiental e bem-estar social, avan\u00e7ando em dire\u00e7\u00e3o a um modelo de desenvolvimento mais equilibrado, humano e resiliente. Com as novas rotas ciclovi\u00e1rias, estamos oferecendo \u00e0 popula\u00e7\u00e3o alternativas seguras e saud\u00e1veis de mobilidade \u2013 destaca o governador Cl\u00e1udio Castro.<\/p>\n\n\n\n<p>O estudante Lu\u00eds Eduardo Melo, de 17 anos, do bairro Retiro S\u00e3o Joaquim, em Itabora\u00ed, \u00e9 um dos moradores que se beneficiam da nova ciclovia. Ele utiliza a bicicleta para se deslocar pelo centro da cidade e destaca a import\u00e2ncia dessa infraestrutura para a mobilidade urbana.<\/p>\n\n\n\n<ul class=\"wp-block-list\">\n<li>Usar a bicicleta para me locomover \u00e9 fundamental. Ter ciclovias melhora a mobilidade e incentiva a pr\u00e1tica de esportes na cidade &#8211; afirma.<\/li>\n<\/ul>\n\n\n\n<p>Na cidade vizinha, S\u00e3o Gon\u00e7alo, dois projetos significativos tamb\u00e9m preveem a constru\u00e7\u00e3o de ciclovias. O MUVI (Mobilidade Urbana Verde Integrada) \u00e9 um deles, com um investimento superior a R$ 310 milh\u00f5es. Essa parceria entre a Prefeitura de S\u00e3o Gon\u00e7alo e o Governo do Estado ter\u00e1 18 km de extens\u00e3o, que j\u00e1 conta com alguns trechos liberados para o p\u00fablico, e ao t\u00e9rmino das obras, ligar\u00e1 Guaxindiba a Neves, passando por mais de 18 bairros e incorporando ciclovias, \u00e1reas de conviv\u00eancia e espa\u00e7os arborizados. Al\u00e9m disso, ser\u00e3o instalados 76 biciclet\u00e1rios em seis pontos estrat\u00e9gicos.<\/p>\n\n\n\n<p>Outro projeto, a Ciclorrota, contar\u00e1 com um investimento superior a R$ 12 milh\u00f5es e prev\u00ea a constru\u00e7\u00e3o de 4,4 km de pista sinalizada e exclusiva para ciclistas, ligando o bairro Raul Veiga \u00e0 Pra\u00e7a Get\u00falio Vargas, no Rocha. Essa iniciativa tamb\u00e9m inclui novos cal\u00e7amentos e \u00e1reas verdes, promovendo conviv\u00eancia comunit\u00e1ria.<\/p>\n\n\n\n<p>-Construir ciclovias e oferecer op\u00e7\u00f5es de mobilidade sustent\u00e1veis est\u00e1 alinhado \u00e0s diretrizes do governador Cl\u00e1udio Castro, que visa preparar nossas cidades para os desafios impostos por eventos clim\u00e1ticos extremos &#8211; ressalta o secret\u00e1rio Douglas Ruas.<\/p>\n\n\n\n<p>Wellington Mota, vendedor que utiliza diariamente o trecho da ciclovia j\u00e1 liberada do MUVI, compartilha sua experi\u00eancia.<\/p>\n\n\n\n<p>-Ap\u00f3s a libera\u00e7\u00e3o de parte da ciclovia, notamos um aumento significativo de pessoas praticando esportes e usando a bicicleta como meio de transporte. Agora, a ciclovia proporciona mais seguran\u00e7a aos ciclistas e promove alternativas sustent\u00e1veis de mobilidade \u2013 enfatizou o vendedor.<\/p>\n\n\n\n<p><strong><em>S\u00e3o Gon\u00e7alo vai mudar: Not\u00edcias de S\u00e3o Gon\u00e7alo e toda regi\u00e3o.<\/em><\/strong><\/p>\n\n\n\n<figure class=\"wp-block-image size-large\"><img decoding=\"async\" width=\"1024\" height=\"252\" src=\"https:\/\/sgvaimudar.com.br\/wp-content\/uploads\/2025\/03\/Anuncie-Aqui-Sao-Goncalo-vai-mudar-1024x252.jpg\" alt=\"\" class=\"wp-image-22693\" srcset=\"https:\/\/sgvaimudar.com.br\/wp-content\/uploads\/2025\/03\/Anuncie-Aqui-Sao-Goncalo-vai-mudar-1024x252.jpg 1024w, https:\/\/sgvaimudar.com.br\/wp-content\/uploads\/2025\/03\/Anuncie-Aqui-Sao-Goncalo-vai-mudar-300x74.jpg 300w, https:\/\/sgvaimudar.com.br\/wp-content\/uploads\/2025\/03\/Anuncie-Aqui-Sao-Goncalo-vai-mudar-768x189.jpg 768w, https:\/\/sgvaimudar.com.br\/wp-content\/uploads\/2025\/03\/Anuncie-Aqui-Sao-Goncalo-vai-mudar-1536x378.jpg 1536w, https:\/\/sgvaimudar.com.br\/wp-content\/uploads\/2025\/03\/Anuncie-Aqui-Sao-Goncalo-vai-mudar-2048x504.jpg 2048w\" sizes=\"(max-width: 1024px) 100vw, 1024px\" \/><\/figure>\n","protected":false},"excerpt":{"rendered":"<p>Projetos da Secretaria das Cidades em Itabora\u00ed e S\u00e3o Gon\u00e7alo promovem alternativas sustent\u00e1veis de transporte para os moradores Diante do&hellip;<\/p>\n","protected":false},"author":5,"featured_media":23965,"comment_status":"open","ping_status":"open","sticky":false,"template":"","format":"standard","meta":{"fifu_image_url":"","fifu_image_alt":"","footnotes":""},"categories":[36],"tags":[],"class_list":["post-23963","post","type-post","status-publish","format-standard","has-post-thumbnail","hentry","category-bem-estar"],"_links":{"self":[{"href":"https:\/\/sgvaimudar.com.br\/index.php\/wp-json\/wp\/v2\/posts\/23963","targetHints":{"allow":["GET"]}}],"collection":[{"href":"https:\/\/sgvaimudar.com.br\/index.php\/wp-json\/wp\/v2\/posts"}],"about":[{"href":"https:\/\/sgvaimudar.com.br\/index.php\/wp-json\/wp\/v2\/types\/post"}],"author":[{"embeddable":true,"href":"https:\/\/sgvaimudar.com.br\/index.php\/wp-json\/wp\/v2\/users\/5"}],"replies":[{"embeddable":true,"href":"https:\/\/sgvaimudar.com.br\/index.php\/wp-json\/wp\/v2\/comments?post=23963"}],"version-history":[{"count":1,"href":"https:\/\/sgvaimudar.com.br\/index.php\/wp-json\/wp\/v2\/posts\/23963\/revisions"}],"predecessor-version":[{"id":23966,"href":"https:\/\/sgvaimudar.com.br\/index.php\/wp-json\/wp\/v2\/posts\/23963\/revisions\/23966"}],"wp:featuredmedia":[{"embeddable":true,"href":"https:\/\/sgvaimudar.com.br\/index.php\/wp-json\/wp\/v2\/media\/23965"}],"wp:attachment":[{"href":"https:\/\/sgvaimudar.com.br\/index.php\/wp-json\/wp\/v2\/media?parent=23963"}],"wp:term":[{"taxonomy":"category","embeddable":true,"href":"https:\/\/sgvaimudar.com.br\/index.php\/wp-json\/wp\/v2\/categories?post=23963"},{"taxonomy":"post_tag","embeddable":true,"href":"https:\/\/sgvaimudar.com.br\/index.php\/wp-json\/wp\/v2\/tags?post=23963"}],"curies":[{"name":"wp","href":"https:\/\/api.w.org\/{rel}","templated":true}]}}